{"id":668,"date":"2023-10-02T18:56:26","date_gmt":"2023-10-02T21:56:26","guid":{"rendered":"https:\/\/portalinconfidentes.com.br\/?p=668"},"modified":"2023-10-02T18:56:26","modified_gmt":"2023-10-02T21:56:26","slug":"o-segredo-para-envelhecer-bem","status":"publish","type":"post","link":"https:\/\/portalinconfidentes.com.br\/index.php\/2023\/10\/02\/o-segredo-para-envelhecer-bem\/","title":{"rendered":"O segredo para envelhecer bem"},"content":{"rendered":"\n<p><em>O diferencial do trabalho da LBV no fortalecimento da cidadania e no cuidado com os idosos&nbsp;<\/em><\/p>\n\n\n\n<p>O envelhecimento \u00e9 um processo natural em que os anos passam a ser recheados de hist\u00f3rias e muitos aprendizados. Al\u00e9m da sabedoria simbolizada pelos cabelos brancos, essa fase \u00e9 uma oportunidade de adquirir conhecimentos, de ter viv\u00eancias inusitadas e realizar atividades que agregam boas experi\u00eancias \u00e0 nossa jornada.&nbsp;&nbsp;<\/p>\n\n\n\n<p>Reconhecendo a import\u00e2ncia das pessoas idosas e valorizando suas hist\u00f3rias de vida, a Legi\u00e3o da Boa Vontade (LBV) empreende esfor\u00e7os para que elas experimentem a terceira idade de forma plena, com sa\u00fade e alegria. Em suas unidades, a Entidade zela pelo bem-estar de seus atendidos, preservando sua dignidade, minimizando os fatores de risco t\u00edpicos dessa fase da exist\u00eancia e tamb\u00e9m oferecendo orienta\u00e7\u00e3o \u00e0s fam\u00edlias sobre o cuidado com seus entes queridos e consigo mesmos.&nbsp;<\/p>\n\n\n\n<p><strong>Tempo de aprender&nbsp;<\/strong><\/p>\n\n\n\n<p>Segundo a psic\u00f3loga cl\u00ednica e especialista em avalia\u00e7\u00e3o neuropsicol\u00f3gica, com mestrado em Gerontologia Biom\u00e9dica pela Escola de Medicina \u2014 Instituto de Geriatria e Gerontologia (PUC-RS), dra. Francelise de Freitas, a pessoa idosa normalmente tem uma redu\u00e7\u00e3o da aten\u00e7\u00e3o, da mem\u00f3ria e at\u00e9 uma pequena desorienta\u00e7\u00e3o espacial. Ao&nbsp;<em>\u201c<\/em><em>aprender algo novo ela \u2018desenferruja\u2019 o c\u00e9rebro, pois o coloca para funcionar\u201d<\/em>. Da\u00ed a relev\u00e2ncia do cont\u00ednuo processo de aprendizado. Ali\u00e1s, um grande aliado do envelhecimento saud\u00e1vel \u00e9 o acesso \u00e0 cultura. Para a profissional, a arte tem um efeito significativo na mente do idoso:&nbsp;<em>\u201c<\/em><em>Voc\u00ea est\u00e1 estimulando a cogni\u00e7\u00e3o e o c\u00e9rebro, que \u00e9 um m\u00fasculo. Ent\u00e3o, tem muito a ver com a parte cognitiva e emocional, est\u00e1 tudo no mesmo pacote\u201d<\/em>, finaliza a especialista.&nbsp;<\/p>\n\n\n\n<p><strong>V\u00ednculos s\u00f3lidos&nbsp;<\/strong><\/p>\n\n\n\n<p>Segundo Joslaine Santos, assistente social do Centro Comunit\u00e1rio de Assist\u00eancia Social da LBV no bairro Cidade Dutra em S\u00e3o Paulo\/SP,&nbsp;<em>\u201c<\/em><em>Os idosos precisam ter atividades e a\u00e7\u00f5es afirmativas para que eles consigam envelhecer de uma forma ativa, saud\u00e1vel e humanizada\u201d<\/em>. Em sua opini\u00e3o, \u00e9 necess\u00e1rio cultivar a paci\u00eancia e promover o di\u00e1logo e a Solidariedade entre semelhantes:&nbsp;<em>\u201c<\/em><em>O contato com a arte traz a quest\u00e3o terap\u00eautica e algumas reflex\u00f5es da pr\u00f3pria vida deles [&#8230;]. Eles v\u00e3o construindo la\u00e7os e fortalecendo v\u00ednculos\u201d<\/em>.<\/p>\n\n\n\n<p><strong>Integrados na sociedade&nbsp;<\/strong><\/p>\n\n\n\n<p>Assim, se refor\u00e7a o sentimento de pertencimento dos usu\u00e1rios, fazendo com que se sintam inclu\u00eddos na sociedade. Nesse sentido, a Entidade cumpre papel vital na conquista e na melhoria da qualidade de vida deles, evidenciando o seu valor na sociedade e oferecendo-lhes um ambiente onde possam se sentir valorizados e cuidados. Nesse contexto, o servi\u00e7o&nbsp;<em>Vida Plena&nbsp;<\/em>\u00e9 voltado para idosos e incentiva a conviv\u00eancia, o fortalecimento de v\u00ednculos e o di\u00e1logo, justamente para que esse per\u00edodo seja vivenciado de forma ampla e irrestrita:&nbsp;<em>\u201c<\/em><em>Na LBV mostram que pode ter qualidade de vida na melhor idade, isso aqui \u00e9 maravilhoso. A LBV \u00e9 um lugar que voc\u00ea se sente acolhido, porque \u00e9 abra\u00e7ado. L\u00e1 fora nos veem como velhos, aqui tu te sentes uma pessoa muito importante\u201d,<\/em>&nbsp;revela Silvarina da Silva, de 60 anos, atendida pela Entidade em Porto Alegre\/RS.&nbsp;&nbsp;<\/p>\n\n\n\n<p><strong>A arte de envelhecer&nbsp;<\/strong><\/p>\n\n\n\n<p>Nesse m\u00eas de outubro em que se comemoram o Dia Internacional da Pessoa Idosa e o Dia da M\u00fasica, a Legi\u00e3o da Boa Vontade agradece aos seus doadores e volunt\u00e1rios por contribu\u00edrem para um envelhecimento digno, saud\u00e1vel e de qualidade a milhares de idosos atendidos pela Institui\u00e7\u00e3o no Brasil.&nbsp;&nbsp;<\/p>\n\n\n\n<p>Conhe\u00e7a as a\u00e7\u00f5es da LBV&nbsp;em&nbsp;<a href=\"http:\/\/www.lbv.org\/\" rel=\"noreferrer noopener\" target=\"_blank\">www.lbv.org<\/a><\/p>\n","protected":false},"excerpt":{"rendered":"<p>Dia da Pessoa Idosa<\/p>\n","protected":false},"author":1,"featured_media":669,"comment_status":"open","ping_status":"open","sticky":false,"template":"","format":"standard","meta":{"footnotes":"","_jetpack_memberships_contains_paid_content":false,"jetpack_publicize_message":"","jetpack_publicize_feature_enabled":true,"jetpack_social_post_already_shared":true,"jetpack_social_options":{"image_generator_settings":{"template":"highway","enabled":false}}},"categories":[1],"tags":[],"jetpack_publicize_connections":[],"views":17058,"jetpack_sharing_enabled":true,"jetpack_featured_media_url":"https:\/\/i0.wp.com\/portalinconfidentes.com.br\/wp-content\/uploads\/2023\/10\/lbvv.jpg?fit=800%2C533&ssl=1","_links":{"self":[{"href":"https:\/\/portalinconfidentes.com.br\/index.php\/wp-json\/wp\/v2\/posts\/668"}],"collection":[{"href":"https:\/\/portalinconfidentes.com.br\/index.php\/wp-json\/wp\/v2\/posts"}],"about":[{"href":"https:\/\/portalinconfidentes.com.br\/index.php\/wp-json\/wp\/v2\/types\/post"}],"author":[{"embeddable":true,"href":"https:\/\/portalinconfidentes.com.br\/index.php\/wp-json\/wp\/v2\/users\/1"}],"replies":[{"embeddable":true,"href":"https:\/\/portalinconfidentes.com.br\/index.php\/wp-json\/wp\/v2\/comments?post=668"}],"version-history":[{"count":1,"href":"https:\/\/portalinconfidentes.com.br\/index.php\/wp-json\/wp\/v2\/posts\/668\/revisions"}],"predecessor-version":[{"id":670,"href":"https:\/\/portalinconfidentes.com.br\/index.php\/wp-json\/wp\/v2\/posts\/668\/revisions\/670"}],"wp:featuredmedia":[{"embeddable":true,"href":"https:\/\/portalinconfidentes.com.br\/index.php\/wp-json\/wp\/v2\/media\/669"}],"wp:attachment":[{"href":"https:\/\/portalinconfidentes.com.br\/index.php\/wp-json\/wp\/v2\/media?parent=668"}],"wp:term":[{"taxonomy":"category","embeddable":true,"href":"https:\/\/portalinconfidentes.com.br\/index.php\/wp-json\/wp\/v2\/categories?post=668"},{"taxonomy":"post_tag","embeddable":true,"href":"https:\/\/portalinconfidentes.com.br\/index.php\/wp-json\/wp\/v2\/tags?post=668"}],"curies":[{"name":"wp","href":"https:\/\/api.w.org\/{rel}","templated":true}]}}