{"id":660,"date":"2023-09-25T23:18:07","date_gmt":"2023-09-26T02:18:07","guid":{"rendered":"https:\/\/portalinconfidentes.com.br\/?p=660"},"modified":"2023-09-25T23:18:07","modified_gmt":"2023-09-26T02:18:07","slug":"museu-de-mariana-e-inaugurado-para-ser-nova-referencia-cultural-da-cidade-complexo-conta-com-o-restauro-de-duas-edificacoes-do-seculo-18","status":"publish","type":"post","link":"https:\/\/portalinconfidentes.com.br\/index.php\/2023\/09\/25\/museu-de-mariana-e-inaugurado-para-ser-nova-referencia-cultural-da-cidade-complexo-conta-com-o-restauro-de-duas-edificacoes-do-seculo-18\/","title":{"rendered":"Museu de Mariana \u00e9 inaugurado para ser nova refer\u00eancia cultural da cidade; complexo conta com o restauro de duas edifica\u00e7\u00f5es do s\u00e9culo 18"},"content":{"rendered":"\n<p>O novo equipamento cultural ser\u00e1 inaugurado dia 28 de setembro de 2023, \u00e0s 10h, e<br>j\u00e1 integra roteiro patrimonial e hist\u00f3rico na reabertura da cidade ao turismo<\/p>\n\n\n\n<p><\/p>\n\n\n\n<p>Pouco mais de quatro anos ap\u00f3s o in\u00edcio dos trabalhos, o restauro do complexo que<br>envolve a Igreja de S\u00e3o Francisco de Assis e a Casa do Conde de Assumar foi conclu\u00eddo,<br>assim como a implanta\u00e7\u00e3o do Museu de Mariana, que ser\u00e1 oficialmente inaugurado. O<br>projeto foi coordenado pelo Instituto Pedra, em parceria com a Prefeitura de Mariana<br>e a Arquidiocese de Mariana, apoio do BNDES, patroc\u00ednio do Instituto Cultural Vale,<br>apoio institucional do IPHAN, e viabiliza\u00e7\u00e3o por meio da Lei de Incentivo \u00e0 Cultura do<br>Minist\u00e9rio da Cultura.<br>Localizadas em uma das cidades com maior patrim\u00f4nio arquitet\u00f4nico no pa\u00eds, as<br>edifica\u00e7\u00f5es s\u00e3o exemplares excepcionais da arquitetura colonial brasileira, constru\u00eddas<br>no s\u00e9culo 18, quando Mariana foi tamb\u00e9m capital de Minas Gerais. Ambos im\u00f3veis<br>foram tombados em 1938, no in\u00edcio das atividades do IPHAN e est\u00e3o inseridas no<br>Conjunto Arquitet\u00f4nico e Urban\u00edstico da cidade.<br>Uma programa\u00e7\u00e3o especial est\u00e1 marcada para celebrar com a comunidade<br>marianense a inaugura\u00e7\u00e3o dos equipamentos culturais (veja fim do documento).<br>Um museu de cidade<br>O Museu de Mariana \u00e9 um museu de cidade, que tem o pr\u00f3prio munic\u00edpio como tema<br>central da sua exposi\u00e7\u00e3o de longa dura\u00e7\u00e3o. A proposta \u00e9 de que seja um espa\u00e7o de<br>forma\u00e7\u00e3o, debate e proposi\u00e7\u00e3o, o que requer a participa\u00e7\u00e3o dos moradores n\u00e3o<br>apenas como espectadores, mas como agentes que possam se expressar e se articular<br>no novo espa\u00e7o p\u00fablico.<br>A Casa do Conde de Assumar \u00e9 a primeira sede do Museu, que ter\u00e1 sua continuidade<br>em uma outra edifica\u00e7\u00e3o a ser restaurada futuramente, na Rua Direita.<br>O visitante \u00e9 convidado a interpretar o passado e pensar o presente tendo como<br>refer\u00eancia a pr\u00f3pria cidade. \u201cCostumamos ouvir que uma cidade tombada \u00e9 um<\/p>\n\n\n\n<p>museu; no Museu de Mariana, as rela\u00e7\u00f5es entre o que est\u00e1 dentro e o que est\u00e1 fora<br>dialogam e se complementam\u201d, ressalta Luiz Fernando de Almeida, diretor-presidente<br>do Instituto Pedra.<br>A edifica\u00e7\u00e3o \u00e9 o principal item do acervo do museu, e ela n\u00e3o se restringe aos seus<br>ambientes internos expositivos: o complexo conta tamb\u00e9m com um caf\u00e9 e um jardim a<br>c\u00e9u aberto, todos acess\u00edveis. \u201cO Museu de Mariana \u00e9 dedicado aos cidad\u00e3os e \u00e9<br>inaugurado com o objetivo de se tornar um novo ponto de encontro e lazer para a<br>comunidade. Um espa\u00e7o para novas hist\u00f3rias, encontros e reencontros com os<br>p\u00fablicos que o visitar\u00e3o\u201d, diz Hugo Barreto, diretor-presidente do Instituto Cultural<br>Vale.<br>O projeto desenvolveu ainda um programa de educa\u00e7\u00e3o patrimonial, o manual de<br>conserva\u00e7\u00e3o dos espa\u00e7os restaurados e um projeto de gest\u00e3o cultural visando a<br>sustentabilidade do local. Al\u00e9m disso, para atuar na equipe do Museu foram<br>contratados moradores e estudantes de Mariana, refor\u00e7ando, assim, a inser\u00e7\u00e3o do<br>novo equipamento na comunidade.<br>\u201cA inaugura\u00e7\u00e3o do Museu de Mariana \u00e9 exemplo de projeto que est\u00e1 aliado n\u00e3o s\u00f3 \u00e0<br>conserva\u00e7\u00e3o do patrim\u00f4nio cultural local, mas tamb\u00e9m ao desenvolvimento social e<br>econ\u00f4mico da regi\u00e3o ao refor\u00e7ar sua atratividade tur\u00edstica. Investir nesse trabalho \u00e9<br>investir no pr\u00f3prio povo marianense\u201d, conclui Aloizio Mercadante, presidente do<br>BNDES.<br>Os patrim\u00f4nios materiais<br>A Igreja de S\u00e3o Francisco de Assis, constru\u00edda entre 1762 e 1794, preserva sistemas<br>construtivos tradicionais do per\u00edodo colonial e um acervo art\u00edstico \u00edmpar, sendo um<br>dos bens culturais mais visitados&nbsp;na cidade de Mariana&nbsp;at\u00e9 a sua interdi\u00e7\u00e3o ocorrida<br>em 2013, devido ao risco de desprendimento de pe\u00e7as estruturais do seu arco-<br>cruzeiro.&nbsp;A constru\u00e7\u00e3o do edif\u00edcio religioso contou com a participa\u00e7\u00e3o de not\u00e1veis<br>arquitetos e artistas como Jos\u00e9 Pereira Arouca, Manuel Costa Atha\u00edde, Francisco Vieira<br>Servas e Francisco Xavier Carneiro.<br>J\u00e1 a Casa do Conde de Assumar, denominada Casa de S\u00e3o Francisco, possui grande<br>relev\u00e2ncia cultural. Com prov\u00e1vel constru\u00e7\u00e3o em 1715 para moradia do governador da<br>Capitania Heredit\u00e1ria de S\u00e3o Paulo e Minas de Ouro \u2013 conde Dom Pedro de Almeida e<br>Portugal \u2013, foi posteriormente a resid\u00eancia de Dom Frei Manoel da Cruz, o primeiro<br>bispo de Mariana.<br>Instituto Pedra<br>O Instituto Pedra \u00e9 uma organiza\u00e7\u00e3o da sociedade civil sem fins lucrativos que<br>desenvolve a\u00e7\u00f5es no campo do patrim\u00f4nio cultural. Possui projetos nos estados do<br>Par\u00e1, Maranh\u00e3o, Minas Gerais, Bahia, Rio de Janeiro e S\u00e3o Paulo como, por exemplo, o<br>projeto de restaura\u00e7\u00e3o de fachadas do Edif\u00edcio Copan e a restaura\u00e7\u00e3o, com cria\u00e7\u00e3o de<br>centro cultural, da Vila Itoror\u00f3 em S\u00e3o Paulo; a recupera\u00e7\u00e3o do complexo<br>arquitet\u00f4nico e acervo hist\u00f3rico do Pal\u00e1cio Itamaraty, no Rio de Janeiro; o invent\u00e1rio<br>do acervo de Frans Krajcberg e a restaura\u00e7\u00e3o do Parque do Queimado na Bahia; a<br>idealiza\u00e7\u00e3o da Escola de Of\u00edcios Tradicionais de Mariana e a restaura\u00e7\u00e3o da Igreja de<\/p>\n\n\n\n<p>S\u00e3o Francisco de Assis e da Casa do Conde de Assumar, em Mariana, entre outros.<br>Visite o site do Instituto Pedra: institutopedra.org.br<br>Instituto Cultural Vale<br>O Instituto Cultural Vale parte do princ\u00edpio de que viver a cultura possibilita \u00e0s pessoas<br>ampliarem sua vis\u00e3o de mundo e criarem novas perspectivas de futuro. Tem um<br>importante papel na transforma\u00e7\u00e3o social e busca democratizar o acesso, fomentar a<br>arte, a cultura, o conhecimento e a difus\u00e3o de diversas express\u00f5es art\u00edsticas do nosso<br>pa\u00eds, ao mesmo tempo em que contribui para o fortalecimento da economia criativa.<br>Nos anos 2020-2022, o Instituto Cultural Vale patrocinou mais de 600 projetos em<br>mais de 24 estados e no Distrito Federal. Dentre eles, uma rede de espa\u00e7os culturais<br>pr\u00f3prios, patrocinados via Lei Federal de Incentivo \u00e0 Cultura, com visita\u00e7\u00e3o gratuita,<br>identidade e voca\u00e7\u00e3o \u00fanicas: Memorial Minas Gerais Vale (MG), Museu Vale (ES),<br>Centro Cultural Vale Maranh\u00e3o (MA) e Casa da Cultura de Cana\u00e3 dos Caraj\u00e1s (PA).<br>Onde tem Cultura, a Vale est\u00e1. Visite o site do Instituto Cultural Vale.<br>BNDES<br>O Banco Nacional de Desenvolvimento Econ\u00f4mico e Social (BNDES) \u00e9 uma empresa<br>p\u00fablica federal vinculada ao Minist\u00e9rio do Desenvolvimento, Ind\u00fastria, Com\u00e9rcio e<br>Servi\u00e7os, sendo o principal instrumento do Governo Federal para financiamento de<br>longo prazo e investimento nos diversos segmentos da economia brasileira.&nbsp;O Sistema<br>BNDES \u00e9 formado por tr\u00eas empresas: o BNDES e suas subsidi\u00e1rias \u2013 a BNDES<br>Participa\u00e7\u00f5es S.A. (BNDESPAR), que atua no mercado de capitais, e a Ag\u00eancia Especial<br>de Financiamento Industrial (FINAME), dedicada ao fomento da produ\u00e7\u00e3o e da<br>comercializa\u00e7\u00e3o de m\u00e1quinas e equipamentos. Visite o site do BNDES: bndes.gov.br<\/p>\n\n\n\n<p>Programa\u00e7\u00e3o Cultural<\/p>\n\n\n\n<figure class=\"wp-block-image size-large\"><img data-attachment-id=\"661\" data-permalink=\"https:\/\/portalinconfidentes.com.br\/index.php\/2023\/09\/25\/museu-de-mariana-e-inaugurado-para-ser-nova-referencia-cultural-da-cidade-complexo-conta-com-o-restauro-de-duas-edificacoes-do-seculo-18\/imagem-do-whatsapp-de-2023-09-25-as-14-47-38\/\" data-orig-file=\"https:\/\/i0.wp.com\/portalinconfidentes.com.br\/wp-content\/uploads\/2023\/09\/Imagem-do-WhatsApp-de-2023-09-25-as-14.47.38.jpg?fit=1152%2C1600&amp;ssl=1\" data-orig-size=\"1152,1600\" data-comments-opened=\"1\" data-image-meta=\"{&quot;aperture&quot;:&quot;0&quot;,&quot;credit&quot;:&quot;&quot;,&quot;camera&quot;:&quot;&quot;,&quot;caption&quot;:&quot;&quot;,&quot;created_timestamp&quot;:&quot;0&quot;,&quot;copyright&quot;:&quot;&quot;,&quot;focal_length&quot;:&quot;0&quot;,&quot;iso&quot;:&quot;0&quot;,&quot;shutter_speed&quot;:&quot;0&quot;,&quot;title&quot;:&quot;&quot;,&quot;orientation&quot;:&quot;0&quot;}\" data-image-title=\"Imagem-do-WhatsApp-de-2023-09-25-as-14.47.38\" data-image-description=\"\" data-image-caption=\"\" data-medium-file=\"https:\/\/i0.wp.com\/portalinconfidentes.com.br\/wp-content\/uploads\/2023\/09\/Imagem-do-WhatsApp-de-2023-09-25-as-14.47.38.jpg?fit=216%2C300&amp;ssl=1\" data-large-file=\"https:\/\/i0.wp.com\/portalinconfidentes.com.br\/wp-content\/uploads\/2023\/09\/Imagem-do-WhatsApp-de-2023-09-25-as-14.47.38.jpg?fit=737%2C1024&amp;ssl=1\" decoding=\"async\" loading=\"lazy\" width=\"737\" height=\"1024\" src=\"https:\/\/i0.wp.com\/portalinconfidentes.com.br\/wp-content\/uploads\/2023\/09\/Imagem-do-WhatsApp-de-2023-09-25-as-14.47.38.jpg?resize=737%2C1024&#038;ssl=1\" alt=\"\" class=\"wp-image-661\" srcset=\"https:\/\/i0.wp.com\/portalinconfidentes.com.br\/wp-content\/uploads\/2023\/09\/Imagem-do-WhatsApp-de-2023-09-25-as-14.47.38.jpg?resize=737%2C1024&amp;ssl=1 737w, https:\/\/i0.wp.com\/portalinconfidentes.com.br\/wp-content\/uploads\/2023\/09\/Imagem-do-WhatsApp-de-2023-09-25-as-14.47.38.jpg?resize=216%2C300&amp;ssl=1 216w, https:\/\/i0.wp.com\/portalinconfidentes.com.br\/wp-content\/uploads\/2023\/09\/Imagem-do-WhatsApp-de-2023-09-25-as-14.47.38.jpg?resize=768%2C1067&amp;ssl=1 768w, https:\/\/i0.wp.com\/portalinconfidentes.com.br\/wp-content\/uploads\/2023\/09\/Imagem-do-WhatsApp-de-2023-09-25-as-14.47.38.jpg?resize=1106%2C1536&amp;ssl=1 1106w, https:\/\/i0.wp.com\/portalinconfidentes.com.br\/wp-content\/uploads\/2023\/09\/Imagem-do-WhatsApp-de-2023-09-25-as-14.47.38.jpg?w=1152&amp;ssl=1 1152w\" sizes=\"(max-width: 737px) 100vw, 737px\" data-recalc-dims=\"1\" \/><\/figure>\n\n\n\n<p>Museu de Mariana<br>Abertura: 28 de setembro de 2023, \u00e0s 10h<br>Visita\u00e7\u00e3o: Quinta a segunda, das 10h \u00e0s 18h; Ter\u00e7a, das 13h \u00e0s 21h; Quarta: Fechado.<br>Ingressos: R$ 10,00 \u2013 inteira \/ R$ 5,00 \u2013 meia.<br>Endere\u00e7o: Rua Jo\u00e3o Pinheiro, 20 \u2013 Mariana \/ MG<\/p>\n\n\n\n<figure class=\"wp-block-image size-full\"><img data-attachment-id=\"662\" data-permalink=\"https:\/\/portalinconfidentes.com.br\/index.php\/2023\/09\/25\/museu-de-mariana-e-inaugurado-para-ser-nova-referencia-cultural-da-cidade-complexo-conta-com-o-restauro-de-duas-edificacoes-do-seculo-18\/programacao\/\" data-orig-file=\"https:\/\/i0.wp.com\/portalinconfidentes.com.br\/wp-content\/uploads\/2023\/09\/programacao.jpg?fit=567%2C464&amp;ssl=1\" data-orig-size=\"567,464\" data-comments-opened=\"1\" data-image-meta=\"{&quot;aperture&quot;:&quot;0&quot;,&quot;credit&quot;:&quot;&quot;,&quot;camera&quot;:&quot;&quot;,&quot;caption&quot;:&quot;&quot;,&quot;created_timestamp&quot;:&quot;0&quot;,&quot;copyright&quot;:&quot;&quot;,&quot;focal_length&quot;:&quot;0&quot;,&quot;iso&quot;:&quot;0&quot;,&quot;shutter_speed&quot;:&quot;0&quot;,&quot;title&quot;:&quot;&quot;,&quot;orientation&quot;:&quot;0&quot;}\" data-image-title=\"programacao\" data-image-description=\"\" data-image-caption=\"\" data-medium-file=\"https:\/\/i0.wp.com\/portalinconfidentes.com.br\/wp-content\/uploads\/2023\/09\/programacao.jpg?fit=300%2C246&amp;ssl=1\" data-large-file=\"https:\/\/i0.wp.com\/portalinconfidentes.com.br\/wp-content\/uploads\/2023\/09\/programacao.jpg?fit=567%2C464&amp;ssl=1\" decoding=\"async\" loading=\"lazy\" width=\"567\" height=\"464\" src=\"https:\/\/i0.wp.com\/portalinconfidentes.com.br\/wp-content\/uploads\/2023\/09\/programacao.jpg?resize=567%2C464&#038;ssl=1\" alt=\"\" class=\"wp-image-662\" srcset=\"https:\/\/i0.wp.com\/portalinconfidentes.com.br\/wp-content\/uploads\/2023\/09\/programacao.jpg?w=567&amp;ssl=1 567w, https:\/\/i0.wp.com\/portalinconfidentes.com.br\/wp-content\/uploads\/2023\/09\/programacao.jpg?resize=300%2C246&amp;ssl=1 300w\" sizes=\"(max-width: 567px) 100vw, 567px\" data-recalc-dims=\"1\" \/><\/figure>\n","protected":false},"excerpt":{"rendered":"<p>Museu de Mariana<\/p>\n","protected":false},"author":1,"featured_media":663,"comment_status":"open","ping_status":"open","sticky":false,"template":"","format":"standard","meta":{"footnotes":"","_jetpack_memberships_contains_paid_content":false,"jetpack_publicize_message":"","jetpack_publicize_feature_enabled":true,"jetpack_social_post_already_shared":true,"jetpack_social_options":{"image_generator_settings":{"template":"highway","enabled":false}}},"categories":[1],"tags":[],"jetpack_publicize_connections":[],"views":16940,"jetpack_sharing_enabled":true,"jetpack_featured_media_url":"https:\/\/i0.wp.com\/portalinconfidentes.com.br\/wp-content\/uploads\/2023\/09\/museu.jpg?fit=800%2C533&ssl=1","_links":{"self":[{"href":"https:\/\/portalinconfidentes.com.br\/index.php\/wp-json\/wp\/v2\/posts\/660"}],"collection":[{"href":"https:\/\/portalinconfidentes.com.br\/index.php\/wp-json\/wp\/v2\/posts"}],"about":[{"href":"https:\/\/portalinconfidentes.com.br\/index.php\/wp-json\/wp\/v2\/types\/post"}],"author":[{"embeddable":true,"href":"https:\/\/portalinconfidentes.com.br\/index.php\/wp-json\/wp\/v2\/users\/1"}],"replies":[{"embeddable":true,"href":"https:\/\/portalinconfidentes.com.br\/index.php\/wp-json\/wp\/v2\/comments?post=660"}],"version-history":[{"count":1,"href":"https:\/\/portalinconfidentes.com.br\/index.php\/wp-json\/wp\/v2\/posts\/660\/revisions"}],"predecessor-version":[{"id":664,"href":"https:\/\/portalinconfidentes.com.br\/index.php\/wp-json\/wp\/v2\/posts\/660\/revisions\/664"}],"wp:featuredmedia":[{"embeddable":true,"href":"https:\/\/portalinconfidentes.com.br\/index.php\/wp-json\/wp\/v2\/media\/663"}],"wp:attachment":[{"href":"https:\/\/portalinconfidentes.com.br\/index.php\/wp-json\/wp\/v2\/media?parent=660"}],"wp:term":[{"taxonomy":"category","embeddable":true,"href":"https:\/\/portalinconfidentes.com.br\/index.php\/wp-json\/wp\/v2\/categories?post=660"},{"taxonomy":"post_tag","embeddable":true,"href":"https:\/\/portalinconfidentes.com.br\/index.php\/wp-json\/wp\/v2\/tags?post=660"}],"curies":[{"name":"wp","href":"https:\/\/api.w.org\/{rel}","templated":true}]}}