{"id":657,"date":"2023-09-25T19:48:07","date_gmt":"2023-09-25T22:48:07","guid":{"rendered":"https:\/\/portalinconfidentes.com.br\/?p=657"},"modified":"2023-09-25T19:48:07","modified_gmt":"2023-09-25T22:48:07","slug":"prefeitura-de-mariana-desenvolve-projeto-cultural-no-cria","status":"publish","type":"post","link":"https:\/\/portalinconfidentes.com.br\/index.php\/2023\/09\/25\/prefeitura-de-mariana-desenvolve-projeto-cultural-no-cria\/","title":{"rendered":"Prefeitura de Mariana desenvolve projeto cultural no CRIA"},"content":{"rendered":"\n<p>Por Giovanna Mar\u00e7al<\/p>\n\n\n\n<p>Conhecer a cidade em que se vive \u00e9 essencial, principalmente quando essa cidade \u00e9 repleta de hist\u00f3ria e cultura. Pensando nisso, a Prefeitura de Mariana, atrav\u00e9s da Secretaria de Desenvolvimento Social e Cidadania, iniciou um projeto que proporciona aos usu\u00e1rios do Centro de Refer\u00eancia da Inf\u00e2ncia e Adolesc\u00eancia (CRIA) visitas guiadas pelas igrejas do centro hist\u00f3rico a fim de entender a hist\u00f3ria da nossa Primaz de Minas.<\/p>\n\n\n\n<p>Durante a \u00faltima sexta-feira (15), as crian\u00e7as e adolescentes do CRIA, visitaram a Igreja Nossa Senhora do Carmo e a Catedral Bas\u00edlica de Nossa Senhora da Assun\u00e7\u00e3o, onde os jovens tiveram a oportunidade de aprender sobre a hist\u00f3ria de cada igreja e conhecer um pouco mais dos pontos tur\u00edsticos da Primaz de Minas. A iniciativa, em parceria com a Associa\u00e7\u00e3o dos Rodovi\u00e1rios de Mariana, contribui para a forma\u00e7\u00e3o cultural, desenvolvendo o sentimento de pertencimento \u00e0 cidade, por meio da educa\u00e7\u00e3o patrimonial.<\/p>\n\n\n\n<p>Geraldo Mazela da Trindade, o guia que acompanhou as crian\u00e7as, ressaltou: \u201cQuero acreditar que o que n\u00f3s mais precisamos hoje dentro de Mariana, para um compreendimento da nossa hist\u00f3ria como estado, passa pelas crian\u00e7as e passa pela educa\u00e7\u00e3o patrimonial. Quando eu vejo o munic\u00edpio trazendo crian\u00e7as para que elas possam se inteirar da sua hist\u00f3ria, isso para mim \u00e9 um avan\u00e7o, porque turismo tamb\u00e9m se compreende na educa\u00e7\u00e3o. A gente est\u00e1 no caminho certo!\u201d<\/p>\n\n\n\n<p>Euler Cota Martins, educador de cidadania do CRIA, explicou sobre o objetivo do projeto: \u201cA gente tenta fazer com que isso forme as crian\u00e7as como cidad\u00e3os que conhecem e pertencem a pol\u00edtica, ao espa\u00e7o, que entendem o que \u00e9 o patrim\u00f4nio. J\u00e1 fomos ao Museu da M\u00fasica, ao Museu da Arte Sacra, a gente pretende ir ao Museu do Morro Santana ainda. Basicamente \u00e9 isso, visitar pontos tur\u00edsticos para que eles tenham essa forma\u00e7\u00e3o.\u201d<\/p>\n\n\n\n<p>SOBRE O CRIA<\/p>\n\n\n\n<p>O Centro de Refer\u00eancia da Inf\u00e2ncia e Adolesc\u00eancia (CRIA) funciona no per\u00edodo contraturno das aulas escolares, para crian\u00e7as e adolescentes de 06 a 17 anos, com atividades socioeducativas, recreativas, esportivas e culturais que promovam a cria\u00e7\u00e3o de um espa\u00e7o de protagonismo social e a forma\u00e7\u00e3o cidad\u00e3 em plenas condi\u00e7\u00f5es. O objetivo \u00e9 trabalhar com atividades que despertam a criatividade e o desenvolvimento de habilidades. Al\u00e9m disso integra a Prote\u00e7\u00e3o B\u00e1sica do Sistema \u00danico da Assist\u00eancia Social (SUAS), atua na garantia de direitos, na preven\u00e7\u00e3o e prote\u00e7\u00e3o \u00e0s situa\u00e7\u00f5es de risco e vulnerabilidades sociais, em atendimento exclusivo a crian\u00e7as e adolescentes do munic\u00edpio de Mariana<\/p>\n\n\n\n<p>Para d\u00favidas e esclarecimentos, ligue: (31) 97110-6365.<\/p>\n\n\n\n<p>Foto: Giovanna Mar\u00e7al<\/p>\n","protected":false},"excerpt":{"rendered":"<p>Projeto cultural no CRIA<\/p>\n","protected":false},"author":1,"featured_media":658,"comment_status":"open","ping_status":"open","sticky":false,"template":"","format":"standard","meta":{"footnotes":"","_jetpack_memberships_contains_paid_content":false,"jetpack_publicize_message":"","jetpack_publicize_feature_enabled":true,"jetpack_social_post_already_shared":true,"jetpack_social_options":{"image_generator_settings":{"template":"highway","enabled":false}}},"categories":[1],"tags":[],"jetpack_publicize_connections":[],"views":16522,"jetpack_sharing_enabled":true,"jetpack_featured_media_url":"https:\/\/i0.wp.com\/portalinconfidentes.com.br\/wp-content\/uploads\/2023\/09\/criav.jpg?fit=800%2C533&ssl=1","_links":{"self":[{"href":"https:\/\/portalinconfidentes.com.br\/index.php\/wp-json\/wp\/v2\/posts\/657"}],"collection":[{"href":"https:\/\/portalinconfidentes.com.br\/index.php\/wp-json\/wp\/v2\/posts"}],"about":[{"href":"https:\/\/portalinconfidentes.com.br\/index.php\/wp-json\/wp\/v2\/types\/post"}],"author":[{"embeddable":true,"href":"https:\/\/portalinconfidentes.com.br\/index.php\/wp-json\/wp\/v2\/users\/1"}],"replies":[{"embeddable":true,"href":"https:\/\/portalinconfidentes.com.br\/index.php\/wp-json\/wp\/v2\/comments?post=657"}],"version-history":[{"count":1,"href":"https:\/\/portalinconfidentes.com.br\/index.php\/wp-json\/wp\/v2\/posts\/657\/revisions"}],"predecessor-version":[{"id":659,"href":"https:\/\/portalinconfidentes.com.br\/index.php\/wp-json\/wp\/v2\/posts\/657\/revisions\/659"}],"wp:featuredmedia":[{"embeddable":true,"href":"https:\/\/portalinconfidentes.com.br\/index.php\/wp-json\/wp\/v2\/media\/658"}],"wp:attachment":[{"href":"https:\/\/portalinconfidentes.com.br\/index.php\/wp-json\/wp\/v2\/media?parent=657"}],"wp:term":[{"taxonomy":"category","embeddable":true,"href":"https:\/\/portalinconfidentes.com.br\/index.php\/wp-json\/wp\/v2\/categories?post=657"},{"taxonomy":"post_tag","embeddable":true,"href":"https:\/\/portalinconfidentes.com.br\/index.php\/wp-json\/wp\/v2\/tags?post=657"}],"curies":[{"name":"wp","href":"https:\/\/api.w.org\/{rel}","templated":true}]}}