{"id":65,"date":"2023-02-20T13:38:27","date_gmt":"2023-02-20T16:38:27","guid":{"rendered":"https:\/\/portalinconfidentes.com.br\/?p=65"},"modified":"2023-02-20T13:38:27","modified_gmt":"2023-02-20T16:38:27","slug":"jovem-que-diz-ser-madeleine-anuncia-que-fara-um-teste-de-dna","status":"publish","type":"post","link":"https:\/\/portalinconfidentes.com.br\/index.php\/2023\/02\/20\/jovem-que-diz-ser-madeleine-anuncia-que-fara-um-teste-de-dna\/","title":{"rendered":"Jovem que diz ser Madeleine anuncia que far\u00e1 um teste de DNA"},"content":{"rendered":"\n<p>Segundo Julia Faustyna, Kate e Gerry McCann aceitaram fazer o teste para saber se ela \u00e9 a filha que est\u00e1 desaparecida desde 2007<br><\/p>\n\n\n\n<p>A jovem que diz ser Madeleine McCann anunciou em seu perfil no Instagram que o casal&nbsp;Kate e Gerry McCann aceitaram fazer o teste de DNA para descobrir se ela \u00e9 a menina desaparecida h\u00e1 16 anos.<\/p>\n\n\n\n<p>O casal brit\u00e2nico, no entanto, n\u00e3o se manifestou publicamente sobre o caso.&nbsp;<\/p>\n\n\n\n<p>Julia&nbsp;Faustyna est\u00e1 usando as redes sociais para divulgar a sua teoria de que ela seria a menina que foi sequestrada durante uma viagem em fam\u00edlia a Portugal em 2007.<\/p>\n\n\n\n<p>O perfil criado pela alem\u00e3 de 21 anos se chama &#8220;Eu sou Madeleine McCann&#8221; e tem mais de 610 mil seguidores.<\/p>\n\n\n\n<p>Suas postagens tentam sustentar a tese de que ela \u00e9 a garota desaparecida com fotos que fazem compara\u00e7\u00f5es da sua apar\u00eancia com a de Madeleine e de seus pais.<\/p>\n\n\n\n<p>Outro ponto que ela destaca \u00e9 o fato de ter sido v\u00edtima de um ped\u00f3filo de origem alem\u00e3 que seria parecido com o retrato falado do suspeito que foi divulgado pela pol\u00edcia.<br><\/p>\n\n\n\n<p>Ainda que Julia aponte semelhan\u00e7as entre ela, Madeleine e os pais da menina, muitas pessoas duvidam de sua teoria.&nbsp;Ela afirma ter entrado em contato com a pol\u00edcia da Alemanha e da Pol\u00f4nia, pa\u00eds onde vive atualmente, mas que foi ignorada.<\/p>\n\n\n\n<p>A m\u00e3e da jovem alem\u00e3 chegou a falar que a filha precisaria de cuidados m\u00e9dicos e pediu ajuda.<\/p>\n","protected":false},"excerpt":{"rendered":"<p>Internacional<\/p>\n","protected":false},"author":1,"featured_media":66,"comment_status":"open","ping_status":"open","sticky":false,"template":"","format":"standard","meta":{"footnotes":"","_jetpack_memberships_contains_paid_content":false,"jetpack_publicize_message":"","jetpack_publicize_feature_enabled":true,"jetpack_social_post_already_shared":false,"jetpack_social_options":{"image_generator_settings":{"template":"highway","enabled":false}}},"categories":[1],"tags":[],"jetpack_publicize_connections":[],"views":1010,"jetpack_sharing_enabled":true,"jetpack_featured_media_url":"https:\/\/i0.wp.com\/portalinconfidentes.com.br\/wp-content\/uploads\/2023\/02\/madeline.jpg?fit=800%2C533&ssl=1","_links":{"self":[{"href":"https:\/\/portalinconfidentes.com.br\/index.php\/wp-json\/wp\/v2\/posts\/65"}],"collection":[{"href":"https:\/\/portalinconfidentes.com.br\/index.php\/wp-json\/wp\/v2\/posts"}],"about":[{"href":"https:\/\/portalinconfidentes.com.br\/index.php\/wp-json\/wp\/v2\/types\/post"}],"author":[{"embeddable":true,"href":"https:\/\/portalinconfidentes.com.br\/index.php\/wp-json\/wp\/v2\/users\/1"}],"replies":[{"embeddable":true,"href":"https:\/\/portalinconfidentes.com.br\/index.php\/wp-json\/wp\/v2\/comments?post=65"}],"version-history":[{"count":1,"href":"https:\/\/portalinconfidentes.com.br\/index.php\/wp-json\/wp\/v2\/posts\/65\/revisions"}],"predecessor-version":[{"id":67,"href":"https:\/\/portalinconfidentes.com.br\/index.php\/wp-json\/wp\/v2\/posts\/65\/revisions\/67"}],"wp:featuredmedia":[{"embeddable":true,"href":"https:\/\/portalinconfidentes.com.br\/index.php\/wp-json\/wp\/v2\/media\/66"}],"wp:attachment":[{"href":"https:\/\/portalinconfidentes.com.br\/index.php\/wp-json\/wp\/v2\/media?parent=65"}],"wp:term":[{"taxonomy":"category","embeddable":true,"href":"https:\/\/portalinconfidentes.com.br\/index.php\/wp-json\/wp\/v2\/categories?post=65"},{"taxonomy":"post_tag","embeddable":true,"href":"https:\/\/portalinconfidentes.com.br\/index.php\/wp-json\/wp\/v2\/tags?post=65"}],"curies":[{"name":"wp","href":"https:\/\/api.w.org\/{rel}","templated":true}]}}