{"id":645,"date":"2023-09-25T19:02:35","date_gmt":"2023-09-25T22:02:35","guid":{"rendered":"https:\/\/portalinconfidentes.com.br\/?p=645"},"modified":"2023-09-25T19:02:35","modified_gmt":"2023-09-25T22:02:35","slug":"abertura-da-17a-edicao-da-cinebh-mostra-internacional-de-cinema-de-belo-horizonte-e-o-14o-brasil-cinemundi-international-coproduction-meeting","status":"publish","type":"post","link":"https:\/\/portalinconfidentes.com.br\/index.php\/2023\/09\/25\/abertura-da-17a-edicao-da-cinebh-mostra-internacional-de-cinema-de-belo-horizonte-e-o-14o-brasil-cinemundi-international-coproduction-meeting\/","title":{"rendered":"Abertura da 17a edi\u00e7\u00e3o da CineBH \u00ad\u2013 Mostra Internacional de Cinema de Belo Horizonte e o 14o Brasil CineMundi \u2013 International Coproduction Meeting"},"content":{"rendered":"\n<p><em>Mostra Internacional de Cinema de Belo Horizonte tem abertura no Cine Theatro Brasil Vallourec com performance e exibi\u00e7\u00e3o do filme &#8220;Z\u00e9&#8221;; evento ocupa a capital mineira at\u00e9 1<\/em><sup><em>o<\/em><\/sup><em>&nbsp;de outubro com programa\u00e7\u00e3o gratuita que vai ocupar 8 espa\u00e7os da cidade, 93 filmes, 32 debates e 14<\/em><sup><em>o<\/em><\/sup><em>&nbsp;Brasil CineMundi<\/em><\/p>\n\n\n\n<p>A 17<sup>a<\/sup>&nbsp;edi\u00e7\u00e3o da&nbsp;<strong>CineBH \u00ad\u2013 Mostra Internacional de Cinema de Belo Horizonte&nbsp;<\/strong>e o&nbsp;<strong>14<\/strong><sup><strong>o<\/strong><\/sup>&nbsp;<strong>Brasil CineMundi \u2013 International Coproduction Meeting<\/strong>&nbsp;come\u00e7am nesta ter\u00e7a-feira, dia 26\/9, transformando a capital mineira na cidade do cinema latino-americano e no maior ambiente de neg\u00f3cios audiovisuais do pa\u00eds. A programa\u00e7\u00e3o gratuita segue at\u00e9 o dia 1<sup>o<\/sup>&nbsp;de outubro com&nbsp;<strong>93 filmes nacionais e internacionais<\/strong>&nbsp;em pr\u00e9-estreias e mostras tem\u00e1ticas (39 longas, 31 curtas e 3 m\u00e9dias-metragens),&nbsp;<strong>debates, pain\u00e9is e rodas de conversa, masterclasses internacionais, oficinas e encontros de coprodu\u00e7\u00e3o<\/strong>. Em toda a cidade ser\u00e3o&nbsp;<strong>8 espa\u00e7os<\/strong>&nbsp;na capital mineira, al\u00e9m de uma grade exclusiva online pelo site do evento (<a href=\"http:\/\/www.cinebh.com.br\/\" target=\"_blank\" rel=\"noreferrer noopener\">www.cinebh.com.br<\/a>).<\/p>\n\n\n\n<p>A noite de abertura vai apresentar a tem\u00e1tica do ano,&nbsp;<strong>&#8220;Territ\u00f3rios da Latinidade&#8221;<\/strong>, seguindo pelo segundo ano com o recorte de cinema da Am\u00e9rica Latina. A noite ainda vai contar com a homenagem dupla desta edi\u00e7\u00e3o a dois artistas mineiros: o cineasta<strong>&nbsp;Rafael Conde&nbsp;<\/strong>e a atriz e diretora&nbsp;<strong>Yara de Novaes<\/strong>, que receber\u00e3o o Trof\u00e9u Horizonte como tributo por suas trajet\u00f3rias.<\/p>\n\n\n\n<p>A performance de abertura acontece no&nbsp;<strong>Cine Theatro Brasil Vallourec<\/strong>, a partir das 20h. Com cria\u00e7\u00e3o e dire\u00e7\u00e3o de&nbsp;<strong>Chico de Paula<\/strong>&nbsp;e roteiro de&nbsp;<strong>Chico de Paula e Raquel Hallak<\/strong>, coordenadora geral da mostra, a performance, que mescla arte, m\u00fasica, imagens e movimento, buscou inspira\u00e7\u00e3o nos conceitos da CineBH e vai destacar especialmente o esp\u00edrito da latinidade a partir das ideias de &#8220;territ\u00f3rio&#8221; e &#8220;continente&#8221;. A apresenta\u00e7\u00e3o ser\u00e1 de&nbsp;<strong>David Maurity&nbsp;<\/strong>e trilha sonora ao vivo de&nbsp;<strong>Vinicius Amaral<\/strong>. Ao longo da abertura, participam a atriz&nbsp;<strong>Christiane Antu\u00f1a<\/strong>, o ator&nbsp;<strong>Eduardo Moreira<\/strong>, o m\u00fasico&nbsp;<strong>Renato Luciano&nbsp;<\/strong>e o&nbsp;<strong>VJ \u00cdmpar<\/strong>.<\/p>\n\n\n\n<p>Na sequ\u00eancia, os espectadores v\u00e3o assistir ao filme de abertura da 17<sup>a<\/sup>&nbsp;CineBH,&nbsp;<strong>&#8220;Z\u00e9&#8221;<\/strong>, novo longa-metragem do homenageado Rafael Conde. Inspirado na hist\u00f3ria real do militante Jos\u00e9 Carlos da Mata Machado, o filme narra a luta do protagonista contra o regime militar e as consequ\u00eancias tr\u00e1gicas da ditadura. Com isso, a abertura da CineBH ser\u00e1 um grande evento, num dos espa\u00e7os mais queridos da cidade e em plena pra\u00e7a Sete, que conecta as discuss\u00f5es da mostra em 2022: a latinidade como quest\u00e3o de territ\u00f3rio, o sucesso amplificado de dois grandes nomes da cultura mineira e uma cinebiografia com diversos ecos nos dias de hoje.<\/p>\n\n\n\n<p>Ser\u00e1 tamb\u00e9m o come\u00e7o de algumas inquieta\u00e7\u00f5es que o evento vai propor, como no debate &#8220;Territ\u00f3rio(s) da Latinidade&#8221;, no dia 27\/9, que re\u00fane parte da curadoria da Mostra para apresentar os conceitos das mostras dedicadas \u00e0 Am\u00e9rica Latina. E o Pal\u00e1cio das Artes vai ser a sede do Brasil CineMundi, programa de coprodu\u00e7\u00e3o que trar\u00e1 a Belo Horizonte mais de 60 convidados de v\u00e1rias partes do mundo para estarem em encontros e atividades de olho no cinema brasileiro do futuro.<\/p>\n\n\n\n<p>Para saber detalhes sobre os filmes da mostra e todas as demais a\u00e7\u00f5es do ano, al\u00e9m de mais debates e encontros, acesse&nbsp;<a href=\"https:\/\/cinebh.com.br\/programacao\/\" target=\"_blank\" rel=\"noreferrer noopener\"><u>aqui<\/u><\/a>.<\/p>\n\n\n\n<p><strong>SOBRE A 17\u00aa CINEBH \u2013 MOSTRA INTERNACIONAL DE CINEMA DE BELO HORIZONTE<\/strong><\/p>\n\n\n\n<p>O CINEMA BRASILEIRO EM CONEX\u00c3O COM O MERCADO INTERNACIONAL E A CAPITAL MINEIRA<\/p>\n\n\n\n<p><br>A&nbsp;<strong>CineBH &#8211; Mostra Internacional de Cinema de Belo Horizonte,&nbsp;<\/strong>o evento de cinema da capital mineira, chega a sua 17\u00aa edi\u00e7\u00e3o entre os dias&nbsp;<strong>26 de setembro e 1\u00ba de outubro de 2023.&nbsp;<\/strong>O evento promove a conex\u00e3o entre o cinema brasileiro e o mercado internacional e se apresenta como instrumento de forma\u00e7\u00e3o, reflex\u00e3o, exibi\u00e7\u00e3o e difus\u00e3o do audiovisual em di\u00e1logo com outros pa\u00edses.<\/p>\n\n\n\n<p>A CineBH prev\u00ea em sua programa\u00e7\u00e3o a oferta de atividades oferecidas gratuitamente ao p\u00fablico: exibi\u00e7\u00f5es de&nbsp;<strong>filmes nacionais e internacionais, pr\u00e9-estreias e mostras retrospectivas<\/strong>, programa de forma\u00e7\u00e3o com a oferta de&nbsp;<strong>oficinas, workshops, laborat\u00f3rios, masterclasses, debates e pain\u00e9is,&nbsp;<\/strong>promo\u00e7\u00e3o do fomento ao empreendedorismo, dissemina a informa\u00e7\u00e3o, produz e difunde conhecimento, cria oportunidades de rede contatos e neg\u00f3cios, re\u00fane a cadeia produtiva do audiovisual numa programa\u00e7\u00e3o abrangente e gratuita.<\/p>\n\n\n\n<p>***<\/p>\n\n\n\n<p><strong>A 17\u00aa CineBH \u2013 Mostra Internacional de Cinema de Belo Horizonte e o 14\u00ba Brasil CineMundi&nbsp;<\/strong>integram o Cinema sem Fronteiras 2023 \u2013 programa internacional de audiovisual idealizado pela&nbsp;<strong>Universo Produ\u00e7\u00e3o<\/strong>&nbsp;e que re\u00fane tamb\u00e9m a&nbsp;<strong>Mostra de Cinema de Tiradentes&nbsp;<\/strong>(centrada na produ\u00e7\u00e3o contempor\u00e2nea, em janeiro) e a&nbsp;<strong>CineOP \u2013 Mostra de Cinema de Ouro Preto&nbsp;<\/strong>(que difunde o audiovisual como patrim\u00f4nio e ferramenta de educa\u00e7\u00e3o, em junho).<\/p>\n\n\n\n<p>Link para fotos<\/p>\n\n\n\n<figure class=\"wp-block-embed is-provider-flickr wp-block-embed-flickr\"><div class=\"wp-block-embed__wrapper\">\n<a data-flickr-embed='true' href='https:\/\/www.flickr.com\/photos\/51226754@N07' title='Universo Produ\u00e7\u00e3o'><img src='https:\/\/i0.wp.com\/live.staticflickr.com\/65535\/53185474213_3d21e19c77.jpg?resize=800%2C600&#038;ssl=1' width='800' height='600' alt='Senhores de Aruanda: Umbanda e Resist\u00eancia' data-recalc-dims=\"1\"><\/a><script async src='https:\/\/embedr.flickr.com\/assets\/client-code.js' charset='utf-8'><\/script>\n<\/div><\/figure>\n\n\n\n<p>Acompanhe o programa Cinema Sem Fronteiras 2023.<\/p>\n\n\n\n<p>Participe da&nbsp;<strong>Campanha #Eufa\u00e7oaMostra<\/strong><\/p>\n\n\n\n<p>Na Web:&nbsp;<strong><a href=\"http:\/\/www.brasilcinemundi.com.br\/\" target=\"_blank\" rel=\"noreferrer noopener\">www.brasilcinemundi.com.br<\/a>&nbsp;\/&nbsp;<a href=\"http:\/\/www.cinebh.com.br\/\" target=\"_blank\" rel=\"noreferrer noopener\">www.cinebh.com.br<\/a>&nbsp;\/&nbsp;<a href=\"http:\/\/www.universoproducao.com.br\/\" target=\"_blank\" rel=\"noreferrer noopener\">www.universoproducao.com.br<\/a><\/strong><\/p>\n\n\n\n<p>No Instagram:&nbsp;@universoproducao<\/p>\n\n\n\n<p>No Youtube:&nbsp;Universo Produ\u00e7\u00e3o<\/p>\n\n\n\n<p>No Twitter:&nbsp;@universoprod<\/p>\n\n\n\n<p>No Facebook:&nbsp;brasilcinemundi\/cinebh&nbsp;\/&nbsp;universoproducao<\/p>\n\n\n\n<p>No LinkedIn:&nbsp;<a href=\"https:\/\/www.linkedin.com\/company\/universo-produ%C3%A7%C3%A3o\/%22\" target=\"_blank\" rel=\"noreferrer noopener\">universo-produ\u00e7\u00e3o<\/a><\/p>\n\n\n\n<p>Informa\u00e7\u00f5es pelo telefone: (31) 3282-2366<\/p>\n\n\n\n<p><strong>Site oficial do evento:&nbsp;<\/strong><strong><a href=\"http:\/\/www.cinebh.com.br\/\" target=\"_blank\" rel=\"noreferrer noopener\">WWW.CINEBH.COM.BR<\/a><\/strong><\/p>\n\n\n\n<p><strong>SERVI\u00c7O<\/strong><\/p>\n\n\n\n<p><strong>17<\/strong><sup><strong>a<\/strong><\/sup><strong>&nbsp;CINEBH &#8211; MOSTRA INTERNACIONAL DE CINEMA DE BELO HORIZONTE<\/strong><\/p>\n\n\n\n<p><strong>26 de setembro a 1\u00ba de outubro de 2023<\/strong><\/p>\n\n\n\n<p>LEI FEDERAL DE INCENTIVO \u00c0 CULTURA<\/p>\n\n\n\n<p>LEI ESTADUAL DE INCENTIVO \u00c0 CULTURA<\/p>\n\n\n\n<p>ESTE EVENTO \u00c9 REALIZADO COM RECURSOS DA LEI MUNICIPAL DE INCENTIVO \u00c0 CULTURA DE BELO HORIZONTE<\/p>\n\n\n\n<p>Patroc\u00ednio:&nbsp;<strong>ITA\u00da, MATER<\/strong><strong>&nbsp;DEI, PREFEITURA DE BH, COPASA, CEMIG\/GOVERNO DE MINAS GERAIS<\/strong><\/p>\n\n\n\n<p>Parceria Cultural:&nbsp;<strong>SESC EM MINAS, CASA DA MOSTRA E CIRCUITO DA LIBERDADE\/FUNDA\u00c7\u00c3O CLOVIS SALGADO\/GOVERNO DE MINAS GERAIS<\/strong><\/p>\n\n\n\n<p>Idealiza\u00e7\u00e3o e realiza\u00e7\u00e3o:&nbsp;<strong>UNIVERSO PRODU\u00c7\u00c3O<\/strong><\/p>\n\n\n\n<p><strong>SECRETARIA DE ESTADO DE CULTURA E TURISMO DE MINAS GERAIS<\/strong><br><strong>MINIST\u00c9RIO DA CULTURA | GOVERNO FEDERAL \u2013 UNI\u00c3O E RECONSTRU\u00c7\u00c3O<\/strong><\/p>\n","protected":false},"excerpt":{"rendered":"<p>Cine BH <\/p>\n","protected":false},"author":1,"featured_media":646,"comment_status":"open","ping_status":"open","sticky":false,"template":"","format":"standard","meta":{"footnotes":"","_jetpack_memberships_contains_paid_content":false,"jetpack_publicize_message":"","jetpack_publicize_feature_enabled":true,"jetpack_social_post_already_shared":true,"jetpack_social_options":{"image_generator_settings":{"template":"highway","enabled":false}}},"categories":[1],"tags":[],"jetpack_publicize_connections":[],"views":2134,"jetpack_sharing_enabled":true,"jetpack_featured_media_url":"https:\/\/i0.wp.com\/portalinconfidentes.com.br\/wp-content\/uploads\/2023\/09\/yara.jpg?fit=800%2C533&ssl=1","_links":{"self":[{"href":"https:\/\/portalinconfidentes.com.br\/index.php\/wp-json\/wp\/v2\/posts\/645"}],"collection":[{"href":"https:\/\/portalinconfidentes.com.br\/index.php\/wp-json\/wp\/v2\/posts"}],"about":[{"href":"https:\/\/portalinconfidentes.com.br\/index.php\/wp-json\/wp\/v2\/types\/post"}],"author":[{"embeddable":true,"href":"https:\/\/portalinconfidentes.com.br\/index.php\/wp-json\/wp\/v2\/users\/1"}],"replies":[{"embeddable":true,"href":"https:\/\/portalinconfidentes.com.br\/index.php\/wp-json\/wp\/v2\/comments?post=645"}],"version-history":[{"count":1,"href":"https:\/\/portalinconfidentes.com.br\/index.php\/wp-json\/wp\/v2\/posts\/645\/revisions"}],"predecessor-version":[{"id":647,"href":"https:\/\/portalinconfidentes.com.br\/index.php\/wp-json\/wp\/v2\/posts\/645\/revisions\/647"}],"wp:featuredmedia":[{"embeddable":true,"href":"https:\/\/portalinconfidentes.com.br\/index.php\/wp-json\/wp\/v2\/media\/646"}],"wp:attachment":[{"href":"https:\/\/portalinconfidentes.com.br\/index.php\/wp-json\/wp\/v2\/media?parent=645"}],"wp:term":[{"taxonomy":"category","embeddable":true,"href":"https:\/\/portalinconfidentes.com.br\/index.php\/wp-json\/wp\/v2\/categories?post=645"},{"taxonomy":"post_tag","embeddable":true,"href":"https:\/\/portalinconfidentes.com.br\/index.php\/wp-json\/wp\/v2\/tags?post=645"}],"curies":[{"name":"wp","href":"https:\/\/api.w.org\/{rel}","templated":true}]}}