{"id":635,"date":"2023-09-21T22:23:35","date_gmt":"2023-09-22T01:23:35","guid":{"rendered":"https:\/\/portalinconfidentes.com.br\/?p=635"},"modified":"2023-09-21T22:23:35","modified_gmt":"2023-09-22T01:23:35","slug":"mariana-acolheu-a-parceria-musical-entre-joao-bosco-e-a-orquestra-ouro-preto","status":"publish","type":"post","link":"https:\/\/portalinconfidentes.com.br\/index.php\/2023\/09\/21\/mariana-acolheu-a-parceria-musical-entre-joao-bosco-e-a-orquestra-ouro-preto\/","title":{"rendered":"Mariana acolheu a parceria musical entre Jo\u00e3o Bosco e a Orquestra Ouro Preto"},"content":{"rendered":"\n<p>O concerto gratuito ocorreu em 16 de setembro na Pra\u00e7a Minas, cart\u00e3o postal da Primaz<\/p>\n\n\n\n<p>No \u00faltimo s\u00e1bado (16) o cantor, compositor e violonista Jo\u00e3o Bosco apresentou junto \u00e0 Orquestra Ouro Preto na Pra\u00e7a Minas Gerais o show \u201cG\u00eanesis\u201d, um espet\u00e1culo musical de alt\u00edssima qualidade que re\u00fane os grandes sucessos de sua brilhante carreira.<\/p>\n\n\n\n<p>O evento, patrocinado pelo&nbsp;&nbsp;Instituto Cultural Vale, lotou a bela pra\u00e7a e cart\u00e3o postal da Primaz de Minas e contou com o apoio da Prefeitura Municipal de Mariana e da Secretaria de Cultura, Patrim\u00f4nio Hist\u00f3rico, Turismo e Lazer.<br><\/p>\n\n\n\n<p>Na ocasi\u00e3o, subiram juntos ao palco para apresentar o show o chefe do Poder Executivo Municipal, prefeito Celso Cota e o vice-prefeito Cristiano Vilas Boas, que atualmente tamb\u00e9m est\u00e1 \u00e0 frente da Secretaria de Cultura.<\/p>\n\n\n\n<p>Unido \u00e0 Cristiano, o prefeito Celso Cota, em sua fala de abertura, cumprimentou o grande p\u00fablico, em especial as mulheres presentes na plateia, apontando a import\u00e2ncia hist\u00f3rica e cultural da Pra\u00e7a Minas Gerais.<br><\/p>\n\n\n\n<p>Celso exaltou o fato de que a hist\u00f3ria continua a ser contada, especialmente atrav\u00e9s da m\u00fasica e da presen\u00e7a do cantor Jo\u00e3o Bosco e ainda, nas palavras do prefeito, da Orquestra Ouro Preto, motivo de orgulho para o povo mineiro.<\/p>\n\n\n\n<p>\u201cPara n\u00f3s, um momento de alegria. N\u00f3s temos a nossa Casa de Leis, a primeira Casa de Leis de Minas Gerais (&#8230;). E em breve vamos entregar, aqui, a Igreja de S\u00e3o Francisco&nbsp;(de Assis)&nbsp;no dia 28 (de Setembro), com o novo museu tamb\u00e9m aqui em Mariana sendo lan\u00e7ado, o museu da cidade.\u201d<\/p>\n\n\n\n<p>Celso Cota<\/p>\n\n\n\n<p>O prefeito finalizou a fala destacando a import\u00e2ncia e o compromisso do governo em cuidar e zelar pelo patrim\u00f4nio p\u00fablico, refor\u00e7ando uma das muitas inten\u00e7\u00f5es do mandato vigente: a de que o povo marianense possa aproveitar e encontrar uma cidade cada vez mais viva.<\/p>\n\n\n\n<p>Sobre o show \u201cG\u00eanesis\u201d<\/p>\n\n\n\n<p>O espet\u00e1culo &#8220;G\u00eanesis&#8221; destaca a for\u00e7a criativa da m\u00fasica do renomado Jo\u00e3o Bosco. O trabalho celebra o nascimento de seu legado musical, com arranjos especiais de Nelson Ayres e reg\u00eancia de Rodrigo Toffolo.&nbsp;<\/p>\n\n\n\n<p>O repert\u00f3rio inclui can\u00e7\u00f5es como &#8220;O B\u00eabado e o Equilibrista&#8221;, &#8220;Cors\u00e1rio&#8221;, &#8220;Bala com Bala&#8221; e &#8220;De Frente pro Crime&#8221;, prestando homenagem a Aldir Blanc, um de seus principais parceiros. Os arranjos destacam a habilidade de Jo\u00e3o Bosco com seu viol\u00e3o e voz, combinados com os elementos orquestrais.&nbsp;<\/p>\n\n\n\n<p>O maestro Rodrigo Toffolo elogia a maestria musical de Jo\u00e3o Bosco e destaca a afinidade entre os mineiros, uma vez que ambos t\u00eam ra\u00edzes em Minas Gerais. O \u00e1lbum tamb\u00e9m incorpora influ\u00eancias geom\u00e9tricas e afro-brasileiras, refletindo a contemporaneidade e ancestralidade presentes nas can\u00e7\u00f5es de Bosco.<\/p>\n\n\n\n<p>Por Pedro Mol<\/p>\n","protected":false},"excerpt":{"rendered":"<p>Concerto na pra\u00e7a<\/p>\n","protected":false},"author":1,"featured_media":636,"comment_status":"open","ping_status":"open","sticky":false,"template":"","format":"standard","meta":{"footnotes":"","_jetpack_memberships_contains_paid_content":false,"jetpack_publicize_message":"","jetpack_publicize_feature_enabled":true,"jetpack_social_post_already_shared":true,"jetpack_social_options":{"image_generator_settings":{"template":"highway","enabled":false}}},"categories":[1],"tags":[],"jetpack_publicize_connections":[],"views":1181,"jetpack_sharing_enabled":true,"jetpack_featured_media_url":"https:\/\/i0.wp.com\/portalinconfidentes.com.br\/wp-content\/uploads\/2023\/09\/bosco.jpg?fit=800%2C533&ssl=1","_links":{"self":[{"href":"https:\/\/portalinconfidentes.com.br\/index.php\/wp-json\/wp\/v2\/posts\/635"}],"collection":[{"href":"https:\/\/portalinconfidentes.com.br\/index.php\/wp-json\/wp\/v2\/posts"}],"about":[{"href":"https:\/\/portalinconfidentes.com.br\/index.php\/wp-json\/wp\/v2\/types\/post"}],"author":[{"embeddable":true,"href":"https:\/\/portalinconfidentes.com.br\/index.php\/wp-json\/wp\/v2\/users\/1"}],"replies":[{"embeddable":true,"href":"https:\/\/portalinconfidentes.com.br\/index.php\/wp-json\/wp\/v2\/comments?post=635"}],"version-history":[{"count":1,"href":"https:\/\/portalinconfidentes.com.br\/index.php\/wp-json\/wp\/v2\/posts\/635\/revisions"}],"predecessor-version":[{"id":637,"href":"https:\/\/portalinconfidentes.com.br\/index.php\/wp-json\/wp\/v2\/posts\/635\/revisions\/637"}],"wp:featuredmedia":[{"embeddable":true,"href":"https:\/\/portalinconfidentes.com.br\/index.php\/wp-json\/wp\/v2\/media\/636"}],"wp:attachment":[{"href":"https:\/\/portalinconfidentes.com.br\/index.php\/wp-json\/wp\/v2\/media?parent=635"}],"wp:term":[{"taxonomy":"category","embeddable":true,"href":"https:\/\/portalinconfidentes.com.br\/index.php\/wp-json\/wp\/v2\/categories?post=635"},{"taxonomy":"post_tag","embeddable":true,"href":"https:\/\/portalinconfidentes.com.br\/index.php\/wp-json\/wp\/v2\/tags?post=635"}],"curies":[{"name":"wp","href":"https:\/\/api.w.org\/{rel}","templated":true}]}}