{"id":632,"date":"2023-09-21T22:20:35","date_gmt":"2023-09-22T01:20:35","guid":{"rendered":"https:\/\/portalinconfidentes.com.br\/?p=632"},"modified":"2023-09-21T22:20:35","modified_gmt":"2023-09-22T01:20:35","slug":"dia-26-09-comeca-a-17a-cinebh-mostra-internacional-de-cinema-de-belo-horizonte","status":"publish","type":"post","link":"https:\/\/portalinconfidentes.com.br\/index.php\/2023\/09\/21\/dia-26-09-comeca-a-17a-cinebh-mostra-internacional-de-cinema-de-belo-horizonte\/","title":{"rendered":"Dia 26\/09 come\u00e7a a 17\u00aa CineBH &#8211; Mostra Internacional de Cinema de Belo Horizonte"},"content":{"rendered":"\n<p>A capital mineira ser\u00e1 tomada, mais uma vez, pelo cinema da Am\u00e9rica Latina com a realiza\u00e7\u00e3o da 17\u00aa edi\u00e7\u00e3o da&nbsp;<strong>CineBH \u2013 Mostra Internacional de Cinema de Belo Horizonte<\/strong>, entre os dias 26 de setembro a 1\u00ba de outubro. Pelo segundo ano consecutivo, o evento se dedica \u00e0 produ\u00e7\u00e3o do nosso continente, em di\u00e1logo direto com realizadores locais e em sintonia com as coprodu\u00e7\u00f5es internacionais \u2013 que est\u00e3o no centro do&nbsp;<strong>14<\/strong><sup><strong>o&nbsp;<\/strong><\/sup><strong>Brasil CineMundi \u2013 International Coproduction Meeting<\/strong>, encontro de coprodu\u00e7\u00e3o internacional que acontece no mesmo per\u00edodo.<\/p>\n\n\n\n<p>Ser\u00e3o seis dias intensos com muitas atividades gratuitas para todas as idades e p\u00fablicos, numa temporada audiovisual de forma\u00e7\u00e3o, reflex\u00e3o, exibi\u00e7\u00e3o e difus\u00e3o do cinema brasileiro em interc\u00e2mbio com outros pa\u00edses, outras artes e com a cidade.<\/p>\n\n\n\n<p>Um total de&nbsp;<strong>8 espa\u00e7os de Belo Horizonte<\/strong>&nbsp;v\u00e3o ser ocupados pela 17\u00aa Mostra CineBH:&nbsp;<strong>Cine Theatro Brasil Vallourec, Funda\u00e7\u00e3o Cl\u00f3vis Salgado<\/strong>&nbsp;(Cine Humberto Mauro, Sala Jo\u00e3o Ceschiatti, Sala Juvenal Dias, Jardim Interno),<strong>&nbsp;salas de cinema do Centro Cultural Minas T\u00eanis Clube, Sesc Palladium, Cine Santa Tereza,<\/strong>&nbsp;<strong>Teatro Sesiminas<\/strong>&nbsp;e&nbsp;<strong>Pra\u00e7a da Liberdade<\/strong>. Cada ambiente ter\u00e1 um perfil de atividade e de exibi\u00e7\u00f5es, com encontros, bate-papos, negocia\u00e7\u00f5es e vasta cartela de mais de 90 filmes em pr\u00e9-estreias e mostras tem\u00e1ticas, entre curtas, m\u00e9dias e longas-metragens, selecionadas pelas equipes de curadoria.<\/p>\n\n\n\n<p>A sess\u00e3o de abertura da 17<sup>a<\/sup>&nbsp;CineBH acontece na noite de<strong>&nbsp;26 de setembro<\/strong>,&nbsp;<strong>ter\u00e7a, \u00e0s 20h<\/strong>, no&nbsp;<strong>Cine Theatro Brasil Vallourec<\/strong>, com a pr\u00e9-estreia da fic\u00e7\u00e3o&nbsp;<strong>&#8220;Z\u00e9&#8221;<\/strong>, mais novo longa-metragem do mineiro Rafael Conde. O diretor e tamb\u00e9m a atriz e diretora&nbsp;<strong>Yara de Novaes<\/strong>&nbsp;s\u00e3o os homenageados dessa edi\u00e7\u00e3o e receber\u00e3o o Trof\u00e9u Horizonte por suas trajet\u00f3rias.<\/p>\n\n\n\n<p>TEM\u00c1TICA &#8211;&nbsp;<strong>TERRIT\u00d3RIOS DA LATINIDADE<\/strong><\/p>\n\n\n\n<p>A tem\u00e1tica da 17\u00aa Mostra CineBH \u00e9&nbsp;<strong>&#8220;Territ\u00f3rios da Latinidade&#8221;<\/strong>. Desde o t\u00edtulo, carrega-se a compreens\u00e3o de que a Am\u00e9rica Latina n\u00e3o se resume simplesmente a um \u00fanico conjunto de pa\u00edses, e sim \u00e0 singularidade de cada um dos 20 pa\u00edses e dos mais de 660 milh\u00f5es de habitantes a compor esse conjunto. A coordena\u00e7\u00e3o curatorial \u00e9 do cr\u00edtico&nbsp;<strong>Cl\u00e9ber Eduardo<\/strong>, que, junto aos demais curadores dos filmes latinos&nbsp;<strong>Ester F\u00e9r<\/strong>,&nbsp;<strong>Leonardo Amaral<\/strong>&nbsp;e&nbsp;<strong>Marcelo Miranda<\/strong>, desenvolveu as ideias a serem trabalhadas atrav\u00e9s de filmes, debates e discuss\u00f5es.<\/p>\n\n\n\n<p>&#8220;Latinidade \u00e9 diversidade com pontos em comum, mesmo dominadores, aos quais cada povo reage com suas estrat\u00e9gias e afirma\u00e7\u00f5es&#8221;, define Cl\u00e9ber Eduardo. &#8220;A Am\u00e9rica Latina, antes de ser uma extens\u00e3o espacial, com suas paisagens diversas, \u00e9 um territ\u00f3rio de latinidades, composto de territ\u00f3rios v\u00e1rios e fronteiras muitas vezes invis\u00edveis, cada qual com suas din\u00e2micas pr\u00f3prias, com seus pr\u00f3prios elementos, s\u00edmbolos e materialidades dos quais s\u00e3o constitu\u00eddos&#8221;.<\/p>\n\n\n\n<p>Nos<strong>&nbsp;24 filmes programados<\/strong>&nbsp;para as se\u00e7\u00f5es latino-americanas da 17\u00aa CineBH, est\u00e3o representantes de&nbsp;<strong>Brasil<\/strong>,&nbsp;<strong>Argentina<\/strong>,&nbsp;<strong>Chile<\/strong>,&nbsp;<strong>Col\u00f4mbia<\/strong>,&nbsp;<strong>M\u00e9xico<\/strong>,<strong>&nbsp;Peru<\/strong>,&nbsp;<strong>Paraguai<\/strong>&nbsp;e&nbsp;<strong>Cuba<\/strong>. Quase todos s\u00e3o in\u00e9ditos no pa\u00eds e, apesar de muitos terem alguma circula\u00e7\u00e3o por festivais internacionais, est\u00e3o predominantemente fora do radar de eventos europeus que tendem a customizar um certo tipo de cinema latino padr\u00e3o. No caso do recorte da CineBH, segundo a curadoria, os filmes carregam uma rela\u00e7\u00e3o direta entre os territ\u00f3rios da encena\u00e7\u00e3o e os personagens mostrados.<\/p>\n\n\n\n<p>&#8220;Com recorte hist\u00f3rico ou abordagem m\u00edtica, expondo a condi\u00e7\u00e3o de uma \u00fanica pessoa ou de um grupo, essa rela\u00e7\u00e3o \u00e9 constante. N\u00e3o se trata de um cinema que est\u00e1 vinculado somente \u00e0 terra ou \u00e0s paisagens, mas tamb\u00e9m de um cinema vinculado ao modo de habita\u00e7\u00e3o e de apropria\u00e7\u00e3o desta terra&#8221;, destaca Cl\u00e9ber. Ser\u00e1 ainda o primeiro ano na CineBH com uma mostra competitiva, no caso a&nbsp;<strong>Mostra Territ\u00f3rio<\/strong>, com 8 longas-metragens a enfatizar a geografia, a pol\u00edtica, a hist\u00f3ria, a cultura e o cinema do continente. Outros recortes latinos s\u00e3o a&nbsp;<strong>Mostra Continente<\/strong>, com 13 filmes, e a mostra&nbsp;<strong>Cinema de F\u00f4lego<\/strong>, com 3.<\/p>\n\n\n\n<p><strong>HOMENAGENS &#8211; RAFAEL CONDE, CINEASTA; YARA DE NOVAES, DRAMATURGA, DIRETORA, ATRIZ<\/strong><\/p>\n\n\n\n<p>Na 17<sup>a<\/sup>&nbsp;CineBH, ser\u00e3o celebradas as trajet\u00f3rias de dois artistas de Minas Gerais de fundamental import\u00e2ncia na constru\u00e7\u00e3o da identidade cultural mineiras nas \u00faltimas tr\u00eas d\u00e9cadas: o diretor<strong>Rafael Conde<\/strong>&nbsp;e a dramaturga, atriz e diretora&nbsp;<strong>Yara de Novaes<\/strong>. Ambos t\u00eam caminhos distintos, mas em v\u00e1rios momentos se cruzaram; o resgate desses di\u00e1logos \u00e9 tamb\u00e9m parte da vontade de a CineBH revisitar suas obras.<\/p>\n\n\n\n<p>Historicamente, o encontro entre&nbsp;<strong>Rafael Conde e Yara de Novaes<\/strong>&nbsp;foi estimulado por uma rede de interesses m\u00faltiplos desses dois artistas nascidos em Belo Horizonte: o teatro, o cinema, a atua\u00e7\u00e3o e a palavra. Entre 1998 e 2008, Conde e Yara dividiram fun\u00e7\u00f5es tanto \u00e0 frente quanto atr\u00e1s das c\u00e2meras. Em conjunto e com fun\u00e7\u00f5es distintas, realizaram seis filmes, todos dirigidos por Conde e com participa\u00e7\u00e3o de Yara como atriz, diretora de elenco ou assistente de dire\u00e7\u00e3o: os longas &#8220;Samba Can\u00e7\u00e3o&#8221; (2002) e &#8220;Fronteira&#8221; (2008) e os curtas &#8220;A Hora Vagabunda&#8221; (1998), &#8220;Fran\u00e7oise&#8221; (2002), &#8220;Rua da Amargura&#8221; (2003) e &#8220;A Chuva nos Telhados Antigos&#8221; (2006). V\u00e1rios destes trabalhos ser\u00e3o exibidos na Mostra Homenagem dentro da programa\u00e7\u00e3o da CineBH.<\/p>\n\n\n\n<p><strong>Rafael Conde<\/strong>&nbsp;tem um caminho singular justamente por n\u00e3o se assemelhar \u00e0 maior parte de seus colegas, ainda que tenha forte aproxima\u00e7\u00e3o com eles. &#8220;Na \u00e9poca em que Conde come\u00e7ou a fazer filmes, o forte na produ\u00e7\u00e3o de Minas Gerais eram outras formas de manifesta\u00e7\u00f5es visuais, n\u00e3o exatamente o cinema realizado em pel\u00edcula 16mm ou 35mm&#8221;, relembra&nbsp;<strong>Cl\u00e9ber Eduardo<\/strong>, coordenador curatorial da CineBH. &#8220;De sua gera\u00e7\u00e3o, Conde \u00e9 o mais veterano, talvez o mais pesquisador da cena, da interpreta\u00e7\u00e3o, que mais busca algo que n\u00e3o \u00e9 o naturalismo, nem a performance do naturalismo, mas tamb\u00e9m n\u00e3o \u00e9 uma ruptura rumo a algum outro extremo&#8221;.<\/p>\n\n\n\n<p><strong>Yara de Novaes<\/strong>&nbsp;\u00e9 nome crucial no teatro mineiro, desde a presen\u00e7a nos palcos como atriz e diretora at\u00e9 o ensino nas salas de aula. Na sua trajet\u00f3ria constam as funda\u00e7\u00f5es do Grupo 3 de Teatro, em 2005, com Gabriel Paiva e D\u00e9bora Falabella; e da Odeon Companhia de Teatro, com Carlos Gradim, em 1998. Em ambas, dirigiu ou atuou em dezenas de pe\u00e7as. Ela expandiu o pr\u00f3prio trabalho e foi atuar tamb\u00e9m no cinema, na TV e no&nbsp;<em>streaming<\/em>. &#8220;Se, a princ\u00edpio, Yara era uma atriz teatral autoral, foi o cinema e o audiovisual que fizeram dela n\u00e3o s\u00f3 uma int\u00e9rprete mais conhecida, como tamb\u00e9m uma profissional aberta aos c\u00f3digos industriais-populares, tanto no humor como na dramaticidade, assim salientando sua versatilidade&#8221;, diz Cl\u00e9ber Eduardo.<\/p>\n\n\n\n<p><strong>PR\u00c9-ESTREIAS NACIONAIS E INTERNACIONAIS E MOSTRAS TEM\u00c1TICAS<\/strong><\/p>\n\n\n\n<p>A 16<sup>a<\/sup>&nbsp;Mostra CineBH re\u00fane uma sele\u00e7\u00e3o de mais de&nbsp;<strong>90 filmes nacionais e internacionais,&nbsp;<\/strong>em pr\u00e9-estreias mundiais e nacionais, distribu\u00eddos em&nbsp;<strong>8 mostras tem\u00e1ticas<\/strong>:<strong>&nbsp;Continente, Territ\u00f3rio, Homenagem, Di\u00e1logos Hist\u00f3ricos, Cinema de F\u00f4lego, A Cidade em Movimento, Mostrinha&nbsp;<\/strong>e<strong>&nbsp;Cine-Escola.<\/strong><\/p>\n\n\n\n<p>No recorte de cinema latino-americano, as mostras Continente, Territ\u00f3rio e Cinema de F\u00f4lego se misturam na diversidade de produ\u00e7\u00f5es e formas de olhar a regi\u00e3o. No caso da&nbsp;<strong>Territ\u00f3rio<\/strong>, que inaugura uma mostra competitiva na CineBH, ela tem a import\u00e2ncia de apresentar a olhares brasileiros uma nova gera\u00e7\u00e3o de autorias latinas, a maioria estreando em longas-metragens. H\u00e1 ainda a import\u00e2ncia de introduzir essa nova gera\u00e7\u00e3o por meio de um conjunto de oito filmes (metade com dire\u00e7\u00e3o de mulheres) avessos a estere\u00f3tipos de latinidades gen\u00e9ricas e expressivos das m\u00faltiplas possibilidades de se atentar a um territ\u00f3rio concreto, local antes de nacional. As autoralidades pensadas no processo curatorial partem dos mundos que estimulam a cria\u00e7\u00e3o, conectando os t\u00edtulos para al\u00e9m de propostas tem\u00e1ticas.<\/p>\n\n\n\n<p>Por sua vez, a<strong>Cinema de F\u00f4lego<\/strong>prop\u00f5e uma intensa experi\u00eancia de imers\u00e3o, com as pr\u00e9-estreia do longa&nbsp;<strong>&#8220;A Longa Viagem do \u00d4nibus Amarelo&#8221;<\/strong>, de&nbsp;<strong>J\u00falio Bressane e Rodrigo Lima<\/strong>, que faz um mergulho pelo imagin\u00e1rio do m\u00edtico realizador carioca Bressane ao longo de 7h10.<\/p>\n\n\n\n<p>A mostra&nbsp;<strong>Di\u00e1logos Hist\u00f3ricos<\/strong>&nbsp;contou com a curadoria de Cleber Eduardo e Marcelo Miranda e este ano \u00e9 um tributo ao dramaturgo<strong>&nbsp;Jos\u00e9 Celso Martinez Corr\u00eaa<\/strong>, falecido em julho. Ser\u00e3o exibidos e comentados, com presen\u00e7a de cr\u00edticos e pesquisadores, tr\u00eas filmes que ilustram a forte presen\u00e7a de Z\u00e9 Celso tamb\u00e9m nas telas de cinema:&nbsp;<strong>&#8220;Prata Palomares&#8221;<\/strong>&nbsp;(Andr\u00e9 Faria, 1970), no qual ele foi roteirista;&nbsp;<strong>&#8220;O Rei da Vela&#8221;<\/strong>&nbsp;(1982), \u00fanico filme no qual ele assina dire\u00e7\u00e3o, aqui em parceria com Noilton Nunes; e&nbsp;<strong>&#8220;Fedro&#8221;<\/strong>&nbsp;(Marcelo Seb\u00e1, 2021), em que ele surge de corpo, alma e voz com o ex-pupilo Reynaldo Gianecchini num longo e intenso papo \u00edntimo sobre arte, sexo, vida e pol\u00edtica.<\/p>\n\n\n\n<p>A mostra&nbsp;<strong>A Cidade em Movimento<\/strong>, recorte com curadoria de&nbsp;<strong>Paula Kimo,<\/strong>&nbsp;exibe produ\u00e7\u00f5es independentes de Belo Horizonte e regi\u00e3o metropolitana em di\u00e1logo direto com a viv\u00eancia nas cidades. Este ano, o tema \u00e9&nbsp;<strong>&#8220;Olhar o Horizonte&#8221;,<\/strong>&nbsp;pautado em filmes que apresenta formas de mundos imaginados, com frescor de novidade, a partir da ideia de que a linha de um horizonte como o que se tem na capital mineira e regi\u00e3o denota distintas paisagens numa regi\u00e3o cercada por montanhas e interrompida por grandes edif\u00edcios, o que revela os conflitos e as camadas hist\u00f3ricas e sociais que habitam uma metr\u00f3pole clamando por visibilidade. Disso os mais de 15 filmes a serem exibidos, acompanhados sempre de uma roda de conversa com convidados especiais, abrem espa\u00e7o \u00e0 diversidade que preenche o cotidiano de beleza e poesia.<\/p>\n\n\n\n<p>Tem sess\u00e3o para toda fam\u00edlia, com a realiza\u00e7\u00e3o da&nbsp;<strong>Mostrinha de Cinema<\/strong>&nbsp;que acontece nos dias 30 de set e 1\u00ba de out, s\u00e1bado e domingo, em Santa Tereza, na Sala do Minas T\u00eanis Clube, na Pra\u00e7a da Liberdade. As sess\u00f5es ser\u00e3o acompanhadas pelos personagens da Turma do Pipoca e interven\u00e7\u00f5es circenses.<\/p>\n\n\n\n<p>Por fim, as&nbsp;<strong>Sess\u00f5es Cine-Escola<\/strong>&nbsp;s\u00e3o promovidas para estudantes e educadores em&nbsp;<strong>seis sess\u00f5es de filmes<\/strong>, com exibi\u00e7\u00e3o de&nbsp;<strong>13 filmes brasileiros<\/strong>&nbsp;entre longa e curtas, programados por faixas et\u00e1rias \u2013 5 a 7 anos, 8 a 10 anos, 11 a 13 anos e a partir de 14 anos. As sess\u00f5es acontecem nos dias 22, 28 e 29 de setembro em tr\u00eas espa\u00e7os da cidade &#8211; Grande Teatro do Sesc Palladium, Teatro Sesiminas e Cine Santa Tereza. As sess\u00f5es s\u00e3o destinadas \u00e0s escolas inscritas previamente pelo site&nbsp;<a href=\"http:\/\/cinebh.com.br\/\" target=\"_blank\" rel=\"noreferrer noopener\">cinebh.com.br<\/a>&nbsp;at\u00e9 o dia 13 de setembro. Toda programa\u00e7\u00e3o \u00e9 gratuita.<\/p>\n\n\n\n<p><strong>BRASIL CINEMUNDI \u2013 O EVENTO DE MERCADO DO CINEMA BRASILEIRO<\/strong><\/p>\n\n\n\n<p>Em sua 14<sup>a<\/sup>&nbsp;edi\u00e7\u00e3o, o&nbsp;<strong>Brasil CineMundi<\/strong>, evento de mercado do cinema brasileiro, realizado em edi\u00e7\u00f5es anuais e consecutivas desde 2010 durante a CineBH, \u00e9 a principal plataforma de rede de contatos e neg\u00f3cios \u00e0 produ\u00e7\u00e3o do pa\u00eds em rela\u00e7\u00e3o com outros profissionais do mundo todo. O CineMundi promove interc\u00e2mbio entre mercado e projetos de filmes brasileiros, potencializa conex\u00f5es entre realizadores independentes, parceiros e troca de a\u00e7\u00f5es e informa\u00e7\u00f5es e seleciona diversos projetos para compor rodadas de neg\u00f3cio com produtores para orienta\u00e7\u00f5es que possam auxiliar na viabilidade das propostas.<\/p>\n\n\n\n<p>Entre os mais de&nbsp;<strong>40<\/strong>&nbsp;<strong>convidados de 18 pa\u00edses (<\/strong><strong>Alemanha, Argentina, Brasil, Canad\u00e1, Chile, Col\u00f4mbia, Cuba, Espanha, EUA, Fran\u00e7a, Holanda, It\u00e1lia, M\u00e9xico, Peru, Portugal, Reino Unido, Su\u00ed\u00e7a, Uruguai<\/strong><strong>),&nbsp;<\/strong>estar\u00e3o representantes da<strong>&nbsp;ind\u00fastria mundial do audiovisual<\/strong>, agentes de vendas, distribuidores, tutores, representantes de fundos de financiamento, programadores de festivais internacionais e representantes de&nbsp;<em>players<\/em>&nbsp;nacionais de circula\u00e7\u00e3o multim\u00eddia, como canais de streaming e televis\u00e3o.<\/p>\n\n\n\n<p>Eles v\u00eam participar de meetings e consultorias com&nbsp;os&nbsp;<strong>50 projetos<\/strong><strong>&nbsp;selecionados para esta edi\u00e7\u00e3o<\/strong>.&nbsp;S\u00e3o&nbsp;<strong>40 projetos em desenvolvimento<\/strong>, sendo 10 na&nbsp;categoria&nbsp;<strong>Horizonte<\/strong>&nbsp;(representa o horizonte de temas, diversidade e cria\u00e7\u00e3o do audiovisual brasileiro),&nbsp;seis na&nbsp;<strong>DocBrasil Meeting<\/strong>&nbsp;(focada em document\u00e1rios),&nbsp;seis na&nbsp;<strong>Foco Minas<\/strong>&nbsp;(exclusiva para projetos mineiros) e&nbsp;18 na categoria&nbsp;<strong>Paradiso Multiplica<\/strong>&nbsp;(parceria com o Projeto Paradiso, incubadora de talentos).<\/p>\n\n\n\n<p>Todos os projetos escolhidos para o Brasil CineMundi participam do&nbsp;<strong>CineMundi Lab&nbsp;<\/strong>\u2013 programa de forma\u00e7\u00e3o \u2013 e ter\u00e3o acesso a laborat\u00f3rios de desenvolvimento, workshop de Design de Audi\u00eancia, mentorias de roteiro, consultorias com tutores especializados, masterclasses, estudo de caso, debates e pain\u00e9is de mercado. Nas rodadas de neg\u00f3cios, os produtores e diretores dos projetos participantes t\u00eam encontros individuais com os profissionais nacionais e internacionais, convidados pelo evento, interessados em coprodu\u00e7\u00e3o e vendas audiovisuais no mundo todo.<\/p>\n\n\n\n<p>Com a parceria de diversas iniciativas de fundos de produ\u00e7\u00e3o, o CineMundi conta com pr\u00eamio aos projetos mais bem cotados pelos j\u00faris de avalia\u00e7\u00e3o. H\u00e1 bolsas de desenvolvimento, participa\u00e7\u00e3o em eventos internacionais de coprodu\u00e7\u00e3o e incentivos \u00e0 cria\u00e7\u00e3o.<\/p>\n\n\n\n<p><strong>PROGRAMA DE FORMA\u00c7\u00c3O AUDIOVISUAL<\/strong><\/p>\n\n\n\n<p>Com o prop\u00f3sito de fornecer ferramentas conceituais e pr\u00e1ticas para capacita\u00e7\u00e3o de profissionais, troca de experi\u00eancias entre diferentes agentes do setor audiovisual, ao mesmo tempo, que prop\u00f5e gerar interc\u00e2mbio, promover encontros, di\u00e1logos, discuss\u00f5es e estabelecer redes de contato e conex\u00f5es globais com foco no mercado audiovisual, o&nbsp;<strong>Programa de Forma\u00e7\u00e3o Audiovisual<\/strong>&nbsp;integra a programa\u00e7\u00e3o da 17\u00aa Mostra CineBH e do 14\u00ba Brasil CineMundi \u2013 Encontro Internacional de Coprodu\u00e7\u00e3o.<\/p>\n\n\n\n<p>Nesta edi\u00e7\u00e3o, o programa&nbsp;<strong>oferece 2 oficinas, tr\u00eas laborat\u00f3rios de roteiro, workshops e masterclasses internacionais, cinco rodas de conversa, sess\u00f5es comentadas, debates tem\u00e1ticos e com foco no mercado audiovisual.<\/strong><\/p>\n\n\n\n<p><strong>TODA PROGRAMA\u00c7\u00c3O \u00c9 OFERECIDA GRATUITAMENTE AO P\u00daBLICO<\/strong><\/p>\n\n\n\n<p>***<\/p>\n\n\n\n<p><strong>SOBRE A 17\u00aa CINEBH \u2013 MOSTRA INTERNACIONAL DE CINEMA DE BELO HORIZONTE<\/strong><\/p>\n\n\n\n<p>O CINEMA BRASILEIRO EM CONEX\u00c3O COM O MERCADO INTERNACIONAL E A CAPITAL MINEIRA<\/p>\n\n\n\n<p><br>A&nbsp;<strong>CineBH &#8211; Mostra Internacional de Cinema de Belo Horizonte,&nbsp;<\/strong>o evento de cinema da capital mineira,&nbsp;chega a sua 17\u00aa edi\u00e7\u00e3o entre os dias&nbsp;<strong>26 de setembro a 1\u00ba de outubro de 2023<\/strong><strong>.&nbsp;<\/strong>O evento promove a conex\u00e3o entre o cinema brasileiro e o mercado internacional e se apresenta como instrumento de forma\u00e7\u00e3o, reflex\u00e3o, exibi\u00e7\u00e3o e difus\u00e3o do audiovisual em di\u00e1logo com outros pa\u00edses.<\/p>\n\n\n\n<p>A CineBH prev\u00ea em sua programa\u00e7\u00e3o a oferta de atividades oferecidas gratuitamente ao p\u00fablico: exibi\u00e7\u00f5es de&nbsp;<strong>filmes nacionais e internacionais, pr\u00e9-estreias e mostras retrospectivas<\/strong>, programa de forma\u00e7\u00e3o com a oferta de&nbsp;<strong>oficinas, workshops, laborat\u00f3rios, masterclasses, debates e pain\u00e9is,&nbsp;<\/strong>promo\u00e7\u00e3o do fomento ao empreendedorismo, dissemina a informa\u00e7\u00e3o, produz e difunde conhecimento, cria oportunidades de rede contatos e neg\u00f3cios, re\u00fane a cadeia produtiva do audiovisual numa programa\u00e7\u00e3o abrangente e gratuita.<\/p>\n\n\n\n<p><strong>SOBRE O BRASIL CINEMUNDI<\/strong><\/p>\n\n\n\n<p>O&nbsp;<strong>BRASIL CINEMUNDI \u2013 International Coproduction Meeting<\/strong>, evento de mercado do cinema brasileiro, integra a 17\u00aa Mostra CineBH e chega a sua&nbsp;<strong>14\u00aa edi\u00e7\u00e3o&nbsp;<\/strong><strong>26 de setembro a 1\u00ba de outubro de 2023&nbsp;<\/strong>com o prop\u00f3sito de apresentar ao mercado projetos de filmes brasileiros em longa-metragem, facilitando as conex\u00f5es entre as produ\u00e7\u00f5es e o mercado internacional por meio de parcerias produtivas e da troca de informa\u00e7\u00f5es e a\u00e7\u00f5es.<\/p>\n\n\n\n<p>O evento promove a amplia\u00e7\u00e3o da rede de contatos e neg\u00f3cios entre profissionais brasileiros e representantes da ind\u00fastria nacional e estrangeira, al\u00e9m de atividades de capacita\u00e7\u00e3o, coopera\u00e7\u00e3o, interc\u00e2mbio, meetings e premia\u00e7\u00e3o, com foco nas tend\u00eancias do cinema contempor\u00e2neo e na produ\u00e7\u00e3o independente de perspectiva autoral e inovadora.<\/p>\n\n\n\n<p>***<\/p>\n\n\n\n<p><strong>A 17\u00aa CineBH \u2013 Mostra Internacional de Cinema de Belo Horizonte e o 14\u00ba Brasil CineMundi&nbsp;<\/strong>integram o Cinema sem Fronteiras 2022 \u2013 programa internacional de audiovisual idealizado pela&nbsp;<strong>Universo Produ\u00e7\u00e3o<\/strong>&nbsp;e que re\u00fane tamb\u00e9m a&nbsp;<strong>Mostra de Cinema de Tiradentes&nbsp;<\/strong>(centrada na produ\u00e7\u00e3o contempor\u00e2nea, em janeiro) e a&nbsp;<strong>CineOP \u2013 Mostra de Cinema de Ouro Preto&nbsp;<\/strong>(que difunde o audiovisual como patrim\u00f4nio e ferramenta de educa\u00e7\u00e3o, em junho).<\/p>\n","protected":false},"excerpt":{"rendered":"<p>Cimema em BH<\/p>\n","protected":false},"author":1,"featured_media":633,"comment_status":"open","ping_status":"open","sticky":false,"template":"","format":"standard","meta":{"footnotes":"","_jetpack_memberships_contains_paid_content":false,"jetpack_publicize_message":"","jetpack_publicize_feature_enabled":true,"jetpack_social_post_already_shared":true,"jetpack_social_options":{"image_generator_settings":{"template":"highway","enabled":false}}},"categories":[1],"tags":[],"jetpack_publicize_connections":[],"views":1839,"jetpack_sharing_enabled":true,"jetpack_featured_media_url":"https:\/\/i0.wp.com\/portalinconfidentes.com.br\/wp-content\/uploads\/2023\/09\/cinema.jpg?fit=800%2C533&ssl=1","_links":{"self":[{"href":"https:\/\/portalinconfidentes.com.br\/index.php\/wp-json\/wp\/v2\/posts\/632"}],"collection":[{"href":"https:\/\/portalinconfidentes.com.br\/index.php\/wp-json\/wp\/v2\/posts"}],"about":[{"href":"https:\/\/portalinconfidentes.com.br\/index.php\/wp-json\/wp\/v2\/types\/post"}],"author":[{"embeddable":true,"href":"https:\/\/portalinconfidentes.com.br\/index.php\/wp-json\/wp\/v2\/users\/1"}],"replies":[{"embeddable":true,"href":"https:\/\/portalinconfidentes.com.br\/index.php\/wp-json\/wp\/v2\/comments?post=632"}],"version-history":[{"count":1,"href":"https:\/\/portalinconfidentes.com.br\/index.php\/wp-json\/wp\/v2\/posts\/632\/revisions"}],"predecessor-version":[{"id":634,"href":"https:\/\/portalinconfidentes.com.br\/index.php\/wp-json\/wp\/v2\/posts\/632\/revisions\/634"}],"wp:featuredmedia":[{"embeddable":true,"href":"https:\/\/portalinconfidentes.com.br\/index.php\/wp-json\/wp\/v2\/media\/633"}],"wp:attachment":[{"href":"https:\/\/portalinconfidentes.com.br\/index.php\/wp-json\/wp\/v2\/media?parent=632"}],"wp:term":[{"taxonomy":"category","embeddable":true,"href":"https:\/\/portalinconfidentes.com.br\/index.php\/wp-json\/wp\/v2\/categories?post=632"},{"taxonomy":"post_tag","embeddable":true,"href":"https:\/\/portalinconfidentes.com.br\/index.php\/wp-json\/wp\/v2\/tags?post=632"}],"curies":[{"name":"wp","href":"https:\/\/api.w.org\/{rel}","templated":true}]}}