{"id":629,"date":"2023-09-21T22:17:21","date_gmt":"2023-09-22T01:17:21","guid":{"rendered":"https:\/\/portalinconfidentes.com.br\/?p=629"},"modified":"2023-09-21T22:17:21","modified_gmt":"2023-09-22T01:17:21","slug":"prefeitura-de-mariana-vacina-mais-de-seis-mil-animais-com-a-campanha-de-vacinacao-antirrabica-animal","status":"publish","type":"post","link":"https:\/\/portalinconfidentes.com.br\/index.php\/2023\/09\/21\/prefeitura-de-mariana-vacina-mais-de-seis-mil-animais-com-a-campanha-de-vacinacao-antirrabica-animal\/","title":{"rendered":"Prefeitura de Mariana vacina mais de seis mil animais com a Campanha de Vacina\u00e7\u00e3o Antirr\u00e1bica Animal"},"content":{"rendered":"\n<p>Por Evelin Almeida&nbsp;<\/p>\n\n\n\n<p>Durante o m\u00eas de agosto iniciamos, por meio da Secretaria de Sa\u00fade, a Campanha de Vacina\u00e7\u00e3o Antirr\u00e1bica Animal 2023, com aten\u00e7\u00e3o especial aos distritos de Mariana. Foram diversos postos de vacina posicionados estrategicamente para facilitar o deslocamento com o animal, respons\u00e1veis pela vacina\u00e7\u00e3o, at\u00e9 o momento, de mais de seis mil animais. A equipe volante seguiu com os trabalhos nas zonas rurais e comunidades de dif\u00edcil acesso, pensando naqueles que n\u00e3o possuem condi\u00e7\u00f5es de deslocamento.&nbsp;<\/p>\n\n\n\n<p>A principal forma de prote\u00e7\u00e3o para o animal contra a doen\u00e7a \u00e9 a vacina, por isso, intensificamos as a\u00e7\u00f5es durante o m\u00eas de agosto e setembro para atingir toda a comunidade. Wilson Rolim tem 76 anos, \u00e9 morador de Padre Viegas, e explica sobre a import\u00e2ncia da vacina\u00e7\u00e3o: \u201cEu venho acompanhando o trabalho de voc\u00eas e temos mais do que agradecer. Eu fa\u00e7o esse trabalho em prol dos animais, pego os de rua e estou levando para vacinar, e \u00e9 um bem para os animais e para n\u00f3s.\u201d&nbsp;<\/p>\n\n\n\n<p>A Vacina\u00e7\u00e3o Antirr\u00e1bica Animal \u00e9 uma Campanha que ocorre anualmente, a fim de promover cada dia mais sa\u00fade para a vida do animal. A Doen\u00e7a Raiva \u00e9 uma zoonose adquirida a partir do v\u00edrus do g\u00eanero&nbsp;Lyssavirus, da fam\u00edlia&nbsp;Rabhdovirida, que pode acometer animais e seres humanos. O v\u00edrus ataca o sistema nervoso central do hospedeiro, causando inflama\u00e7\u00e3o no c\u00e9rebro, sendo considerada uma enfermidade fatal. As principais formas de transmiss\u00e3o ocorrem quando o v\u00edrus existente na saliva do animal infectado penetra no organismo atrav\u00e9s da pele ou mucosas, por meio de mordedura, arranhadura ou lambedura.&nbsp;<\/p>\n\n\n\n<p>CRONOGRAMA DE SETEMBRO&nbsp;<\/p>\n\n\n\n<p>Data: 23\/09\/23<\/p>\n\n\n\n<p>Hor\u00e1rio: 09h \u00e0s 16h&nbsp;<\/p>\n\n\n\n<p>Bairros&nbsp;<\/p>\n\n\n\n<p>Centro &#8211; CAPS (em frente a delegacia)&nbsp;<\/p>\n\n\n\n<p>Santana &#8211; Pracinha (pr\u00f3xima a Academia SAA)&nbsp;<\/p>\n\n\n\n<p>Santo Ant\u00f4nio &#8211; Escola Municipal Wilson Pimenta&nbsp;<\/p>\n\n\n\n<p>S\u00e3o Gon\u00e7alo &#8211; Casa de Madalena e Cruzeiro<\/p>\n\n\n\n<p>Vila do Carmo &#8211; Pr\u00f3ximo a CMT&nbsp;<\/p>\n\n\n\n<p>S\u00e3o Pedro &#8211; Quadra poliesportiva<\/p>\n\n\n\n<p>Ch\u00e1cara &#8211; Toca do Z\u00e9 Pereira<\/p>\n\n\n\n<p>Cartucha &#8211; Rua Capit\u00e3o L\u00facio (ponto de \u00f4nibus)<\/p>\n\n\n\n<p>Cabanas &#8211; Escola Municipal Monsenhor Jos\u00e9 Cota, ponto final de \u00f4nibus&nbsp;<\/p>\n\n\n\n<p>Santa Rita de C\u00e1ssia &#8211; Escola Municipal Dom Oscar de Oliveira (antiga lanchonete Saborear)&nbsp;<\/p>\n\n\n\n<p>Santa Clara &#8211; Conjunto Habitacional Santa Clara&nbsp;<\/p>\n\n\n\n<p>Data: 24\/09\/23<\/p>\n\n\n\n<p>Hor\u00e1rio: 09h \u00e0s 16h<\/p>\n\n\n\n<p>Bairros<\/p>\n\n\n\n<p>Vila Maquin\u00e9 &#8211; Sal\u00e3o Comunit\u00e1rio<\/p>\n\n\n\n<p>S\u00e3o Crist\u00f3v\u00e3o &#8211; Antigo Bar S\u00e3o Jorge&nbsp;<\/p>\n\n\n\n<p>Jardim dos Inconfidentes &#8211; Pra\u00e7a Avenida dos Pinheiros&nbsp;<\/p>\n\n\n\n<p>Jardim Santana &#8211; ao lado da Veterin\u00e1ria Peluda<\/p>\n\n\n\n<p>Barro Preto &#8211; Policl\u00ednica Municipal, Escola Estadual Dom Silv\u00e9rio&nbsp;<\/p>\n\n\n\n<p>Ros\u00e1rio &#8211; Quadra poliesportiva, Comercial Cerejeira, Igreja Nossa Senhora do Ros\u00e1rio, ponto pr\u00f3ximo a torre,&nbsp; Rua Dinamarca (Vigil\u00e2ncia Epidemiol\u00f3gica)<\/p>\n\n\n\n<p>Colina &#8211; Igreja cat\u00f3lica e alto da Colina (Bar do Bosco)&nbsp;<\/p>\n\n\n\n<p>Nossa Senhora Aparecida &#8211; pr\u00f3ximo a Mercearia Ipanema&nbsp;<\/p>\n\n\n\n<p>Foto: Evelin Almeida&nbsp;<\/p>\n","protected":false},"excerpt":{"rendered":"<p>Animais<\/p>\n","protected":false},"author":1,"featured_media":630,"comment_status":"open","ping_status":"open","sticky":false,"template":"","format":"standard","meta":{"footnotes":"","_jetpack_memberships_contains_paid_content":false,"jetpack_publicize_message":"","jetpack_publicize_feature_enabled":true,"jetpack_social_post_already_shared":true,"jetpack_social_options":{"image_generator_settings":{"template":"highway","enabled":false}}},"categories":[1],"tags":[],"jetpack_publicize_connections":[],"views":1784,"jetpack_sharing_enabled":true,"jetpack_featured_media_url":"https:\/\/i0.wp.com\/portalinconfidentes.com.br\/wp-content\/uploads\/2023\/09\/cachorro.jpg?fit=800%2C533&ssl=1","_links":{"self":[{"href":"https:\/\/portalinconfidentes.com.br\/index.php\/wp-json\/wp\/v2\/posts\/629"}],"collection":[{"href":"https:\/\/portalinconfidentes.com.br\/index.php\/wp-json\/wp\/v2\/posts"}],"about":[{"href":"https:\/\/portalinconfidentes.com.br\/index.php\/wp-json\/wp\/v2\/types\/post"}],"author":[{"embeddable":true,"href":"https:\/\/portalinconfidentes.com.br\/index.php\/wp-json\/wp\/v2\/users\/1"}],"replies":[{"embeddable":true,"href":"https:\/\/portalinconfidentes.com.br\/index.php\/wp-json\/wp\/v2\/comments?post=629"}],"version-history":[{"count":1,"href":"https:\/\/portalinconfidentes.com.br\/index.php\/wp-json\/wp\/v2\/posts\/629\/revisions"}],"predecessor-version":[{"id":631,"href":"https:\/\/portalinconfidentes.com.br\/index.php\/wp-json\/wp\/v2\/posts\/629\/revisions\/631"}],"wp:featuredmedia":[{"embeddable":true,"href":"https:\/\/portalinconfidentes.com.br\/index.php\/wp-json\/wp\/v2\/media\/630"}],"wp:attachment":[{"href":"https:\/\/portalinconfidentes.com.br\/index.php\/wp-json\/wp\/v2\/media?parent=629"}],"wp:term":[{"taxonomy":"category","embeddable":true,"href":"https:\/\/portalinconfidentes.com.br\/index.php\/wp-json\/wp\/v2\/categories?post=629"},{"taxonomy":"post_tag","embeddable":true,"href":"https:\/\/portalinconfidentes.com.br\/index.php\/wp-json\/wp\/v2\/tags?post=629"}],"curies":[{"name":"wp","href":"https:\/\/api.w.org\/{rel}","templated":true}]}}