{"id":623,"date":"2023-09-17T20:37:30","date_gmt":"2023-09-17T23:37:30","guid":{"rendered":"https:\/\/portalinconfidentes.com.br\/?p=623"},"modified":"2023-09-17T20:37:30","modified_gmt":"2023-09-17T23:37:30","slug":"17a-cinebh-divulga-programacao-_-93-filmes-de-12-estados-brasileiros-e-internacionais-_-26-9-a-1-10","status":"publish","type":"post","link":"https:\/\/portalinconfidentes.com.br\/index.php\/2023\/09\/17\/17a-cinebh-divulga-programacao-_-93-filmes-de-12-estados-brasileiros-e-internacionais-_-26-9-a-1-10\/","title":{"rendered":"17\u00aa CineBH divulga programa\u00e7\u00e3o _ 93 filmes de 12 estados brasileiros e internacionais _ 26\/9 a 1\/10"},"content":{"rendered":"\n<p><strong>CINEBH EXIBE PRODU\u00c7\u00c3O AUTORAL LATINO-AMERICANA E REALIZA SUA PRIMEIRA EDI\u00c7\u00c3O COMPETITIVA COM A MOSTRA TERRIT\u00d3RIO<br><\/strong><\/p>\n\n\n\n<p><em>Ao longo de seis dias de evento, 17<sup>a<\/sup>&nbsp;edi\u00e7\u00e3o da Mostra Internacional de Cinema de Belo Horizonte vai apresentar 93 filmes, entre curtas, m\u00e9dias e longas-metragens, divididos em nove se\u00e7\u00f5es tem\u00e1ticas<\/em><\/p>\n\n\n\n<p>A programa\u00e7\u00e3o de filmes da&nbsp;<strong>17<sup>a<\/sup>&nbsp;CineBH \u2013 Mostra Internacional de Cinema de Belo Horizonte&nbsp;<\/strong>conta com&nbsp;<strong>93 filmes nacionais e internacionais (39 longas, 51 curtas e 3 m\u00e9dias),&nbsp;<\/strong>de<strong>&nbsp;13 pa\u00edses&nbsp;<\/strong>(Alemanha,&nbsp;Argentina, Brasil, Catar, Chile, Col\u00f4mbia, Cuba, Fran\u00e7a, M\u00e9xico,&nbsp;Paraguai, Peru, Rom\u00eania)<strong>&nbsp;e 12 estados brasileiros&nbsp;<\/strong>(Cear\u00e1, Distrito Federal, Esp\u00edrito Santo, Goi\u00e1s, Minas Gerais, Paran\u00e1, Pernambuco, Rio de Janeiro, Roraima, Santa Catarina, S\u00e3o Paulo),<strong>&nbsp;a serem exibidos em 56 sess\u00f5es em oito espa\u00e7os da cidade mineira<\/strong>. De&nbsp;<strong>26 de setembro a 1<sup>o<\/sup>&nbsp;de outubro<\/strong>, Belo Horizonte se torna a capital mundial do audiovisual com sess\u00f5es de pr\u00e9-estreias, mostra-homenagem, sess\u00f5es infantis e escolares e dois recortes dedicados \u00e0 produ\u00e7\u00e3o latino-americana \u2013 inclusive inaugurando em 2023 a primeira edi\u00e7\u00e3o de uma mostra competitiva internacional, a Mostra &nbsp;Territ\u00f3rio.<\/p>\n\n\n\n<p>Para n\u00e3o se perder nessa quantidade de t\u00edtulos e saber onde pode ser sua pr\u00f3xima parada na CineBH, confira a seguir que tipo de filme vai rolar em cada mostra, com seus perfis e estilos.<\/p>\n\n\n\n<p><strong>SESS\u00c3O DE ABERTURA<\/strong><\/p>\n\n\n\n<p>A sess\u00e3o de abertura da 17<sup>a<\/sup>&nbsp;CineBH vai ser na noite de 26 de setembro, no hipercentro de Belo Horizonte, com&nbsp;<strong>&#8220;Z\u00e9&#8221;<\/strong>, fic\u00e7\u00e3o inspirada na vida do militante de esquerda Jos\u00e9 Carlos da Mata Machado, morto pela ditadura militar em 1973. O filme integra a Mostra Homenagem desta edi\u00e7\u00e3o, sendo dirigido por&nbsp;<strong>Rafael Conde<\/strong>, cineasta mineiro que receber\u00e1 o reconhecimento pela sua trajet\u00f3ria, junto \u00e0 outra homenageada desta edi\u00e7\u00e3o, a diretora e atriz&nbsp;<strong>Yara de Novaes<\/strong>.<\/p>\n\n\n\n<p><strong>MOSTRA TERRIT\u00d3RIO | COMPETITITVA<\/strong><\/p>\n\n\n\n<p>Inaugurando o recorte competitivo na CineBH, a Mostra Territ\u00f3rio conta com 8 longas-metragens de 7 pa\u00edses latinos, a serem avaliados por um j\u00fari oficial formado pelo cineasta&nbsp;<strong>Andr\u00e9 Novais Oliveira (MG), pela pesquisadora e curadora Carla Italiano (MG), pela jornalista e pesquisadora Mariana Queen Nwabasili (SP), pelo professor e cr\u00edtico Roberto Cotta (RS\/BA) e pela prosutora Sara Silveira (RS\/SP)<\/strong>. &#8220;S\u00e3o filmes avessos a estere\u00f3tipos de latinidades gen\u00e9ricas e expressivos das m\u00faltiplas possibilidades de se atentar a um territ\u00f3rio concreto, local antes de nacional, e n\u00e3o deixar as press\u00f5es pelas justas representa\u00e7\u00f5es asfixiar as autoralidades&#8221;, destaca&nbsp;<strong>Cl\u00e9ber Eduardo<\/strong>, coordenador curatorial. Al\u00e9m de Cl\u00e9ber, participaram da sele\u00e7\u00e3o<strong>&nbsp;Leonardo Amaral<\/strong>&nbsp;e&nbsp;<strong>Ester<\/strong>&nbsp;<strong>F\u00e9r.<\/strong><\/p>\n\n\n\n<p>Cl\u00e9ber aponta que nenhum dos t\u00edtulos na Mostra Territ\u00f3rio \u00e9 necessariamente representativo dos cinemas feitos em seus pa\u00edses, e sim propostas alternativas ao que se sup\u00f5e serem elementos t\u00edpicos destes cinemas nacionais. Em di\u00e1logo coerente com a CineBH, parte dos selecionados \u00e9 fruto de coprodu\u00e7\u00f5es com outros pa\u00edses. &#8220;A visibilidade a esses filmes \u00e9 nossa contribui\u00e7\u00e3o no desejo e dever de compartilhar aquilo que vislumbramos com empolga\u00e7\u00e3o&#8221;.<\/p>\n\n\n\n<p>Os t\u00edtulos da Mostra Territ\u00f3rio s\u00e3o:&nbsp;<strong>&#8220;Guapo&#8217;y&#8221;<\/strong>&nbsp;(Sofia Paoli Thorne, Paraguai\/Catar);&nbsp;<strong>&#8220;Otro Sol&#8221;<\/strong>&nbsp;(Francisco Rodriguez Teare, Chile\/Fran\u00e7a\/B\u00e9lgica),&nbsp;<strong>&#8220;Moto&#8221;<\/strong>&nbsp;(Gast\u00f3n&nbsp; Sahajdacny, Argentina),&nbsp;<strong>&#8220;Llamadas desde Moscu&#8221;<\/strong>&nbsp;(Luis Alejandro Yero, Cuba),&nbsp;<strong>&#8220;A La Sombra de la Luz&#8221;<\/strong>&nbsp;(Isabel Reyes e Ignacia Merino, Chile),&nbsp;<strong>&#8220;Diogenes&#8221;<\/strong>&nbsp;(Leonardo Barbuy, Peru),&nbsp;<strong>&#8220;Puentes en el Mar&#8221;<\/strong>&nbsp;(Patricia Ayala Ruiz, Col\u00f4mbia) e&nbsp;<strong>&#8220;Toda Noite Estarei L\u00e1&#8221;<\/strong>&nbsp;(Tati Franklin e Suellen Vasconcelos, Brasil).<\/p>\n\n\n\n<p><strong>MOSTRA CONTINENTE<\/strong><\/p>\n\n\n\n<p>Mais um recorte de filmes latinos na CineBH, a&nbsp;<strong>Mostra Continente<\/strong>, com curadoria de&nbsp;<strong>Cl\u00e9ber Eduardo<\/strong>,&nbsp;<strong>Ester F\u00e9r<\/strong>,&nbsp;<strong>Leonardo Amaral<\/strong>&nbsp;e&nbsp;<strong>Marcelo Miranda<\/strong>, re\u00fane um total de 14 longas selecionados, reunidos sob o t\u00edtulo da tem\u00e1tica desta edi\u00e7\u00e3o, &#8220;Territ\u00f3rios da Latinidade&#8221;. Em medidas vari\u00e1veis, todos tratam espa\u00e7os, ambientes e territ\u00f3rios nos quais vivem e se movem pessoas de diferentes g\u00eaneros, identidades, ocupa\u00e7\u00f5es, experi\u00eancias e faixas et\u00e1rias, tanto das cidades como dos campos, com essas figuras centrais ocupando posi\u00e7\u00e3o central e mobilizadora em cada obra.<\/p>\n\n\n\n<p>&#8220;\u00c9 um time de autorias e um elenco de filmes no m\u00ednimo instigante e no m\u00e1ximo fundamental para se vislumbrar uma variedade de pot\u00eancias e de possibilidades cinematogr\u00e1ficas no cinema da Am\u00e9rica Latina&#8221;, destaca a curadora Ester F\u00e9r. &#8220;H\u00e1 uma for\u00e7a coletiva calcada no pertencimento a um tempo e a um lugar, apesar da coprodu\u00e7\u00e3o como modo de viabiliza\u00e7\u00e3o de uns tantos&#8221;.<\/p>\n\n\n\n<p>O conjunto re\u00fane filmes da Argentina, Brasil, Chile, Col\u00f4mbia e M\u00e9xico, transitando por quest\u00f5es mais declaradamente pol\u00edticas e por enfoques mais subjetivos, sem necessariamente abrir m\u00e3o das rela\u00e7\u00f5es com o momento hist\u00f3rico-social. S\u00e3o eles:&nbsp;<strong>&#8220;El Reino de Dios&#8221;<\/strong>&nbsp;(Claudia Sainte-Luce, M\u00e9xico),&nbsp;<strong>&#8220;Las Pre\u00f1adas&#8221;<\/strong>&nbsp;(Pedro Wallace, Argentina\/Brasil),<strong>&nbsp;&#8220;Rejeito&#8221;&nbsp;<\/strong>(Pedro de Filippis, Brasil),&nbsp;<strong>&#8220;Vieja Viejo&#8221;<\/strong>&nbsp;(Ignacio Pavez, Chile),<strong>&nbsp;&#8220;El Grossor del Polvo&#8221;<\/strong>&nbsp;(Jonathan Hern\u00e1ndez, Mexico),&nbsp;<strong>&nbsp;&#8220;Utopia&#8221;<\/strong>&nbsp;(Laura G\u00f3mez Hinchapi\u00e9, Col\u00f4mbia),&nbsp;<strong>&#8220;Nada Sobre meu Pai&#8221;<\/strong>&nbsp;(Susanna Lira, Brasil),&nbsp;<strong>&#8220;Sean Eternxs&#8221;<\/strong>&nbsp;(Ra\u00fal Perrone, Argentina),&nbsp;<strong>&#8220;Amanh\u00e3&#8221;<\/strong>&nbsp;(Marcos Pimentel, Brasil),<strong>&nbsp;&#8220;Propriedade&#8221;<\/strong>&nbsp;(Daniel Bandeira, Brasil),&nbsp;<strong>&#8220;Tan Inmunda&#8221;<\/strong>&nbsp;(Wince Oyarce, Chile),&nbsp;<strong>&#8220;Anhell69&#8221;<\/strong>&nbsp;(Theo Montoya, Col\u00f4mbia),&nbsp;<strong>&#8220;O Estranho&#8221;<\/strong>&nbsp;(Flora Dias e Juruna Mallon, Brasil) e&nbsp;<strong>&#8220;A Longa Viagem do \u00d4nibus Amarelo&#8221;<\/strong>&nbsp;(Julio Bressane e Rodrigo Lima, Brasil), este \u00faltimo exibido no segmento chamado &#8220;Cinema de F\u00f4lego&#8221;, por conta de suas 7h10 de dura\u00e7\u00e3o.<\/p>\n\n\n\n<p><strong>MOSTRA HOMENAGEM<\/strong><\/p>\n\n\n\n<p>Em 2023 a CineBH relembra as trajet\u00f3rias de dois artistas mineiros: o diretor e roteirista&nbsp;<strong>Rafael Conde<\/strong>&nbsp;e a atriz, dramaturga e diretora&nbsp;<strong>Yara de Novaes<\/strong>. V\u00e1rios filmes com participa\u00e7\u00f5es de ambos est\u00e3o na programa\u00e7\u00e3o, incluindo alguns que contaram com o trabalho dos dois. Dirigidos por Conde, o longa&nbsp;<strong>&#8220;Samba Can\u00e7\u00e3o&#8221;<\/strong>&nbsp;(2002) tem Yara como atriz, os curtas&nbsp;<strong>&#8220;A Hora Vagabunda&#8221;<\/strong>&nbsp;(1998) e<strong>&nbsp;&#8220;Fran\u00e7oise&#8221;<\/strong>&nbsp;(2001) tem Yara como assistente de dire\u00e7\u00e3o e o longa&nbsp;<strong>&#8220;Fronteira&#8221;<\/strong>&nbsp;(2008) tem ela como atriz e diretora de elenco.<\/p>\n\n\n\n<p>Outros trabalhos de Conde na mostra s\u00e3o os curtas&nbsp;<strong>&#8220;Rua da Amargura&#8221;<\/strong>&nbsp;(2003),&nbsp;<strong>&#8220;A Chuva nos Telhados Antigos&#8221;&nbsp;<\/strong>(2006), al\u00e9m de&nbsp;<strong>&#8220;Z\u00e9&#8221;<\/strong>&nbsp;(2023) na sess\u00e3o de abertura. De Yara o p\u00fablico poder\u00e1 conferir sua faceta de atriz tamb\u00e9m na com\u00e9dia&nbsp;<strong>&#8220;Depois a Louca sou Eu&#8221;<\/strong>&nbsp;(2021), de Julia Rezende.<\/p>\n\n\n\n<p><strong>DI\u00c1LOGOS HIST\u00d3RICOS<\/strong><\/p>\n\n\n\n<p>A mostra<strong>&nbsp;Di\u00e1logos Hist\u00f3ricos<\/strong>, que anualmente exibe filmes conectados sob alguns determinados aspectos e acompanhados de coment\u00e1rios de cr\u00edticos ou pesquisadores especialistas nos temas e formas em cena, celebra este ano a mem\u00f3ria e o talento do dramaturgo&nbsp;<strong>Jos\u00e9 Celso Martinez Corr\u00eaa<\/strong>&nbsp;(1937-2023). Os t\u00edtulos, selecionados por&nbsp;<strong>Cl\u00e9ber Eduardo<\/strong>&nbsp;e&nbsp;<strong>Marcelo Miranda<\/strong>, s\u00e3o:&nbsp;<strong>&#8220;Prata Palomares&#8221;<\/strong>&nbsp;(Andr\u00e9 Faria, 1970), no qual Z\u00e9 Celso foi roteirista;&nbsp;<strong>&#8220;O Rei da Vela&#8221;<\/strong>&nbsp;(1982), \u00fanico filme em que ele assina dire\u00e7\u00e3o, em parceria com Noilton Nunes; e&nbsp;<strong>&#8220;Fedro&#8221;<\/strong>&nbsp;(Marcelo Seb\u00e1, 2021), no qual surge de corpo, alma e voz com o ex-pupilo Reynaldo Gianecchini num longo e intenso papo \u00edntimo sobre arte, sexo, vida e pol\u00edtica.<\/p>\n\n\n\n<p><strong>MOSTRA CINEMUNDI<\/strong><\/p>\n\n\n\n<p>A sele\u00e7\u00e3o, feita pelo cr\u00edtico&nbsp;<strong>Pedro Butcher<\/strong>, re\u00fane filmes brasileiros que tiveram projetos apresentados no programa Brasil CineMundi em edi\u00e7\u00f5es anteriores do evento. Este ano ser\u00e3o mostrados&nbsp;<strong>&#8220;Mato Seco em Chamas&#8221;<\/strong>, de Joana Pimenta e Adirley Queir\u00f3s;&nbsp;<strong>&#8220;Paterno&#8221;<\/strong>, de Marcelo Lordello; e<strong>&nbsp;&#8220;Tia Virg\u00ednia&#8221;,<\/strong>&nbsp;de F\u00e1bio Meira, recentemente premiado com cinco trof\u00e9us no Festival de Gramado, incluindo melhor atriz para Vera Holtz.<\/p>\n\n\n\n<p><strong>MOSTRA PRA\u00c7A<\/strong><\/p>\n\n\n\n<p>Em filmes de apelo popular e em conex\u00e3o com a cidade para um di\u00e1logo imediato com o p\u00fablico, os t\u00edtulos da Mostra Pra\u00e7a em 2023 s\u00e3o document\u00e1rios apresentando hist\u00f3rias reais e instigantes para o p\u00fablico presente no cinema instalado na Pra\u00e7a da Liberdade, um dos principais cart\u00f5es postais da capital mineira. Dois t\u00edtulos tratam de figuras importantes no cen\u00e1rio cultural brasileiro.&nbsp;<strong>&#8220;Andan\u00e7a \u2013 Encontros e Mem\u00f3rias de Beth Carvalho&#8221;,<\/strong>&nbsp;de Pedro Bronz, debru\u00e7a sobre robusto material de arquivo da artista para tra\u00e7ar um recorte \u00fanico, \u00edntimo da carreira e da vida dessa singular figura da cultura nacional. Por sua vez,&nbsp;<strong>&#8220;L\u00f4 Borges \u2013 Toda Essa \u00c1gua&#8221;<\/strong>, de Rodrigo de Oliveira, repassa a trajet\u00f3ria de brilhos, medos e sonhos deste celebre compositor mineiro.<\/p>\n\n\n\n<p>Uma dupla de curtas-metragens&nbsp; da mostra A Cidade em Movimento, ambos tratando e visibilizando figuras e ambi\u00eancias mineiras que se aprofundam nas pr\u00f3prias origens de um conceito de na\u00e7\u00e3o brasileira, &#8220;<strong>Senhores de Aruanda \u2013 Umbanda e Resist\u00eancia&#8221;,<\/strong>&nbsp;de Caio Barroso, e&nbsp;<strong>&#8220;Folia dos Anjos&#8221;,<\/strong>&nbsp;de Kdu dos Anjos; e o document\u00e1rio mineiro &#8220;<strong>Gerais da Pedra&#8221;,<\/strong>&nbsp;do trio Diego Zanotti, completam a sele\u00e7\u00e3o do Cine Pra\u00e7a.<\/p>\n\n\n\n<p><strong>A CIDADE EM MOVIMENTO<\/strong><\/p>\n\n\n\n<p>Com curadoria de Paula Kimo, a mostra este ano tem o tema&nbsp;<strong>&#8220;Olhar o Horizonte&#8221;<\/strong>, com filmes&nbsp;que apresentam formas de mundos imaginados, com frescor de novidade, a partir da ideia de que a linha de um horizonte como o que se tem na capital mineira e regi\u00e3o denota distintas paisagens numa regi\u00e3o cercada por montanhas e interrompida por grandes edif\u00edcios, o que revela os conflitos e as camadas hist\u00f3ricas e sociais que habitam uma metr\u00f3pole clamando por visibilidade.&nbsp;Ao todo s\u00e3o 16 filmes realizados em Belo Horizonte e regi\u00e3o metropolitana, com pouco ou nenhum recurso financeiro, em cinco sess\u00f5es na sala, sempre seguidas de rodas de conversa com convidados especiais sobre os assuntos dos filmes em quest\u00e3o.<\/p>\n\n\n\n<p><strong>MOSTRA DE CURTAS<\/strong><\/p>\n\n\n\n<p>Sob curadoria de&nbsp;<strong>Tatiana Carvalho Costa<\/strong>&nbsp;e&nbsp;<strong>Marcelo Miranda<\/strong>, a sele\u00e7\u00e3o de curtas-metragens na 17<sup>a<\/sup>&nbsp;CineBH apresenta um cen\u00e1rio estimulante de novas descobertas e constantes surpresas. Se a sele\u00e7\u00e3o n\u00e3o necessariamente se pautou pela tem\u00e1tica dos &#8220;Territ\u00f3rio(s) da Latinidade&#8221;, ela acabou por se relacionar diretamente a isso e aos caminhos gerais por justamente estar em contato com outras obras, imagin\u00e1rios e est\u00edmulos do continente \u2013 afinal, a Am\u00e9rica Latina tamb\u00e9m somos n\u00f3s.<\/p>\n\n\n\n<p>O conjunto de realizadores reunidos nas sess\u00f5es em 2023 articulam experi\u00eancias f\u00edlmicas da espacialidade urbana e de paisagens interiores de um pa\u00eds plural, abordam quest\u00f5es sociais urgentes e promovem mergulhos profundos em subjetividades diversas. Para ecoar a tem\u00e1tica geral da CineBH deste ano, a territorialidade desses filmes \u00e9 tanto geogr\u00e1fica, por estar fincada na l\u00edngua, na viv\u00eancia e nos espa\u00e7os brasileiros; e tamb\u00e9m \u00e9 afetiva, por remeter a processos internos de personagens, situa\u00e7\u00f5es e registros que fazem parte de mapas interiores \u00fanicos.<\/p>\n\n\n\n<p><strong>MOSTRINHA DE CINEMA<\/strong><\/p>\n\n\n\n<p>Duas sess\u00f5es para toda a fam\u00edlia comp\u00f5em a Mostrinha de Cinema, este ano com longa-metragens de anima\u00e7\u00e3o realizados em Minas Gerais.&nbsp;<strong>&#8220;Placa M\u00e3e&#8221;,<\/strong>&nbsp;de Igor Bastos foi produzido em Divin\u00f3polis e \u00e9 o primeiro trabalho do g\u00eanero feito no interior do estado. Por sua vez,&nbsp;<strong>&#8220;Chef Jack&#8221;<\/strong>, de Guilherme Fiuza Zenha, teve produ\u00e7\u00e3o na capital e tamb\u00e9m ser\u00e1 um \u00f3timo programa para o p\u00fablico infantojuvenil.<\/p>\n\n\n\n<p><strong>SESS\u00d5ES CINE-ESCOLA<\/strong><\/p>\n\n\n\n<p>A 17\u00aa CineBH conta tamb\u00e9m com a realiza\u00e7\u00e3o do&nbsp;<strong>programa Cine-Express\u00e3o &#8211; A Escola vai ao cinema,&nbsp;<\/strong>iniciativa &nbsp;que pretende aproximar o universo cinematogr\u00e1fico de crian\u00e7as, adolescentes e educadores da rede p\u00fablica atrav\u00e9s das&nbsp;<strong>sess\u00f5es Cine-escola.&nbsp;<\/strong>Crian\u00e7as e adolescentes, de cinco a 14 anos, poder\u00e3o assistir a produ\u00e7\u00f5es nacionais voltadas para sua faixa et\u00e1ria, e participar de um bate-papo sobre os filmes e os temas neles abordados. Ao todo, ser\u00e3o&nbsp;<strong>seis<\/strong><strong>&nbsp;sess\u00f5es de cinema com 13 filmes brasileiro<\/strong>s que apresentam temas universais e educativos para a forma\u00e7\u00e3o de crian\u00e7as e jovens.<\/p>\n\n\n\n<p><strong>SOBRE A 17\u00aa CINEBH \u2013 MOSTRA INTERNACIONAL DE CINEMA DE BELO HORIZONTE<\/strong><\/p>\n\n\n\n<p>O CINEMA BRASILEIRO EM CONEX\u00c3O COM O MERCADO INTERNACIONAL E A CAPITAL MINEIRA<\/p>\n\n\n\n<p><br>A&nbsp;<strong>CineBH &#8211; Mostra Internacional de Cinema de Belo Horizonte,&nbsp;<\/strong>o evento de cinema da capital mineira, chega a sua 17\u00aa edi\u00e7\u00e3o entre os dias&nbsp;<em><strong>26 de setembro a 1\u00ba de outubro<\/strong><\/em>&nbsp;e acontece<strong>&nbsp;em oito espa\u00e7os de Belo Horizonte &#8211;&nbsp;<\/strong><strong>Casa da Mostra,&nbsp;<\/strong><strong>Cine Theatro Brasil Vallourec, Funda\u00e7\u00e3o Clovis Salgado (Cine Humberto Mauro, Sala Jo\u00e3o Ceschiatti, Sala Juvenal Dias, Jardim Interno), Salas de Cinema Minas T\u00eanis Clube, Cine Sesc Palladium, Cine Santa Tereza, Teatro Sesiminas, Pra\u00e7a da Liberdade.&nbsp;<\/strong><\/p>\n\n\n\n<p>A CineBH oferece uma programa\u00e7\u00e3o intensa e gratuita com exibi\u00e7\u00e3o de mais de&nbsp;<strong>90<\/strong>&nbsp;<strong>filmes nacionais e internacionais, pr\u00e9-estreias e mostras retrospectivas<\/strong>, programa de forma\u00e7\u00e3o com a oferta de&nbsp;<strong>oficinas, workshops, laborat\u00f3rios, , debates e pain\u00e9is,&nbsp;<\/strong>promo\u00e7\u00e3o do fomento ao empreendedorismo, dissemina a informa\u00e7\u00e3o, produz e difunde conhecimento, cria oportunidades de rede contatos e neg\u00f3cios, re\u00fane a cadeia produtiva do audiovisual numa programa\u00e7\u00e3o abrangente e gratuita.<\/p>\n\n\n\n<p>***<\/p>\n\n\n\n<p><strong>A 17\u00aa CineBH \u2013 Mostra Internacional de Cinema de Belo Horizonte e o 14\u00ba Brasil CineMundi&nbsp;<\/strong>integram o Cinema sem Fronteiras 2023 \u2013 programa internacional de audiovisual idealizado pela&nbsp;<strong>Universo Produ\u00e7\u00e3o<\/strong>&nbsp;e que re\u00fane tamb\u00e9m a&nbsp;<strong>Mostra de Cinema de Tiradentes&nbsp;<\/strong>(centrada na produ\u00e7\u00e3o contempor\u00e2nea, em janeiro) e a&nbsp;<strong>CineOP \u2013 Mostra de Cinema de Ouro Preto&nbsp;<\/strong>(que difunde o audiovisual como patrim\u00f4nio e ferramenta de educa\u00e7\u00e3o, em junho).<\/p>\n","protected":false},"excerpt":{"rendered":"<p>17\u00aa CineBH <\/p>\n","protected":false},"author":1,"featured_media":624,"comment_status":"open","ping_status":"open","sticky":false,"template":"","format":"standard","meta":{"footnotes":"","_jetpack_memberships_contains_paid_content":false,"jetpack_publicize_message":"","jetpack_publicize_feature_enabled":true,"jetpack_social_post_already_shared":true,"jetpack_social_options":{"image_generator_settings":{"template":"highway","enabled":false}}},"categories":[1],"tags":[],"jetpack_publicize_connections":[],"views":2083,"jetpack_sharing_enabled":true,"jetpack_featured_media_url":"https:\/\/i0.wp.com\/portalinconfidentes.com.br\/wp-content\/uploads\/2023\/09\/cinebh.jpg?fit=800%2C533&ssl=1","_links":{"self":[{"href":"https:\/\/portalinconfidentes.com.br\/index.php\/wp-json\/wp\/v2\/posts\/623"}],"collection":[{"href":"https:\/\/portalinconfidentes.com.br\/index.php\/wp-json\/wp\/v2\/posts"}],"about":[{"href":"https:\/\/portalinconfidentes.com.br\/index.php\/wp-json\/wp\/v2\/types\/post"}],"author":[{"embeddable":true,"href":"https:\/\/portalinconfidentes.com.br\/index.php\/wp-json\/wp\/v2\/users\/1"}],"replies":[{"embeddable":true,"href":"https:\/\/portalinconfidentes.com.br\/index.php\/wp-json\/wp\/v2\/comments?post=623"}],"version-history":[{"count":1,"href":"https:\/\/portalinconfidentes.com.br\/index.php\/wp-json\/wp\/v2\/posts\/623\/revisions"}],"predecessor-version":[{"id":625,"href":"https:\/\/portalinconfidentes.com.br\/index.php\/wp-json\/wp\/v2\/posts\/623\/revisions\/625"}],"wp:featuredmedia":[{"embeddable":true,"href":"https:\/\/portalinconfidentes.com.br\/index.php\/wp-json\/wp\/v2\/media\/624"}],"wp:attachment":[{"href":"https:\/\/portalinconfidentes.com.br\/index.php\/wp-json\/wp\/v2\/media?parent=623"}],"wp:term":[{"taxonomy":"category","embeddable":true,"href":"https:\/\/portalinconfidentes.com.br\/index.php\/wp-json\/wp\/v2\/categories?post=623"},{"taxonomy":"post_tag","embeddable":true,"href":"https:\/\/portalinconfidentes.com.br\/index.php\/wp-json\/wp\/v2\/tags?post=623"}],"curies":[{"name":"wp","href":"https:\/\/api.w.org\/{rel}","templated":true}]}}