{"id":619,"date":"2023-09-14T22:45:12","date_gmt":"2023-09-15T01:45:12","guid":{"rendered":"https:\/\/portalinconfidentes.com.br\/?p=619"},"modified":"2023-09-14T22:45:12","modified_gmt":"2023-09-15T01:45:12","slug":"conviver-reciclar-e-criar-prefeitura-de-mariana-desenvolve-projeto-de-cuidados-ao-meio-ambiente-no-cria","status":"publish","type":"post","link":"https:\/\/portalinconfidentes.com.br\/index.php\/2023\/09\/14\/conviver-reciclar-e-criar-prefeitura-de-mariana-desenvolve-projeto-de-cuidados-ao-meio-ambiente-no-cria\/","title":{"rendered":"&#8220;Conviver reciclar e Criar\u201d! Prefeitura de Mariana desenvolve projeto de cuidados ao meio ambiente no CRIA"},"content":{"rendered":"\n<p>Por Giovanna Mar\u00e7al<\/p>\n\n\n\n<p>Na \u00faltima semana, a Prefeitura de Mariana, por meio do Centro de Refer\u00eancia da Inf\u00e2ncia e Adolesc\u00eancia de Mariana (CRIA), deu in\u00edcio ao projeto \u201cConviver, Reciclar e Criar\u201d, atrav\u00e9s da Secretaria de Desenvolvimento Social e Cidadania. Os participantes caminharam por tr\u00eas bairros, Dandara, S\u00e3o Crist\u00f3v\u00e3o e Vila Maquin\u00e9, e entrevistaram moradores e comerciantes da regi\u00e3o a fim de entender um pouco sobre a coleta de lixo nas proximidades da sede do CRIA.&nbsp; O&nbsp;Aterro Sanit\u00e1rio e as obras do complexo que abrigam o tratamento de res\u00edduos e materiais, como o novo local da Associa\u00e7\u00e3o de Catadores de Material Recicl\u00e1vel de Mariana (CAMAR) e&nbsp;Res\u00edduos da Constru\u00e7\u00e3o Civil (RCC), tamb\u00e9m receberam a visita dos adolescentes.&nbsp;<\/p>\n\n\n\n<p>Al\u00e9m de incentivar a conex\u00e3o entre os integrantes do CRIA e a comunidade, a iniciativa tem o objetivo de destacar a import\u00e2ncia de cuidar do meio ambiente e separar o lixo.&nbsp; Atrav\u00e9s das perguntas feitas pelas crian\u00e7as, os residentes e os pr\u00f3prios integrantes do projeto, conseguiram se atentar \u00e0 quest\u00e3o da coleta seletiva e compartilhar suas experi\u00eancias com outras pessoas.<\/p>\n\n\n\n<p>Adorivan Ten\u00f3rio, instrutor do Centro de Refer\u00eancia, conta um pouco de como ocorreu a caminhada: \u201cEstamos visitando as resid\u00eancias e os com\u00e9rcios, fazendo perguntas com rela\u00e7\u00e3o a separa\u00e7\u00e3o de res\u00edduos, aos impactos que podem acontecer com o ac\u00famulo de lixo. Estamos fazendo esse trabalho com os usu\u00e1rios nos bairros para conscientizar tanta a popula\u00e7\u00e3o e para que os usu\u00e1rios tenham um aprendizado e passe esse aprendizado para a fam\u00edlia\u201d, explicou.<\/p>\n\n\n\n<p>\u201cO Conviver, Reciclar e Criar\u201d \u00e9 uma iniciativa de incentivo a pr\u00e1ticas de cuidado ao meio ambiente. Os integrantes aprendem atrav\u00e9s de atividades educativas e desenvolvem habilidades enquanto compartilham suas experi\u00eancias com os demais participantes. O projeto n\u00e3o termina por aqui, ainda ocorrer\u00e3o mais etapas, sendo elas: oficinas de materiais recicl\u00e1veis, constru\u00e7\u00e3o de par\u00f3dias, dan\u00e7as com letras de m\u00fasicas que falam sobre preserva\u00e7\u00e3o do meio ambiente, conscientiza\u00e7\u00e3o sobre a import\u00e2ncia da coleta seletiva e exposi\u00e7\u00e3o das atividades.<\/p>\n\n\n\n<p>SOBRE O CRIA<\/p>\n\n\n\n<p>O Centro de Refer\u00eancia da Inf\u00e2ncia e Adolesc\u00eancia (CRIA) funciona no per\u00edodo contraturno das aulas escolares, para crian\u00e7as e adolescentes de 06 a 17 anos, com atividades socioeducativas, recreativas, esportivas e culturais que promovam a cria\u00e7\u00e3o de um espa\u00e7o de protagonismo social e a forma\u00e7\u00e3o cidad\u00e3 em plenas condi\u00e7\u00f5es. O objetivo \u00e9 trabalhar com atividades que despertam a criatividade e o desenvolvimento de habilidades. Al\u00e9m disso integra a Prote\u00e7\u00e3o B\u00e1sica do Sistema \u00danico da Assist\u00eancia Social (SUAS), atua na garantia de direitos, na preven\u00e7\u00e3o e prote\u00e7\u00e3o \u00e0s situa\u00e7\u00f5es de risco e vulnerabilidades sociais, em atendimento exclusivo a crian\u00e7as e adolescentes do munic\u00edpio de Mariana.<\/p>\n\n\n\n<p>Foto: Giovanna Mar\u00e7al<\/p>\n","protected":false},"excerpt":{"rendered":"<p>Conviver reciclar e Criar<\/p>\n","protected":false},"author":1,"featured_media":620,"comment_status":"open","ping_status":"open","sticky":false,"template":"","format":"standard","meta":{"footnotes":"","_jetpack_memberships_contains_paid_content":false,"jetpack_publicize_message":"","jetpack_publicize_feature_enabled":true,"jetpack_social_post_already_shared":true,"jetpack_social_options":{"image_generator_settings":{"template":"highway","enabled":false}}},"categories":[1],"tags":[],"jetpack_publicize_connections":[],"views":1534,"jetpack_sharing_enabled":true,"jetpack_featured_media_url":"https:\/\/i0.wp.com\/portalinconfidentes.com.br\/wp-content\/uploads\/2023\/09\/recria.jpg?fit=800%2C533&ssl=1","_links":{"self":[{"href":"https:\/\/portalinconfidentes.com.br\/index.php\/wp-json\/wp\/v2\/posts\/619"}],"collection":[{"href":"https:\/\/portalinconfidentes.com.br\/index.php\/wp-json\/wp\/v2\/posts"}],"about":[{"href":"https:\/\/portalinconfidentes.com.br\/index.php\/wp-json\/wp\/v2\/types\/post"}],"author":[{"embeddable":true,"href":"https:\/\/portalinconfidentes.com.br\/index.php\/wp-json\/wp\/v2\/users\/1"}],"replies":[{"embeddable":true,"href":"https:\/\/portalinconfidentes.com.br\/index.php\/wp-json\/wp\/v2\/comments?post=619"}],"version-history":[{"count":1,"href":"https:\/\/portalinconfidentes.com.br\/index.php\/wp-json\/wp\/v2\/posts\/619\/revisions"}],"predecessor-version":[{"id":621,"href":"https:\/\/portalinconfidentes.com.br\/index.php\/wp-json\/wp\/v2\/posts\/619\/revisions\/621"}],"wp:featuredmedia":[{"embeddable":true,"href":"https:\/\/portalinconfidentes.com.br\/index.php\/wp-json\/wp\/v2\/media\/620"}],"wp:attachment":[{"href":"https:\/\/portalinconfidentes.com.br\/index.php\/wp-json\/wp\/v2\/media?parent=619"}],"wp:term":[{"taxonomy":"category","embeddable":true,"href":"https:\/\/portalinconfidentes.com.br\/index.php\/wp-json\/wp\/v2\/categories?post=619"},{"taxonomy":"post_tag","embeddable":true,"href":"https:\/\/portalinconfidentes.com.br\/index.php\/wp-json\/wp\/v2\/tags?post=619"}],"curies":[{"name":"wp","href":"https:\/\/api.w.org\/{rel}","templated":true}]}}