{"id":616,"date":"2023-09-14T22:35:07","date_gmt":"2023-09-15T01:35:07","guid":{"rendered":"https:\/\/portalinconfidentes.com.br\/?p=616"},"modified":"2023-09-14T22:35:07","modified_gmt":"2023-09-15T01:35:07","slug":"eleicao-para-novos-membros-do-conselho-tutelar-acontece-em-1o-de-outubro-mariana-mg","status":"publish","type":"post","link":"https:\/\/portalinconfidentes.com.br\/index.php\/2023\/09\/14\/eleicao-para-novos-membros-do-conselho-tutelar-acontece-em-1o-de-outubro-mariana-mg\/","title":{"rendered":"Elei\u00e7\u00e3o para novos membros do Conselho Tutelar acontece em 1\u00ba de outubro\u00a0&#8211; Mariana-MG"},"content":{"rendered":"\n<p>Por Evelin Almeida&nbsp;<\/p>\n\n\n\n<p>O processo de escolha dos membros do Conselho Tutelar 2023 est\u00e1 na reta final em nosso munic\u00edpio! No dia 1\u00ba de outubro os eleitores poder\u00e3o ir \u00e0s urnas eletr\u00f4nicas para votar nos candidatos que chegaram at\u00e9 a quarta etapa do processo. A elei\u00e7\u00e3o dos novos membros abrange todo o territ\u00f3rio nacional para a escolha dos representantes que assumir\u00e3o a fun\u00e7\u00e3o para o pr\u00f3ximo quadri\u00eanio, 2024\/2028. Realizado atrav\u00e9s do Conselho Municipal dos Direitos da Crian\u00e7a e do Adolescente (CMDCA), sob fiscaliza\u00e7\u00e3o do Minist\u00e9rio P\u00fablico, por meio da Secretaria de Desenvolvimento Social e Cidadania. O edital pode ser acessado no Di\u00e1rio Oficial do Munic\u00edpio, edi\u00e7\u00e3o extra,\u00a0n\u00ba 2477, Edital N\u00ba 01 de 28 de abril de 2023.<\/p>\n\n\n\n<p>A partir da\u00a0Resolu\u00e7\u00e3o N\u00ba 23.719, DE 13 DE JUNHO DE 2023, fica atribu\u00edda ao Tribunal Superior Eleitoral a atua\u00e7\u00e3o da Justi\u00e7a Eleitoral no processo de escolha dos novos conselheiros, sendo realizada a cada quatro anos, no primeiro domingo do m\u00eas de outubro do ano subsequente ao das elei\u00e7\u00f5es gerais. Destacamos a import\u00e2ncia da participa\u00e7\u00e3o popular neste momento para a defini\u00e7\u00e3o dos futuros representantes da defesa dos direitos infantojuvenis em nosso munic\u00edpio.\u00a0<\/p>\n\n\n\n<p>CONSELHO TUTELAR<\/p>\n\n\n\n<p>O Conselho Tutelar \u00e9 respons\u00e1vel por zelar pelo cumprimento dos direitos de crian\u00e7as e adolescentes quando h\u00e1 den\u00fancia e o \u00f3rg\u00e3o \u00e9 comunicado, previstos no Estatuto da Crian\u00e7a e Adolescente &#8211; ECA. Institu\u00eddo na nossa cidade h\u00e1 26 anos, o Conselho Tutelar n\u00e3o \u00e9 um \u00f3rg\u00e3o de car\u00e1ter punitivo. Os profissionais t\u00eam por fun\u00e7\u00e3o atuar seguindo as diretrizes do ECA, com medidas preventivas e de defesa de viola\u00e7\u00e3o de direitos quando acionados.&nbsp;<\/p>\n\n\n\n<p>Al\u00e9m da sede do Conselho em Mariana, voc\u00ea pode acion\u00e1-lo por meio do Disque 100. Este canal de comunica\u00e7\u00e3o \u00e9 um servi\u00e7o de utilidade p\u00fablica do Minist\u00e9rio dos Direitos Humanos e da Cidadania, destinado a receber demandas relativas a viola\u00e7\u00f5es dos direitos humanos.&nbsp;<\/p>\n","protected":false},"excerpt":{"rendered":"<p> Mariana-MG<\/p>\n","protected":false},"author":1,"featured_media":617,"comment_status":"open","ping_status":"open","sticky":false,"template":"","format":"standard","meta":{"footnotes":"","_jetpack_memberships_contains_paid_content":false,"jetpack_publicize_message":"","jetpack_publicize_feature_enabled":true,"jetpack_social_post_already_shared":true,"jetpack_social_options":{"image_generator_settings":{"template":"highway","enabled":false}}},"categories":[1],"tags":[],"jetpack_publicize_connections":[],"views":2023,"jetpack_sharing_enabled":true,"jetpack_featured_media_url":"https:\/\/i0.wp.com\/portalinconfidentes.com.br\/wp-content\/uploads\/2023\/09\/ct.jpg?fit=800%2C533&ssl=1","_links":{"self":[{"href":"https:\/\/portalinconfidentes.com.br\/index.php\/wp-json\/wp\/v2\/posts\/616"}],"collection":[{"href":"https:\/\/portalinconfidentes.com.br\/index.php\/wp-json\/wp\/v2\/posts"}],"about":[{"href":"https:\/\/portalinconfidentes.com.br\/index.php\/wp-json\/wp\/v2\/types\/post"}],"author":[{"embeddable":true,"href":"https:\/\/portalinconfidentes.com.br\/index.php\/wp-json\/wp\/v2\/users\/1"}],"replies":[{"embeddable":true,"href":"https:\/\/portalinconfidentes.com.br\/index.php\/wp-json\/wp\/v2\/comments?post=616"}],"version-history":[{"count":1,"href":"https:\/\/portalinconfidentes.com.br\/index.php\/wp-json\/wp\/v2\/posts\/616\/revisions"}],"predecessor-version":[{"id":618,"href":"https:\/\/portalinconfidentes.com.br\/index.php\/wp-json\/wp\/v2\/posts\/616\/revisions\/618"}],"wp:featuredmedia":[{"embeddable":true,"href":"https:\/\/portalinconfidentes.com.br\/index.php\/wp-json\/wp\/v2\/media\/617"}],"wp:attachment":[{"href":"https:\/\/portalinconfidentes.com.br\/index.php\/wp-json\/wp\/v2\/media?parent=616"}],"wp:term":[{"taxonomy":"category","embeddable":true,"href":"https:\/\/portalinconfidentes.com.br\/index.php\/wp-json\/wp\/v2\/categories?post=616"},{"taxonomy":"post_tag","embeddable":true,"href":"https:\/\/portalinconfidentes.com.br\/index.php\/wp-json\/wp\/v2\/tags?post=616"}],"curies":[{"name":"wp","href":"https:\/\/api.w.org\/{rel}","templated":true}]}}