{"id":602,"date":"2023-09-14T21:41:46","date_gmt":"2023-09-15T00:41:46","guid":{"rendered":"https:\/\/portalinconfidentes.com.br\/?p=602"},"modified":"2023-09-14T21:41:46","modified_gmt":"2023-09-15T00:41:46","slug":"representatividade-nas-trilhas-iron-biker-brasil-contara-com-atletas-dos-quatro-cantos-do-pais","status":"publish","type":"post","link":"https:\/\/portalinconfidentes.com.br\/index.php\/2023\/09\/14\/representatividade-nas-trilhas-iron-biker-brasil-contara-com-atletas-dos-quatro-cantos-do-pais\/","title":{"rendered":"Representatividade nas trilhas: Iron Biker Brasil contar\u00e1 com atletas dos quatro cantos do pa\u00eds\u00a0"},"content":{"rendered":"\n<p><em>De norte a sul, de leste ao oeste, competidores se preparam para disputar a edi\u00e7\u00e3o hist\u00f3rica dos 30 anos da maior prova de mountain bike da Am\u00e9rica Latina<\/em>&nbsp;<\/p>\n\n\n\n<p>A cidade hist\u00f3rica de Mariana (MG) recebe nos dias&nbsp;<strong>15, 16 e 17 de setembro<\/strong>, a edi\u00e7\u00e3o de 30 anos do&nbsp;<strong>Iron Biker Brasil<\/strong>. A largada acontecer\u00e1 novamente na Pra\u00e7a Gomes Freire (Jardim), centro hist\u00f3rico, onde se inicia o percurso de mais de 160 km pelo munic\u00edpio e seus distritos. S\u00e3o esperados mais de cinco mil turistas, sendo dois mil atletas vindos das cinco regi\u00f5es do pa\u00eds e alguns estrangeiros. Neste ano, a prova receber\u00e1 dois estrangeiros de peso: o su\u00ed\u00e7o Lukas Kaufmann, que \u00e9 tricampe\u00e3o do Iron Biker Brasil, e o atual campe\u00e3o do Iron Bike It\u00e1lia, o espanhol, Brandan Marquez Fernadez, que prometem dar muito trabalho para os atletas de elite brasileiros.&nbsp;<\/p>\n\n\n\n<p><br>Nas outras 34 categorias, onde participam a maioria dos inscritos, as disputas, tamb\u00e9m, ser\u00e3o acirradas. Um desses atletas \u00e9 Rafael Pimenta, de Vit\u00f3ria, Esp\u00edrito Santo, que participa da maior prova de mountain bike da Am\u00e9rica Latina, pela segunda vez. \u201cEstou na expectativa, porque \u00e9 uma competi\u00e7\u00e3o muito tradicional, um local muito bom, um clima agrad\u00e1vel e a gente v\u00ea que todos est\u00e3o l\u00e1 para realmente curtir e aproveitar o evento\u201d, concluiu. Al\u00e9m disso, o ciclista demonstrou entusiasmo em participar dessa data especial. \u201cUma grande satisfa\u00e7\u00e3o estar participando dos 30 anos da prova. O Iron Biker Brasil \u00e9 um evento super tradicional. Ent\u00e3o, \u00e9 uma satisfa\u00e7\u00e3o enorme. Farei uma viagem longa, s\u00e3o mais de 400 quil\u00f4metros de Vit\u00f3ria at\u00e9 a cidade de Mariana, mas valer\u00e1 a pena, por tudo que est\u00e1 envolvido nessa competi\u00e7\u00e3o\u201d, finalizou.&nbsp;<\/p>\n\n\n\n<p><br>J\u00e1 a regi\u00e3o norte do pa\u00eds ter\u00e1 como uma de suas representantes Bet\u00e2nia Magalh\u00e3es, da cidade de Boa Vista, Roraima, que fica h\u00e1 mais de 4 mil km de dist\u00e2ncia da Primaz de Minas. \u201cSe deslocar de outra regi\u00e3o, principalmente, do nosso estado (Roraima) que \u00e9 o extremo norte do Brasil \u00e9 bem complexo. Na verdade, j\u00e1 comecei a minha saga quando sa\u00ed de Roraima com minha bike e, agora, estou em S\u00e3o Paulo. Daqui pouco tempo estarei em Mariana. Estou muito feliz\u201d, disse.&nbsp;<\/p>\n\n\n\n<p><br>Para um dos organizadores do Iron Biker Brasil, Lucas Fonda, a presen\u00e7a de atletas de todas as regi\u00f5es do pa\u00eds refor\u00e7a o alcance, a n\u00edvel nacional, da competi\u00e7\u00e3o. \u201dEm mais um ano, Mariana vai receber competidores do Brasil inteiro. O Iron Biker n\u00e3o seria o mesmo sem a diversidade e a paix\u00e3o que cada competidor traz consigo. Essa diversidade de participantes \u00e9 um verdadeiro testemunho da paix\u00e3o pelo mountain bike e da unidade que o esporte proporciona, reunindo pessoas de diferentes partes do pa\u00eds para celebrar essa competi\u00e7\u00e3o emocionante&#8221;.&nbsp;<\/p>\n\n\n\n<p><strong>Percurso marcante nos 30 anos<\/strong>&nbsp;<\/p>\n\n\n\n<p>Com cen\u00e1rios de belezas naturais, a prova \u00e9 composta por trilhas desafiadoras, com altimetrias, subidas e descidas e trechos entre ruas e estradas para testar as habilidades dos competidores. O Iron Biker Brasil 2023 ser\u00e1 dividido em dois dias. O primeiro dia do evento, s\u00e1bado (16), contar\u00e1 com 97 km de dist\u00e2ncia no percurso total e 65 km no reduzido. J\u00e1 no domingo (17), o percurso total ter\u00e1 75 km e o reduzido 60 km de dist\u00e2ncia.&nbsp;&nbsp;<\/p>\n\n\n\n<p><br>Al\u00e9m disso, os atletas passar\u00e3o, pelo segundo ano consecutivo, pelo novo distrito de Bento Rodrigues. Atualmente, 36 im\u00f3veis est\u00e3o sendo ocupados pelos novos moradores, incluindo a Escola. As novas casas foram constru\u00eddas considerando as necessidades, expectativas e escolhas da comunidade. Os equipamentos p\u00fablicos tais como escola, Unidade B\u00e1sica de Sa\u00fade (UBS), posto de servi\u00e7os, esta\u00e7\u00f5es de tratamento de \u00e1gua e esgoto est\u00e3o prontos, e entrar\u00e3o em opera\u00e7\u00e3o em parceria com a Prefeitura de Mariana de acordo com as necessidades do novo distrito. O primeiro com\u00e9rcio, o mercado Barbosa&#8217;s, tamb\u00e9m est\u00e1 em funcionamento desde o dia 10 de mar\u00e7o.&nbsp;<\/p>\n\n\n\n<p>As fam\u00edlias est\u00e3o se mudando para o novo distrito, que est\u00e1 em processo de habita\u00e7\u00e3o pelos atuais e futuros moradores que realizam encontros e eventos, como missas, rodas de viola, carreatas, prociss\u00f5es e curso, com apoio da Funda\u00e7\u00e3o Renova. At\u00e9 o dia 01 de setembro, 164 im\u00f3veis estavam com obras finalizadas, sendo desses 7 bens de uso coletivo.&nbsp;<\/p>\n\n\n\n<p><br>\u201cA passagem pela nova comunidade \u00e9 um motivo de orgulho para a gente. Todos n\u00f3s sofremos junto com quem vivia em Bento. A prova passava por l\u00e1, antes do desastre, inclusive. E poder passar agora, no novo distrito \u00e9, de fato, um s\u00edmbolo de ressignifica\u00e7\u00e3o\u201d, afirmou Marco Antonio Canaan, um dos organizadores do Iron Biker Brasil.&nbsp;<\/p>\n\n\n\n<p><br>A maior competi\u00e7\u00e3o de mountain bike da Am\u00e9rica latina, Iron Biker Brasil, tem a realiza\u00e7\u00e3o da IronCo. e AMTB, a supervis\u00e3o da Confedera\u00e7\u00e3o Brasileira e Federa\u00e7\u00e3o Mineira de Ciclismo, o apoio da Prefeitura de Mariana, 3T Constru\u00e7\u00f5es, Cervejaria 040, \u00c1gua Mineral Ing\u00e1, Exceed, Perfitec, Shimano, Unicall, CSA Sport e Funda\u00e7\u00e3o Renova. Acompanhe mais informa\u00e7\u00f5es sobre a prova pelas redes sociais: Instagram &#8211; @ironbiker \u2013 e Facebook &#8211;&nbsp;<a href=\"http:\/\/facebook.com\/ironbikerbrasil\" target=\"_blank\" rel=\"noreferrer noopener\">facebook.com\/ironbikerbrasil<\/a>.&nbsp;<\/p>\n\n\n\n<p><strong>Servi\u00e7o | Iron Biker Brasil \u2013 30 anos<\/strong>&nbsp;<\/p>\n\n\n\n<p>Data: 15, 16 e 17 de setembro de 2023.<br>Local: Pra\u00e7a Gomes Freire (Jardim) &#8211; Mariana\/MG.&nbsp;<\/p>\n\n\n\n<p><strong>Dia 14\/9<\/strong>&nbsp;(quinta-feira) &#8211; entrega de kits de 16h \u00e0s 20h.<br><strong>Dia 15\/9<\/strong>&nbsp;(sexta-feira) &#8211; entrega de kits de 10h \u00e0s 22h e programa\u00e7\u00e3o social.<br><strong>Dia 16\/9<\/strong>&nbsp;(s\u00e1bado) &#8211; Abertura oficial e largada do percurso completo (A) = 97km -&gt; 8h.<br>Largada do percurso reduzido (B) = 65km -&gt; 8h45. Chegada a partir de 11h30.&nbsp;<\/p>\n\n\n\n<p><strong>Dia 17\/9&nbsp;<\/strong>(domingo) &#8211; Largada do percurso completo (A) = 75km -&gt; 8h.&nbsp;<\/p>\n\n\n\n<p>Largada do percurso reduzido (B) = 60km -&gt; 8h45. Chegada a partir de 11h.&nbsp;<\/p>\n\n\n\n<p>Encerramento do evento \u00e0s 17h.\u00a0<\/p>\n\n\n\n<p>Fonte: <strong>Imprensa Funda\u00e7\u00e3o Renova<\/strong><\/p>\n","protected":false},"excerpt":{"rendered":"<p> Iron Biker Brasil \u2013 30 anos\u00a0<\/p>\n","protected":false},"author":1,"featured_media":603,"comment_status":"open","ping_status":"open","sticky":false,"template":"","format":"standard","meta":{"footnotes":"","_jetpack_memberships_contains_paid_content":false,"jetpack_publicize_message":"","jetpack_publicize_feature_enabled":true,"jetpack_social_post_already_shared":true,"jetpack_social_options":{"image_generator_settings":{"template":"highway","enabled":false}}},"categories":[1],"tags":[],"jetpack_publicize_connections":[],"views":2056,"jetpack_sharing_enabled":true,"jetpack_featured_media_url":"https:\/\/i0.wp.com\/portalinconfidentes.com.br\/wp-content\/uploads\/2023\/09\/nov-bento.jpg?fit=800%2C533&ssl=1","_links":{"self":[{"href":"https:\/\/portalinconfidentes.com.br\/index.php\/wp-json\/wp\/v2\/posts\/602"}],"collection":[{"href":"https:\/\/portalinconfidentes.com.br\/index.php\/wp-json\/wp\/v2\/posts"}],"about":[{"href":"https:\/\/portalinconfidentes.com.br\/index.php\/wp-json\/wp\/v2\/types\/post"}],"author":[{"embeddable":true,"href":"https:\/\/portalinconfidentes.com.br\/index.php\/wp-json\/wp\/v2\/users\/1"}],"replies":[{"embeddable":true,"href":"https:\/\/portalinconfidentes.com.br\/index.php\/wp-json\/wp\/v2\/comments?post=602"}],"version-history":[{"count":1,"href":"https:\/\/portalinconfidentes.com.br\/index.php\/wp-json\/wp\/v2\/posts\/602\/revisions"}],"predecessor-version":[{"id":604,"href":"https:\/\/portalinconfidentes.com.br\/index.php\/wp-json\/wp\/v2\/posts\/602\/revisions\/604"}],"wp:featuredmedia":[{"embeddable":true,"href":"https:\/\/portalinconfidentes.com.br\/index.php\/wp-json\/wp\/v2\/media\/603"}],"wp:attachment":[{"href":"https:\/\/portalinconfidentes.com.br\/index.php\/wp-json\/wp\/v2\/media?parent=602"}],"wp:term":[{"taxonomy":"category","embeddable":true,"href":"https:\/\/portalinconfidentes.com.br\/index.php\/wp-json\/wp\/v2\/categories?post=602"},{"taxonomy":"post_tag","embeddable":true,"href":"https:\/\/portalinconfidentes.com.br\/index.php\/wp-json\/wp\/v2\/tags?post=602"}],"curies":[{"name":"wp","href":"https:\/\/api.w.org\/{rel}","templated":true}]}}