{"id":60,"date":"2023-02-20T10:39:52","date_gmt":"2023-02-20T13:39:52","guid":{"rendered":"https:\/\/portalinconfidentes.com.br\/?p=60"},"modified":"2023-02-20T10:42:41","modified_gmt":"2023-02-20T13:42:41","slug":"sul-de-minas-e-a-melhor-regiao-para-se-viver-com-qualidade-aponta-pesquisa-da-unifal","status":"publish","type":"post","link":"https:\/\/portalinconfidentes.com.br\/index.php\/2023\/02\/20\/sul-de-minas-e-a-melhor-regiao-para-se-viver-com-qualidade-aponta-pesquisa-da-unifal\/","title":{"rendered":"Sul de Minas \u00e9 a melhor regi\u00e3o para se viver com qualidade, aponta pesquisa da Unifal"},"content":{"rendered":"\n<p>Conhe\u00e7a o perfil do sul-mineiro tra\u00e7ado pela pesquisa da Universidade Federal de Alfenas.<br><\/p>\n\n\n\n<p>Pra\u00e7a Dom Pedro II, Po\u00e7os de Caldas (MG): Sul de Minas \u00e9 a melhor regi\u00e3o para se viver com qualidade, aponta pesquisa da Unifal \u2014 Foto: Marcos Corr\u00eaa<\/p>\n\n\n\n<p>Uma pesquisa, realizada pela Universidade Federal de&nbsp;<a href=\"https:\/\/g1.globo.com\/mg\/sul-de-minas\/cidade\/alfenas\/\">Alfenas (MG)<\/a>, gerou um diagn\u00f3stico inicial da identidade dos moradores do Sul de Minas.<\/p>\n\n\n\n<p>Com base em caracter\u00edsticas culturais, sociais, econ\u00f4micas e pol\u00edticas, os resultados apontaram que a popula\u00e7\u00e3o sul-mineira \u00e9, em sua maioria, satisfeita com a qualidade de vida na regi\u00e3o.<\/p>\n\n\n\n<p>Segundo o professor Marcelo Rodrigues Concei\u00e7\u00e3o, que \u00e9 coordenador do projeto, a pesquisa foi pensada pelo curso de Ci\u00eancias Sociais, com objetivo de tra\u00e7ar um diagn\u00f3stico sobre a regi\u00e3o e verificar se as tr\u00eas grandes regi\u00f5es metropolitanas que ficam ao redor (S\u00e3o Paulo, Belo Horizonte e Rio de Janeiro) exercem influ\u00eancia no Sul de Minas.<br>\u201cPor sermos moradores de outras regi\u00f5es do pa\u00eds, quando chegamos na universidade, [havia a necessidade de] entender se h\u00e1 uma identidade sul-mineira, quais s\u00e3o as caracter\u00edsticas, o que pensam os moradores, o que esperam do futuro\u201d.<br><\/p>\n\n\n\n<h2 class=\"wp-block-heading\">Sobre a pesquisa<\/h2>\n\n\n\n<p>Entre maio e junho de 2022, foram realizadas 1.320 entrevistas com moradores em 20 munic\u00edpios da regi\u00e3o. Com n\u00edvel de confian\u00e7a de 95%, a pesquisa contou com coleta domiciliar registrando dados quantitativos. O resultado inicial foi divulgado em fevereiro deste ano.<\/p>\n\n\n\n<p>Entre as informa\u00e7\u00f5es levantadas h\u00e1 dados sobre perfil e composi\u00e7\u00e3o familiar; trabalho, renda, consumo, poupan\u00e7a; religi\u00e3o, valores e expectativas de futuro; opini\u00e3o p\u00fablica, comportamento pol\u00edtico e m\u00eddias sociais; viol\u00eancia, toler\u00e2ncia e direitos humanos, educa\u00e7\u00e3o e sa\u00fade.<\/p>\n\n\n\n<blockquote class=\"wp-block-quote\">\n<p>\u201cOs resultados podem ser \u00fateis para gest\u00e3o, para desenvolvimento de pol\u00edticas p\u00fablicas e para verifica\u00e7\u00e3o, por exemplo, de como os servi\u00e7os s\u00e3o avaliados\u201d, comenta o professor.<\/p>\n<\/blockquote>\n\n\n\n<p>Em resumo, a pesquisa aponta que na percep\u00e7\u00e3o dos moradores, o\u00a0Sul de Minas \u00e9 a melhor regi\u00e3o para se viver com qualidade; \u00e9 a regi\u00e3o mais rica do estado e conserva bem suas paisagens naturais, e onde os servi\u00e7os p\u00fablicos s\u00e3o bem avaliados. Al\u00e9m disso, a fam\u00edlia e a religi\u00e3o s\u00e3o pontos essenciais na composi\u00e7\u00e3o da identidade sul-mineira.<br><\/p>\n","protected":false},"excerpt":{"rendered":"<p>Sul de Minas<\/p>\n","protected":false},"author":1,"featured_media":61,"comment_status":"open","ping_status":"open","sticky":false,"template":"","format":"standard","meta":{"footnotes":"","_jetpack_memberships_contains_paid_content":false,"jetpack_publicize_message":"","jetpack_publicize_feature_enabled":true,"jetpack_social_post_already_shared":false,"jetpack_social_options":{"image_generator_settings":{"template":"highway","enabled":false}}},"categories":[1],"tags":[],"jetpack_publicize_connections":[],"views":1057,"jetpack_sharing_enabled":true,"jetpack_featured_media_url":"https:\/\/i0.wp.com\/portalinconfidentes.com.br\/wp-content\/uploads\/2023\/02\/sul.jpg?fit=800%2C533&ssl=1","_links":{"self":[{"href":"https:\/\/portalinconfidentes.com.br\/index.php\/wp-json\/wp\/v2\/posts\/60"}],"collection":[{"href":"https:\/\/portalinconfidentes.com.br\/index.php\/wp-json\/wp\/v2\/posts"}],"about":[{"href":"https:\/\/portalinconfidentes.com.br\/index.php\/wp-json\/wp\/v2\/types\/post"}],"author":[{"embeddable":true,"href":"https:\/\/portalinconfidentes.com.br\/index.php\/wp-json\/wp\/v2\/users\/1"}],"replies":[{"embeddable":true,"href":"https:\/\/portalinconfidentes.com.br\/index.php\/wp-json\/wp\/v2\/comments?post=60"}],"version-history":[{"count":3,"href":"https:\/\/portalinconfidentes.com.br\/index.php\/wp-json\/wp\/v2\/posts\/60\/revisions"}],"predecessor-version":[{"id":64,"href":"https:\/\/portalinconfidentes.com.br\/index.php\/wp-json\/wp\/v2\/posts\/60\/revisions\/64"}],"wp:featuredmedia":[{"embeddable":true,"href":"https:\/\/portalinconfidentes.com.br\/index.php\/wp-json\/wp\/v2\/media\/61"}],"wp:attachment":[{"href":"https:\/\/portalinconfidentes.com.br\/index.php\/wp-json\/wp\/v2\/media?parent=60"}],"wp:term":[{"taxonomy":"category","embeddable":true,"href":"https:\/\/portalinconfidentes.com.br\/index.php\/wp-json\/wp\/v2\/categories?post=60"},{"taxonomy":"post_tag","embeddable":true,"href":"https:\/\/portalinconfidentes.com.br\/index.php\/wp-json\/wp\/v2\/tags?post=60"}],"curies":[{"name":"wp","href":"https:\/\/api.w.org\/{rel}","templated":true}]}}