{"id":6,"date":"2023-02-18T22:57:41","date_gmt":"2023-02-19T01:57:41","guid":{"rendered":"https:\/\/portalinconfidentes.com.br\/?p=6"},"modified":"2023-02-18T22:57:41","modified_gmt":"2023-02-19T01:57:41","slug":"cedro-mineracao-apoia-a-maior-festa-popular-de-mariana-mineradora-estreia-no-carnaval-viabilizando-os-desfiles-do-ze-pereira-e-o-show-do-grupo-presenca","status":"publish","type":"post","link":"https:\/\/portalinconfidentes.com.br\/index.php\/2023\/02\/18\/cedro-mineracao-apoia-a-maior-festa-popular-de-mariana-mineradora-estreia-no-carnaval-viabilizando-os-desfiles-do-ze-pereira-e-o-show-do-grupo-presenca\/","title":{"rendered":"Cedro Minera\u00e7\u00e3o apoia a maior festa popular de Mariana Mineradora estreia no Carnaval viabilizando os desfiles do Z\u00e9 Pereira e o show do Grupo Presen\u00e7a"},"content":{"rendered":"\n<p>O Carnaval de Mariana, a festa mais tradicional da cidade e que mais contribui para o desenvolvimento econ\u00f4mico, tur\u00edstico e cultural da cidade, ganhou um novo parceiro. A Cedro Minera\u00e7\u00e3o atendeu ao chamado do munic\u00edpio e abra\u00e7ou a ideia, ajudando na realiza\u00e7\u00e3o da festa.<\/p>\n\n\n\n<p>Os festejos que come\u00e7am no dia 16 ter\u00e3o garantida a presen\u00e7a de seu mais longevo e tradicional bloco caricato, o Z\u00e9 Pereira da Cachoeira, gra\u00e7as \u00e0 nova parceria. Outra participa\u00e7\u00e3o resultante da parceria \u00e9 o grupo Presen\u00e7a, que promete levar muita alegria e anima\u00e7\u00e3o com seu pagode, que \u00e9 sucesso nacional.<\/p>\n\n\n\n<p>\u201cPoder contar com esse apoio \u00e9 uma grande alegria porque assim podemos potencializar ainda mais essa festa, que \u00e9 a mais tradicional do Brasil e tamb\u00e9m de Mariana\u201d, diz Pedro Henrique da Paix\u00e3o Sousa, secret\u00e1rio de Patrim\u00f4nio Hist\u00f3rico, Cultura, Turismo e Lazer de Mariana, \u00f3rg\u00e3o respons\u00e1vel pela realiza\u00e7\u00e3o do evento.<\/p>\n\n\n\n<p>O Z\u00e9 Pereira da Ch\u00e1cara \u00e9 um secular bloco caricato da cidade que anima o carnaval desde 1852 e \u00e9, portanto, um dos mais antigos de todo o pa\u00eds. Sua marca registrada \u00e9 a presen\u00e7a de dezenas de bonecos bonec\u00f5es que podem medir at\u00e9 tr\u00eas metros de altura.<\/p>\n\n\n\n<p>Para a Cedro, mais do que apoiar a maior festa popular da cidade \u00e9 tamb\u00e9m poder ser uma alavanca para a retomada do desenvolvimento econ\u00f4mico da cidade.<\/p>\n\n\n\n<p>Podemos afirmar que este \u00e9 o primeiro carnaval completo da cidade depois da pandemia e todos sabem como a festa movimenta o com\u00e9rcio da cidade, o turismo e a arrecada\u00e7\u00e3o como um todo. \u201cMuitas pessoas aguardam ansiosas pelo Carnaval, n\u00e3o pela brincadeira em si, mas para vender seus produtos, expor sua arte, enfim, fazer neg\u00f3cio. E ter um parceiro que nos ajude a alavancar isso tem sido fundamental\u201d, explica o secret\u00e1rio, lembrando que o apoio da mineradora tamb\u00e9m foi fundamental em sua corrida contra o tempo.<\/p>\n\n\n\n<p>\u201cAssumimos em janeiro para aprontar tudo e ter o Carnaval com a qualidade que o povo de Mariana e nossos milhares de visitantes merecem n\u00e3o foi f\u00e1cil\u201d, resume.<\/p>\n","protected":false},"excerpt":{"rendered":"<p>Carnaval 2023<\/p>\n","protected":false},"author":1,"featured_media":7,"comment_status":"open","ping_status":"open","sticky":false,"template":"","format":"standard","meta":{"footnotes":"","_jetpack_memberships_contains_paid_content":false,"jetpack_publicize_message":"","jetpack_publicize_feature_enabled":true,"jetpack_social_post_already_shared":false,"jetpack_social_options":{"image_generator_settings":{"template":"highway","enabled":false}}},"categories":[1],"tags":[],"jetpack_publicize_connections":[],"views":1036,"jetpack_sharing_enabled":true,"jetpack_featured_media_url":"https:\/\/i0.wp.com\/portalinconfidentes.com.br\/wp-content\/uploads\/2023\/02\/mineradora.jpg?fit=800%2C533&ssl=1","_links":{"self":[{"href":"https:\/\/portalinconfidentes.com.br\/index.php\/wp-json\/wp\/v2\/posts\/6"}],"collection":[{"href":"https:\/\/portalinconfidentes.com.br\/index.php\/wp-json\/wp\/v2\/posts"}],"about":[{"href":"https:\/\/portalinconfidentes.com.br\/index.php\/wp-json\/wp\/v2\/types\/post"}],"author":[{"embeddable":true,"href":"https:\/\/portalinconfidentes.com.br\/index.php\/wp-json\/wp\/v2\/users\/1"}],"replies":[{"embeddable":true,"href":"https:\/\/portalinconfidentes.com.br\/index.php\/wp-json\/wp\/v2\/comments?post=6"}],"version-history":[{"count":1,"href":"https:\/\/portalinconfidentes.com.br\/index.php\/wp-json\/wp\/v2\/posts\/6\/revisions"}],"predecessor-version":[{"id":8,"href":"https:\/\/portalinconfidentes.com.br\/index.php\/wp-json\/wp\/v2\/posts\/6\/revisions\/8"}],"wp:featuredmedia":[{"embeddable":true,"href":"https:\/\/portalinconfidentes.com.br\/index.php\/wp-json\/wp\/v2\/media\/7"}],"wp:attachment":[{"href":"https:\/\/portalinconfidentes.com.br\/index.php\/wp-json\/wp\/v2\/media?parent=6"}],"wp:term":[{"taxonomy":"category","embeddable":true,"href":"https:\/\/portalinconfidentes.com.br\/index.php\/wp-json\/wp\/v2\/categories?post=6"},{"taxonomy":"post_tag","embeddable":true,"href":"https:\/\/portalinconfidentes.com.br\/index.php\/wp-json\/wp\/v2\/tags?post=6"}],"curies":[{"name":"wp","href":"https:\/\/api.w.org\/{rel}","templated":true}]}}