{"id":595,"date":"2023-08-21T21:46:54","date_gmt":"2023-08-22T00:46:54","guid":{"rendered":"https:\/\/portalinconfidentes.com.br\/?p=595"},"modified":"2023-08-21T21:46:54","modified_gmt":"2023-08-22T00:46:54","slug":"visita-especial-trofeu-de-campeao-mineiro-do-modulo-ii-do-itabirito-fc-percorre-a-prefeitura-de-itabirito","status":"publish","type":"post","link":"https:\/\/portalinconfidentes.com.br\/index.php\/2023\/08\/21\/visita-especial-trofeu-de-campeao-mineiro-do-modulo-ii-do-itabirito-fc-percorre-a-prefeitura-de-itabirito\/","title":{"rendered":"Visita especial: trof\u00e9u de campe\u00e3o mineiro do m\u00f3dulo II do Itabirito FC percorre a Prefeitura de Itabirito"},"content":{"rendered":"\n<p>A Prefeitura de Itabirito recebeu nessa quinta-feira, dia 17 de agosto, a visita de representantes do Itabirito Futebol Clube para exibir a ta\u00e7a do Campeonato Mineiro &#8211; m\u00f3dulo II, competi\u00e7\u00e3o da qual a equipe itabiritense foi campe\u00e3. O trof\u00e9u conquistado percorreu diversos setores da Administra\u00e7\u00e3o Municipal.&nbsp;<\/p>\n\n\n\n<p>&#8220;A conquista do Itabirito FC n\u00e3o \u00e9 apenas um triunfo esportivo, mas um marco que une nossa comunidade em um sentimento de orgulho. A ta\u00e7a que hoje temos a honra de receber na Prefeitura simboliza a determina\u00e7\u00e3o e a for\u00e7a do esfor\u00e7o coletivo. Que este momento inspire as gera\u00e7\u00f5es futuras e que o nome de Itabirito brilhe cada vez mais no cen\u00e1rio esportivo&#8221;, destacou o prefeito Orlando Caldeira.&nbsp;<\/p>\n\n\n\n<p>&nbsp;<strong>Acesso \u00e0 elite do futebol mineiro<\/strong>&nbsp;<\/p>\n\n\n\n<p>Criado em 2022 como primeira equipe 100% SAF do Brasil, o Itabirito FC conquistou no \u00faltimo s\u00e1bado, dia 12 de agosto, o m\u00f3dulo II do Mineiro. A vit\u00f3ria por 2 a 0 sobre o Boa Esporte, em Varginha, tamb\u00e9m garantiu o acesso \u00e0 elite em 2024.&nbsp;<\/p>\n\n\n\n<p>\u201c\u00c9 mais do que justo e merecido que a ta\u00e7a venha \u00e0 Prefeitura. O t\u00edtulo \u00e9 da cidade, foi conquistado com o apoio e a torcida de Itabirito. Come\u00e7aremos uma tour pela Prefeitura, que seguir\u00e1 pela cidade com os nossos patrocinadores. Estamos muito felizes por poder oferecer, no ano do centen\u00e1rio, esse presente especial que \u00e9 a conquista do acesso \u00e0 primeira divis\u00e3o do Campeonato Mineiro e um t\u00edtulo que ficar\u00e1 na hist\u00f3ria\u201d, destacou o diretor-executivo do Itabirito FC, Maycon Pereira.\u00a0<br>Fonte:  itabirito.mg.gov.br<\/p>\n","protected":false},"excerpt":{"rendered":"<p>Esporte-Itabirito-MG<\/p>\n","protected":false},"author":1,"featured_media":596,"comment_status":"open","ping_status":"open","sticky":false,"template":"","format":"standard","meta":{"footnotes":"","_jetpack_memberships_contains_paid_content":false,"jetpack_publicize_message":"","jetpack_publicize_feature_enabled":true,"jetpack_social_post_already_shared":true,"jetpack_social_options":{"image_generator_settings":{"template":"highway","enabled":false}}},"categories":[1],"tags":[],"jetpack_publicize_connections":[],"views":2186,"jetpack_sharing_enabled":true,"jetpack_featured_media_url":"https:\/\/i0.wp.com\/portalinconfidentes.com.br\/wp-content\/uploads\/2023\/08\/itabirt.jpg?fit=800%2C533&ssl=1","_links":{"self":[{"href":"https:\/\/portalinconfidentes.com.br\/index.php\/wp-json\/wp\/v2\/posts\/595"}],"collection":[{"href":"https:\/\/portalinconfidentes.com.br\/index.php\/wp-json\/wp\/v2\/posts"}],"about":[{"href":"https:\/\/portalinconfidentes.com.br\/index.php\/wp-json\/wp\/v2\/types\/post"}],"author":[{"embeddable":true,"href":"https:\/\/portalinconfidentes.com.br\/index.php\/wp-json\/wp\/v2\/users\/1"}],"replies":[{"embeddable":true,"href":"https:\/\/portalinconfidentes.com.br\/index.php\/wp-json\/wp\/v2\/comments?post=595"}],"version-history":[{"count":1,"href":"https:\/\/portalinconfidentes.com.br\/index.php\/wp-json\/wp\/v2\/posts\/595\/revisions"}],"predecessor-version":[{"id":597,"href":"https:\/\/portalinconfidentes.com.br\/index.php\/wp-json\/wp\/v2\/posts\/595\/revisions\/597"}],"wp:featuredmedia":[{"embeddable":true,"href":"https:\/\/portalinconfidentes.com.br\/index.php\/wp-json\/wp\/v2\/media\/596"}],"wp:attachment":[{"href":"https:\/\/portalinconfidentes.com.br\/index.php\/wp-json\/wp\/v2\/media?parent=595"}],"wp:term":[{"taxonomy":"category","embeddable":true,"href":"https:\/\/portalinconfidentes.com.br\/index.php\/wp-json\/wp\/v2\/categories?post=595"},{"taxonomy":"post_tag","embeddable":true,"href":"https:\/\/portalinconfidentes.com.br\/index.php\/wp-json\/wp\/v2\/tags?post=595"}],"curies":[{"name":"wp","href":"https:\/\/api.w.org\/{rel}","templated":true}]}}