{"id":592,"date":"2023-08-21T21:30:29","date_gmt":"2023-08-22T00:30:29","guid":{"rendered":"https:\/\/portalinconfidentes.com.br\/?p=592"},"modified":"2023-08-21T21:30:29","modified_gmt":"2023-08-22T00:30:29","slug":"agencia-nacional-de-energia-eletrica-propoe-reducao-da-conta-de-luz-de-ate-369-nos-valores-das-bandeiras-tarifarias","status":"publish","type":"post","link":"https:\/\/portalinconfidentes.com.br\/index.php\/2023\/08\/21\/agencia-nacional-de-energia-eletrica-propoe-reducao-da-conta-de-luz-de-ate-369-nos-valores-das-bandeiras-tarifarias\/","title":{"rendered":"<strong>Ag\u00eancia Nacional de Energia El\u00e9trica prop\u00f5e redu\u00e7\u00e3o da conta de luz de at\u00e9 36,9% nos valores das bandeiras tarif\u00e1rias<\/strong>"},"content":{"rendered":"\n<p>Segundo \u00e1rea t\u00e9cnica, corte \u00e9 poss\u00edvel por causa da maior oferta de energia hidrel\u00e9trica e fim de contratos de usinas negociadas no leil\u00e3o emergencial<em>Foto: Divulga\u00e7\u00e3o<\/em><\/p>\n\n\n\n<p>A \u00e1rea t\u00e9cnica da Aneel (Ag\u00eancia Nacional de Energia El\u00e9trica) prop\u00f4s a redu\u00e7\u00e3o de at\u00e9 36,9% dos valores das bandeiras tarif\u00e1rias, taxa adicional cobrada na conta de luz a depender das condi\u00e7\u00f5es de gera\u00e7\u00e3o de energia no Pa\u00eds.<\/p>\n\n\n\n<p>A recomenda\u00e7\u00e3o est\u00e1 em nota t\u00e9cnica que embasou o voto a ser apresentado pelo relator do processo, diretor Fernando Mosna, nesta ter\u00e7a-feira (22), quando a ag\u00eancia ir\u00e1 analisar a abertura de consulta p\u00fablica sobre o tema. Segundo apurou o Estad\u00e3o\/Broadcast, o diretor ir\u00e1 seguir a proposta.<\/p>\n\n\n\n<p>Pela nota t\u00e9cnica, todos os patamares passariam por ajustes. Para bandeira amarela, a proposta prev\u00ea uma redu\u00e7\u00e3o de 36,9%, passando de R$ 2,989 para R$ 1,885 a cada 100 quilowatts-hora (kWh).<\/p>\n\n\n\n<p>J\u00e1 a bandeira vermelha 1 passaria de R$ 6,500 para R$ 4,463, uma redu\u00e7\u00e3o de 31,3%. E a bandeira vermelha 2 de R$ 9,795 para R$ 7,877, uma diferen\u00e7a de 19,6%. Os porcentuais podem ser alterados ap\u00f3s an\u00e1lise das contribui\u00e7\u00f5es encaminhadas \u00e0 Aneel durante a consulta p\u00fablica.<\/p>\n\n\n\n<p>A \u00e1rea t\u00e9cnica adotou a mesma metodologia de c\u00e1lculo usada em 2022. A redu\u00e7\u00e3o deve-se a par\u00e2metros que se mostraram mais favor\u00e1veis em 2023, principalmente os pre\u00e7os dos combust\u00edveis no mercado internacional.<\/p>\n\n\n\n<p>Al\u00e9m disso, tamb\u00e9m foram considerados o crescimento da oferta de energia gerada por usinas hidrel\u00e9tricas, a diminui\u00e7\u00e3o de custos de contratos sob gest\u00e3o das distribuidoras e o fim dos contratos de usinas negociadas no leil\u00e3o emergencial.<\/p>\n\n\n\n<p>Criado em 2015 pela ag\u00eancia reguladora, o sistema de bandeiras tarif\u00e1rias tem seus valores revisados anualmente, considerando uma s\u00e9rie de informa\u00e7\u00f5es. Entre elas os limites para o PLD (Pre\u00e7o de Liquida\u00e7\u00e3o das Diferen\u00e7as), corre\u00e7\u00e3o monet\u00e1ria pela infla\u00e7\u00e3o, pre\u00e7o m\u00e9dio dos contratos de compra de energia no mercado regulado, previs\u00e3o de crescimento da carga de energia e os custos e disponibilidade do parque termel\u00e9trico.<\/p>\n\n\n\n<p>O intuito da taxa adicional cobrada na conta de luz \u00e9 sinalizar que as bandeiras sinalizem ao consumidor o custo da gera\u00e7\u00e3o de energia. A medida tamb\u00e9m atenuou os efeitos no or\u00e7amento das distribuidoras. At\u00e9 ent\u00e3o, as empresas eram obrigadas a carregar os custos, que s\u00f3 eram repassados \u00e0s contas de luz no reajuste tarif\u00e1rio anual.<\/p>\n\n\n\n<p>A bandeira verde, quando n\u00e3o h\u00e1 cobran\u00e7a adicional, significa que o custo para produzir energia est\u00e1 baixo. Esse \u00e9 o patamar que est\u00e1 em vigor desde abril do ano passado, devido aos n\u00edveis dos reservat\u00f3rios. J\u00e1 o acionamento das bandeiras amarela e vermelha representa um aumento no custo da gera\u00e7\u00e3o e a necessidade de acionamento de t\u00e9rmicas, o que est\u00e1 ligado principalmente a condi\u00e7\u00f5es menos favor\u00e1veis de gera\u00e7\u00e3o.<\/p>\n\n\n\n<p><strong>Par\u00e2metros<\/strong><\/p>\n\n\n\n<p>Os t\u00e9cnicos, contudo, sugeriram um aprimoramento nos crit\u00e9rios para acionamento de cada patamar da bandeira.<\/p>\n\n\n\n<p>Por meio da nota t\u00e9cnica, recomendam que a gera\u00e7\u00e3o fora da ordem de m\u00e9rito, por conta de determina\u00e7\u00e3o do CMSE (Comit\u00ea de Monitoramento do Setor El\u00e9trico), deve compor de forma mais expl\u00edcita os par\u00e2metros para a decis\u00e3o. A decis\u00e3o do colegiado tem um impacto direto nos custos de gera\u00e7\u00e3o no Pa\u00eds, uma vez que pode representar o uso de usinas t\u00e9rmicas mais caras. A proposta ainda passar\u00e1 por consulta p\u00fablica e a Aneel ir\u00e1 receber contribui\u00e7\u00f5es do setor.<\/p>\n","protected":false},"excerpt":{"rendered":"<p>Econimia<\/p>\n","protected":false},"author":1,"featured_media":593,"comment_status":"open","ping_status":"open","sticky":false,"template":"","format":"standard","meta":{"footnotes":"","_jetpack_memberships_contains_paid_content":false,"jetpack_publicize_message":"","jetpack_publicize_feature_enabled":true,"jetpack_social_post_already_shared":true,"jetpack_social_options":{"image_generator_settings":{"template":"highway","enabled":false}}},"categories":[1],"tags":[],"jetpack_publicize_connections":[],"views":1326,"jetpack_sharing_enabled":true,"jetpack_featured_media_url":"https:\/\/i0.wp.com\/portalinconfidentes.com.br\/wp-content\/uploads\/2023\/08\/eletrica.jpg?fit=800%2C533&ssl=1","_links":{"self":[{"href":"https:\/\/portalinconfidentes.com.br\/index.php\/wp-json\/wp\/v2\/posts\/592"}],"collection":[{"href":"https:\/\/portalinconfidentes.com.br\/index.php\/wp-json\/wp\/v2\/posts"}],"about":[{"href":"https:\/\/portalinconfidentes.com.br\/index.php\/wp-json\/wp\/v2\/types\/post"}],"author":[{"embeddable":true,"href":"https:\/\/portalinconfidentes.com.br\/index.php\/wp-json\/wp\/v2\/users\/1"}],"replies":[{"embeddable":true,"href":"https:\/\/portalinconfidentes.com.br\/index.php\/wp-json\/wp\/v2\/comments?post=592"}],"version-history":[{"count":1,"href":"https:\/\/portalinconfidentes.com.br\/index.php\/wp-json\/wp\/v2\/posts\/592\/revisions"}],"predecessor-version":[{"id":594,"href":"https:\/\/portalinconfidentes.com.br\/index.php\/wp-json\/wp\/v2\/posts\/592\/revisions\/594"}],"wp:featuredmedia":[{"embeddable":true,"href":"https:\/\/portalinconfidentes.com.br\/index.php\/wp-json\/wp\/v2\/media\/593"}],"wp:attachment":[{"href":"https:\/\/portalinconfidentes.com.br\/index.php\/wp-json\/wp\/v2\/media?parent=592"}],"wp:term":[{"taxonomy":"category","embeddable":true,"href":"https:\/\/portalinconfidentes.com.br\/index.php\/wp-json\/wp\/v2\/categories?post=592"},{"taxonomy":"post_tag","embeddable":true,"href":"https:\/\/portalinconfidentes.com.br\/index.php\/wp-json\/wp\/v2\/tags?post=592"}],"curies":[{"name":"wp","href":"https:\/\/api.w.org\/{rel}","templated":true}]}}