{"id":589,"date":"2023-08-21T21:20:39","date_gmt":"2023-08-22T00:20:39","guid":{"rendered":"https:\/\/portalinconfidentes.com.br\/?p=589"},"modified":"2023-08-21T21:20:39","modified_gmt":"2023-08-22T00:20:39","slug":"ex-governadores-e-viuvas-milionarios-alegam-vulnerabilidade-para-pedir-pensao-de-ate-r-31-mil","status":"publish","type":"post","link":"https:\/\/portalinconfidentes.com.br\/index.php\/2023\/08\/21\/ex-governadores-e-viuvas-milionarios-alegam-vulnerabilidade-para-pedir-pensao-de-ate-r-31-mil\/","title":{"rendered":"<strong>Ex-governadores e vi\u00favas milion\u00e1rios alegam \u201cvulnerabilidade\u201d para pedir pens\u00e3o de at\u00e9 R$ 31 mil<\/strong>"},"content":{"rendered":"\n<p>O benef\u00edcio foi suspenso em maio de 2020, ap\u00f3s decis\u00e3o do pr\u00f3prio Supremo entender que o pagamento era inconstitucional. (Foto: Divulga\u00e7\u00e3o\/STF)<em>Foto: Divulga\u00e7\u00e3o\/STF<\/em><\/p>\n\n\n\n<p>Tr\u00eas ex-governadores da Para\u00edba e quatro vi\u00favas de ex-governadores do Estado entraram com a\u00e7\u00e3o no Supremo Tribunal Federal (STF). O motivo: voltarem a receber uma pens\u00e3o de at\u00e9 R$ 31,1 mil. A informa\u00e7\u00e3o foi divulgada pelo jornalista Wallison Bezerra, do MaisPB.<\/p>\n\n\n\n<p>A reclama\u00e7\u00e3o foi ajuizada na \u00faltima quinta-feira (17), pelos ex-governadores Ricardo Coutinho (PT), Roberto Paulino (MDB) e C\u00edcero Lucena (PP). As vi\u00favas s\u00e3o Glauce Maria Navarro Buriti (que foi casada com o ex-governador Tarc\u00edsio Buriti), Myriam De Mello E Silva Cabral (Milton Cabral) e Mirtes De Almeida Bichara Sobreira (Ivan Bichara), al\u00e9m da desembargadora F\u00e1tima Bezerra Maranh\u00e3o (Jos\u00e9 Maranh\u00e3o). F\u00e1tima Bezerra acabou por desistir da a\u00e7\u00e3o ap\u00f3s a divulga\u00e7\u00e3o da mat\u00e9ria.<\/p>\n\n\n\n<p>Os ex-governadores e as vi\u00favas alegam que se encontram em \u201cestado de vulnerabilidade social\u201d, uma vez que s\u00e3o idosos, e asseguram que dependiam diretamente da pens\u00e3o para a sobreviv\u00eancia.<\/p>\n\n\n\n<p>O benef\u00edcio a eles concedido foi suspenso em maio de 2020, ap\u00f3s decis\u00e3o do pr\u00f3prio Supremo entender que o pagamento era inconstitucional.<\/p>\n\n\n\n<p>Entretanto, os tr\u00eas ex-governadores t\u00eam patrim\u00f4nios declarados que variam de R$ 1,709 milh\u00e3o a R$ 3,278 milh\u00f5es. Ambos ainda atuam na pol\u00edtica, sendo assim, garantem outras fontes de renda.<\/p>\n\n\n\n<p>J\u00e1 a lista de vi\u00favas inclui uma desembargadora do Tribunal de Justi\u00e7a da Para\u00edba que recebe, em m\u00e9dia, R$ 62,5 mil por m\u00eas.<\/p>\n\n\n\n<p>Procurado, Iarley Maia, o advogado da a\u00e7\u00e3o conjunta afirmou que \u201cn\u00e3o est\u00e1 autorizado a comentar o caso e que seus argumentos est\u00e3o na peti\u00e7\u00e3o inicial\u201d.<\/p>\n\n\n\n<p>Conforme dados do Tribunal de Contas Estadual (TCE-PB), em maio de 2020, quando a pens\u00e3o foi paga pela \u00faltima vez, 14 ex-governadores e vi\u00favas de ex-governadores da Para\u00edba receberam um total de R$ 216,9 mil.<\/p>\n\n\n\n<p>Isso equivalia a um gasto anual de R$ 2,8 milh\u00f5es aos cofres p\u00fablicos.<\/p>\n\n\n\n<p>Caso o Estado da Para\u00edba volte a pagar a pens\u00e3o, o gasto tende a ser maior ainda. Isso se deve pelo reajuste de 32%, v\u00e1lido desde janeiro deste ano, de R$ 23.500,82 para R$ 31.173,06.<\/p>\n\n\n\n<p>Os ex-governadores e as vi\u00favas pedem ainda ao Supremo o pagamento retroativo das pens\u00f5es. A a\u00e7\u00e3o foi sorteada ao ministro Luiz Fux. Os peticionantes pediram que o caso fosse distribu\u00eddo para o ministro Gilmar Mendes, que j\u00e1 decidiu a favor das pens\u00f5es de ex-governadores do Paran\u00e1 e do Mato Grosso.<\/p>\n\n\n\n<p>Na peti\u00e7\u00e3o inicial, os reclamantes afirmam que a decis\u00e3o do STF que cessou o pagamento da pens\u00e3o n\u00e3o considerou que eles se encontram em fragilidade social por serem idosos. A idade do grupo varia de 62 a 101 anos.<\/p>\n\n\n\n<p>O grupo ressalta ainda que os valores das pens\u00f5es eram de natureza aliment\u00edcia.<\/p>\n\n\n\n<p>\u201cAp\u00f3s tantos anos recebendo o benef\u00edcio, que era at\u00e9 ent\u00e3o assegurado em lei e, portanto, de boa-f\u00e9, os reclamantes constru\u00edram padr\u00e3o de vida m\u00ednimos de dignidade, realizaram planejamentos pessoais, familiares e financeiros que dependiam diretamente da pens\u00e3o para sua sobreviv\u00eancia\u201d, escrevem. O valor do benef\u00edcio \u00e9 23 vezes maior que o sal\u00e1rio m\u00ednimo, hoje em R$ 1.320.<\/p>\n\n\n\n<p>Explicam ainda que a pens\u00e3o era paga com o objetivo de amparar os ex-governadores e suas vi\u00favas ap\u00f3s \u201canos servindo \u00e0 administra\u00e7\u00e3o p\u00fablica e dedicando-se \u00e0 vida pol\u00edtica\u201d.<\/p>\n\n\n\n<p>\u201cAs vi\u00favas dos ex-governadores, hoje com idades iguais ou superiores a 60 anos, se dedicavam bastante ou quase que exclusivamente ao digno e nobre papel de primeira-dama, tendo, muitas vezes, de deixar suas carreiras profissionais suspensas, em nome da dedica\u00e7\u00e3o ao servi\u00e7o p\u00fablico\u201d, explicam.<\/p>\n","protected":false},"excerpt":{"rendered":"<p>Pol\u00edtica<\/p>\n","protected":false},"author":1,"featured_media":590,"comment_status":"open","ping_status":"open","sticky":false,"template":"","format":"standard","meta":{"footnotes":"","_jetpack_memberships_contains_paid_content":false,"jetpack_publicize_message":"","jetpack_publicize_feature_enabled":true,"jetpack_social_post_already_shared":true,"jetpack_social_options":{"image_generator_settings":{"template":"highway","enabled":false}}},"categories":[1],"tags":[],"jetpack_publicize_connections":[],"views":2004,"jetpack_sharing_enabled":true,"jetpack_featured_media_url":"https:\/\/i0.wp.com\/portalinconfidentes.com.br\/wp-content\/uploads\/2023\/08\/viuvas.jpg?fit=800%2C533&ssl=1","_links":{"self":[{"href":"https:\/\/portalinconfidentes.com.br\/index.php\/wp-json\/wp\/v2\/posts\/589"}],"collection":[{"href":"https:\/\/portalinconfidentes.com.br\/index.php\/wp-json\/wp\/v2\/posts"}],"about":[{"href":"https:\/\/portalinconfidentes.com.br\/index.php\/wp-json\/wp\/v2\/types\/post"}],"author":[{"embeddable":true,"href":"https:\/\/portalinconfidentes.com.br\/index.php\/wp-json\/wp\/v2\/users\/1"}],"replies":[{"embeddable":true,"href":"https:\/\/portalinconfidentes.com.br\/index.php\/wp-json\/wp\/v2\/comments?post=589"}],"version-history":[{"count":1,"href":"https:\/\/portalinconfidentes.com.br\/index.php\/wp-json\/wp\/v2\/posts\/589\/revisions"}],"predecessor-version":[{"id":591,"href":"https:\/\/portalinconfidentes.com.br\/index.php\/wp-json\/wp\/v2\/posts\/589\/revisions\/591"}],"wp:featuredmedia":[{"embeddable":true,"href":"https:\/\/portalinconfidentes.com.br\/index.php\/wp-json\/wp\/v2\/media\/590"}],"wp:attachment":[{"href":"https:\/\/portalinconfidentes.com.br\/index.php\/wp-json\/wp\/v2\/media?parent=589"}],"wp:term":[{"taxonomy":"category","embeddable":true,"href":"https:\/\/portalinconfidentes.com.br\/index.php\/wp-json\/wp\/v2\/categories?post=589"},{"taxonomy":"post_tag","embeddable":true,"href":"https:\/\/portalinconfidentes.com.br\/index.php\/wp-json\/wp\/v2\/tags?post=589"}],"curies":[{"name":"wp","href":"https:\/\/api.w.org\/{rel}","templated":true}]}}