{"id":583,"date":"2023-08-21T21:09:39","date_gmt":"2023-08-22T00:09:39","guid":{"rendered":"https:\/\/portalinconfidentes.com.br\/?p=583"},"modified":"2023-08-21T21:09:39","modified_gmt":"2023-08-22T00:09:39","slug":"presidente-do-senado-espera-promulgar-a-reforma-tributaria-este-ano-mas-nao-descarta-possibilidade-de-atraso","status":"publish","type":"post","link":"https:\/\/portalinconfidentes.com.br\/index.php\/2023\/08\/21\/presidente-do-senado-espera-promulgar-a-reforma-tributaria-este-ano-mas-nao-descarta-possibilidade-de-atraso\/","title":{"rendered":"<strong>Presidente do Senado espera promulgar a reforma tribut\u00e1ria este ano, mas n\u00e3o descarta possibilidade de atraso<\/strong>"},"content":{"rendered":"\n<p>Rodrigo Pacheco admitiu a possibilidade de atrasos na tramita\u00e7\u00e3o em virtude dos questionamentos ao texto<em>Foto: Roque de S\u00e1\/Ag\u00eancia Senado<\/em><\/p>\n\n\n\n<p>O presidente do Congresso Nacional, Rodrigo Pacheco (PSD-MG), n\u00e3o descarta atrasos na tramita\u00e7\u00e3o da reforma tribut\u00e1ria, cujo texto precisa passar pelo Senado e, depois, pode ter de voltar \u00e0 C\u00e2mara dos Deputados e ao Senado novamente. Ainda assim, o senador afirmou acreditar que a reforma ser\u00e1 promulgada ainda neste ano.<\/p>\n\n\n\n<p>O senador avaliou que o tr\u00e2mite da pauta n\u00e3o sofrer\u00e1 impacto da reforma ministerial do presidente da Rep\u00fablica, Luiz In\u00e1cio Lula da Silva. \u201cS\u00e3o coisas independentes\u201d, disse. \u201cAcho que isso toca mais \u00e0 C\u00e2mara. S\u00e3o coisas desvinculadas. Todos t\u00eam o senso de import\u00e2ncia da reforma tribut\u00e1ria, independente das conveni\u00eancias pol\u00edticas.\u201d<\/p>\n\n\n\n<p>Pacheco admitiu a possibilidade de atrasos na tramita\u00e7\u00e3o em virtude dos questionamentos ao texto. \u201cEvidentemente, se houver alguma necessidade de algum adiamento m\u00ednimo, n\u00f3s vamos fazer. \u00c9 importante entregar uma reforma com boas bases e com conhecimento profundo do que est\u00e1 fazendo.\u201d<\/p>\n\n\n\n<p>Mas frisou a inten\u00e7\u00e3o de cumprir o calend\u00e1rio previsto para o tr\u00e2mite da pauta. \u201cA previs\u00e3o inicial \u00e9 o dia 4 de outubro, data estipulada pelo relator, senador Eduardo Braga. Vamos nos dedicar muito neste fim de agosto e todo o m\u00eas de setembro\u201d, disse.<\/p>\n\n\n\n<p>\u201cA proje\u00e7\u00e3o inicial \u00e9 essa e acredito que podemos cumprir\u201d, refor\u00e7ou. \u201cN\u00f3s pretendemos votar neste ano. \u00c9 muito importante promulgar a emenda constitucional ainda neste ano.\u201d<\/p>\n\n\n\n<p>Pacheco destacou ainda que governadores e prefeitos ser\u00e3o ouvidos. no pr\u00f3ximo dia 29. \u201cVamos ouvir todos os governadores. Devemos fazer na sequ\u00eancia debates com os prefeitos. \u00c9 muito importante o Senado abrir as portas para ouvir os Estados, Distrito Federal e munic\u00edpios. Vamos tentar equacionar todos esses dilemas.\u201d<\/p>\n\n\n\n<p>O senador afirmou que \u00e9 importante que \u201ctodos cedam um pouco\u201d, pois, \u201ca reforma ser\u00e1 boa para o pa\u00eds\u201d. \u201cNo final das contas, todo mundo concorda que a unifica\u00e7\u00e3o \u00e9 boa; a simplifica\u00e7\u00e3o \u00e9 boa; a desburocratiza\u00e7\u00e3o \u00e9 boa; e que o sistema tribut\u00e1rio \u00e9 ruim.\u201d<\/p>\n\n\n\n<p>Pacheco participou do evento \u201cReflex\u00f5es sobre a Reforma Tribut\u00e1ria\u201d, na sede da Funda\u00e7\u00e3o Getulio Vargas, no Rio de Janeiro, no qual tamb\u00e9m esteve presente o governador de Goi\u00e1s, Ronaldo Caiado, que criticou o texto.<\/p>\n","protected":false},"excerpt":{"rendered":"<p>Tributos<\/p>\n","protected":false},"author":1,"featured_media":584,"comment_status":"open","ping_status":"open","sticky":false,"template":"","format":"standard","meta":{"footnotes":"","_jetpack_memberships_contains_paid_content":false,"jetpack_publicize_message":"","jetpack_publicize_feature_enabled":true,"jetpack_social_post_already_shared":true,"jetpack_social_options":{"image_generator_settings":{"template":"highway","enabled":false}}},"categories":[1],"tags":[],"jetpack_publicize_connections":[],"views":1855,"jetpack_sharing_enabled":true,"jetpack_featured_media_url":"https:\/\/i0.wp.com\/portalinconfidentes.com.br\/wp-content\/uploads\/2023\/08\/tributar.jpg?fit=800%2C533&ssl=1","_links":{"self":[{"href":"https:\/\/portalinconfidentes.com.br\/index.php\/wp-json\/wp\/v2\/posts\/583"}],"collection":[{"href":"https:\/\/portalinconfidentes.com.br\/index.php\/wp-json\/wp\/v2\/posts"}],"about":[{"href":"https:\/\/portalinconfidentes.com.br\/index.php\/wp-json\/wp\/v2\/types\/post"}],"author":[{"embeddable":true,"href":"https:\/\/portalinconfidentes.com.br\/index.php\/wp-json\/wp\/v2\/users\/1"}],"replies":[{"embeddable":true,"href":"https:\/\/portalinconfidentes.com.br\/index.php\/wp-json\/wp\/v2\/comments?post=583"}],"version-history":[{"count":1,"href":"https:\/\/portalinconfidentes.com.br\/index.php\/wp-json\/wp\/v2\/posts\/583\/revisions"}],"predecessor-version":[{"id":585,"href":"https:\/\/portalinconfidentes.com.br\/index.php\/wp-json\/wp\/v2\/posts\/583\/revisions\/585"}],"wp:featuredmedia":[{"embeddable":true,"href":"https:\/\/portalinconfidentes.com.br\/index.php\/wp-json\/wp\/v2\/media\/584"}],"wp:attachment":[{"href":"https:\/\/portalinconfidentes.com.br\/index.php\/wp-json\/wp\/v2\/media?parent=583"}],"wp:term":[{"taxonomy":"category","embeddable":true,"href":"https:\/\/portalinconfidentes.com.br\/index.php\/wp-json\/wp\/v2\/categories?post=583"},{"taxonomy":"post_tag","embeddable":true,"href":"https:\/\/portalinconfidentes.com.br\/index.php\/wp-json\/wp\/v2\/tags?post=583"}],"curies":[{"name":"wp","href":"https:\/\/api.w.org\/{rel}","templated":true}]}}