{"id":579,"date":"2023-08-21T20:57:53","date_gmt":"2023-08-21T23:57:53","guid":{"rendered":"https:\/\/portalinconfidentes.com.br\/?p=579"},"modified":"2023-08-21T20:58:38","modified_gmt":"2023-08-21T23:58:38","slug":"proposta-de-volta-do-imposto-sindical-obrigatorio-preve-taxa-fixa-de-ate-1-do-rendimento-anual-do-trabalhador","status":"publish","type":"post","link":"https:\/\/portalinconfidentes.com.br\/index.php\/2023\/08\/21\/proposta-de-volta-do-imposto-sindical-obrigatorio-preve-taxa-fixa-de-ate-1-do-rendimento-anual-do-trabalhador\/","title":{"rendered":"<strong>Proposta de volta do imposto sindical obrigat\u00f3rio prev\u00ea taxa fixa de at\u00e9 1% do rendimento anual do trabalhador<\/strong>"},"content":{"rendered":"\n<p>Minuta do projeto ainda define que a taxa seja implementada a partir de aprova\u00e7\u00e3o, de forma individual, pelas categorias<em>Foto: Reprodu\u00e7\u00e3o<\/em><\/p>\n\n\n\n<p>O Minist\u00e9rio do Trabalho avalia uma proposta para a retomar a cobran\u00e7a do imposto sindical obrigat\u00f3rio. De acordo com o texto \u2013 que deve ser enviado ao Congresso Nacional em um PL (Projeto de Lei) \u2013 a taxa seria descontada na folha de pagamento e fixada em at\u00e9 1% do rendimento anual do trabalhador.<\/p>\n\n\n\n<p>A CNN teve acesso \u00e0 minuta do projeto, articulado por lideran\u00e7as de centrais sindicais. O texto, com trechos ainda em constru\u00e7\u00e3o, prev\u00ea que a taxa seja implementada a partir de aprova\u00e7\u00e3o, de forma individual, pelas categorias.<\/p>\n\n\n\n<p>Ou seja, a mudan\u00e7a precisaria passar por vota\u00e7\u00e3o em assembleias, al\u00e9m de ser oficializada nos termos de eventuais acordos ou conven\u00e7\u00f5es coletivas.<\/p>\n\n\n\n<p>Pelo texto, a taxa seria vinculada a acordos de reajuste salarial entre patr\u00f5es e empregados, intermediados por sindicatos. A ideia \u00e9 que a discuss\u00e3o sobre a contribui\u00e7\u00e3o fa\u00e7a parte, obrigatoriamente, do processo de negocia\u00e7\u00e3o anual de aumentos salariais e benef\u00edcios.<\/p>\n\n\n\n<p>A proposta prev\u00ea ainda o repasse de um ter\u00e7o do valor arrecadado dos trabalhadores aos sindicatos. O c\u00e1lculo total seguiria a seguinte configura\u00e7\u00e3o:<\/p>\n\n\n\n<p>70% para o Sindicato respectivo;<br>12% para a Federa\u00e7\u00e3o correspondente;<br>8% para a Confedera\u00e7\u00e3o correspondente;<br>7% para a Central Sindical correspondente;<\/p>\n\n\n\n<p>O repasse de outros 3% tamb\u00e9m deve contemplar entidades ligadas aos empregados, ainda em processo de defini\u00e7\u00e3o.<\/p>\n\n\n\n<p>O imposto sindical obrigat\u00f3rio havia sido extinto em 2017, quando entrou em vigor a Reforma Trabalhista, implementada durante o governo do ex-presidente Michel Temer (MDB-SP). A taxa considerava o valor de um dia de trabalho, descontado anualmente. Com a mudan\u00e7a, a contribui\u00e7\u00e3o passou a ser opcional.<\/p>\n\n\n\n<p>As discuss\u00f5es sobre a retomada do financiamento dos sindicatos fez parte dos debates da transi\u00e7\u00e3o governamental. Em aceno aos sindicalistas, o presidente Luiz In\u00e1cio Lula da Silva se mostrou favor\u00e1vel \u00e0 revis\u00e3o de alguns pontos da reforma trabalhista.<\/p>\n\n\n\n<p>Internamente, integrantes do Minist\u00e9rio do Trabalho ponderam que o retorno da contribui\u00e7\u00e3o precisa estar atrelado a mudan\u00e7as na autorregulamenta\u00e7\u00e3o dos sindicatos e ao aumento de transpar\u00eancia em rela\u00e7\u00e3o \u00e0 presta\u00e7\u00e3o de contas das entidades.<\/p>\n\n\n\n<p>Em abril a pasta definiu a cria\u00e7\u00e3o de um grupo de trabalho sobre o assunto, com representantes do governo, sindicatos e confedera\u00e7\u00f5es patronais. Nesta ter\u00e7a-feira (22), o GT deve fazer mais uma reuni\u00e3o para discutir pontos espec\u00edficos da proposta que ser\u00e1 enviada aos parlamentares.<\/p>\n","protected":false},"excerpt":{"rendered":"<p>Brasil<\/p>\n","protected":false},"author":1,"featured_media":580,"comment_status":"open","ping_status":"open","sticky":false,"template":"","format":"standard","meta":{"footnotes":"","_jetpack_memberships_contains_paid_content":false,"jetpack_publicize_message":"","jetpack_publicize_feature_enabled":true,"jetpack_social_post_already_shared":true,"jetpack_social_options":{"image_generator_settings":{"template":"highway","enabled":false}}},"categories":[1],"tags":[],"jetpack_publicize_connections":[],"views":1774,"jetpack_sharing_enabled":true,"jetpack_featured_media_url":"https:\/\/i0.wp.com\/portalinconfidentes.com.br\/wp-content\/uploads\/2023\/08\/salario.jpg?fit=800%2C533&ssl=1","_links":{"self":[{"href":"https:\/\/portalinconfidentes.com.br\/index.php\/wp-json\/wp\/v2\/posts\/579"}],"collection":[{"href":"https:\/\/portalinconfidentes.com.br\/index.php\/wp-json\/wp\/v2\/posts"}],"about":[{"href":"https:\/\/portalinconfidentes.com.br\/index.php\/wp-json\/wp\/v2\/types\/post"}],"author":[{"embeddable":true,"href":"https:\/\/portalinconfidentes.com.br\/index.php\/wp-json\/wp\/v2\/users\/1"}],"replies":[{"embeddable":true,"href":"https:\/\/portalinconfidentes.com.br\/index.php\/wp-json\/wp\/v2\/comments?post=579"}],"version-history":[{"count":2,"href":"https:\/\/portalinconfidentes.com.br\/index.php\/wp-json\/wp\/v2\/posts\/579\/revisions"}],"predecessor-version":[{"id":582,"href":"https:\/\/portalinconfidentes.com.br\/index.php\/wp-json\/wp\/v2\/posts\/579\/revisions\/582"}],"wp:featuredmedia":[{"embeddable":true,"href":"https:\/\/portalinconfidentes.com.br\/index.php\/wp-json\/wp\/v2\/media\/580"}],"wp:attachment":[{"href":"https:\/\/portalinconfidentes.com.br\/index.php\/wp-json\/wp\/v2\/media?parent=579"}],"wp:term":[{"taxonomy":"category","embeddable":true,"href":"https:\/\/portalinconfidentes.com.br\/index.php\/wp-json\/wp\/v2\/categories?post=579"},{"taxonomy":"post_tag","embeddable":true,"href":"https:\/\/portalinconfidentes.com.br\/index.php\/wp-json\/wp\/v2\/tags?post=579"}],"curies":[{"name":"wp","href":"https:\/\/api.w.org\/{rel}","templated":true}]}}