{"id":573,"date":"2023-08-20T11:10:40","date_gmt":"2023-08-20T14:10:40","guid":{"rendered":"https:\/\/portalinconfidentes.com.br\/?p=573"},"modified":"2023-08-20T11:10:43","modified_gmt":"2023-08-20T14:10:43","slug":"abertas-inscricoes-para-a-segunda-edicao-do-projeto-fortalecimento-de-organizacoes-locais","status":"publish","type":"post","link":"https:\/\/portalinconfidentes.com.br\/index.php\/2023\/08\/20\/abertas-inscricoes-para-a-segunda-edicao-do-projeto-fortalecimento-de-organizacoes-locais\/","title":{"rendered":"<strong>Abertas inscri\u00e7\u00f5es para a segunda edi\u00e7\u00e3o do projeto Fortalecimento de Organiza\u00e7\u00f5es Locais\u00a0<\/strong>"},"content":{"rendered":"\n<p><em>Ser\u00e3o selecionadas 105 institui\u00e7\u00f5es em Minas e no Esp\u00edrito Santo, que, al\u00e9m de capacita\u00e7\u00e3o, v\u00e3o receber entre R$ 8 mil e R$ 15 mil para o desenvolvimento de projetos&nbsp;<\/em><\/p>\n\n\n\n<p>Est\u00e3o abertas at\u00e9 29 de setembro as inscri\u00e7\u00f5es para a segunda edi\u00e7\u00e3o do projeto de Fortalecimento das Organiza\u00e7\u00f5es Locais, o FOL. Ser\u00e3o selecionadas 105 organiza\u00e7\u00f5es e grupos informais sem fins lucrativos que atuam nas \u00e1reas de turismo, cultura, esporte e lazer e preserva\u00e7\u00e3o da mem\u00f3ria hist\u00f3rica, cultural e art\u00edstica. As atividades devem estar localizadas em munic\u00edpios de Minas Gerais e do Esp\u00edrito Santo atingidos pelo rompimento da barragem de Fund\u00e3o, em Mariana (MG).&nbsp;<\/p>\n\n\n\n<p>O projeto \u00e9 uma iniciativa da Funda\u00e7\u00e3o Renova e, nesta segunda edi\u00e7\u00e3o, ser\u00e1 executado pela empresa de consultoria H&amp;P. Podem se inscrever coletivos como: companhias teatrais, equipes desportivas, comunidades de artes\u00e3os, associa\u00e7\u00f5es de agricultores familiares, ligas da terceira idade e grupos de catadores de materiais recicl\u00e1veis.&nbsp;<\/p>\n\n\n\n<p>\u201cO FOL visa consolidar a capacidade de gest\u00e3o, o desenvolvimento de atua\u00e7\u00e3o em rede, al\u00e9m de valoriza\u00e7\u00e3o e potencializa\u00e7\u00e3o do territ\u00f3rio\u201d, informa a analista de Turismo e Lazer da Funda\u00e7\u00e3o, \u00c9rika Carvalho.&nbsp;<\/p>\n\n\n\n<p>De outubro de 2023 a abril de 2024, os membros das entidades selecionadas participar\u00e3o de aulas e mentorias de elabora\u00e7\u00e3o e gest\u00e3o de projetos, capta\u00e7\u00e3o de recursos, comunica\u00e7\u00e3o, legisla\u00e7\u00e3o, dentre outras tem\u00e1ticas. As organiza\u00e7\u00f5es v\u00e3o receber o aporte financeiro para o desenvolvimento das a\u00e7\u00f5es propostas na forma\u00e7\u00e3o. Os repasses podem variar de R$ 8 mil a R$ 15 mil, conforme a tem\u00e1tica de atua\u00e7\u00e3o da organiza\u00e7\u00e3o.&nbsp;<\/p>\n\n\n\n<p>Mais informa\u00e7\u00f5es e inscri\u00e7\u00f5es no site:&nbsp;<a href=\"http:\/\/fortalecendo.hep.solutions\/\" target=\"_blank\" rel=\"noreferrer noopener\">fortalecendo.hep.solutions<\/a>.&nbsp;<\/p>\n\n\n\n<p><strong>Sobre a Funda\u00e7\u00e3o Renova<\/strong>&nbsp;<\/p>\n\n\n\n<p>A Funda\u00e7\u00e3o Renova \u00e9 uma entidade de direito privado, sem fins lucrativos, constitu\u00edda com o exclusivo prop\u00f3sito de gerir e executar os programas e a\u00e7\u00f5es de repara\u00e7\u00e3o e compensa\u00e7\u00e3o dos danos causados pelo rompimento da barragem de Fund\u00e3o.&nbsp;&nbsp;<\/p>\n\n\n\n<p>A Funda\u00e7\u00e3o foi institu\u00edda por meio de um Termo de Transa\u00e7\u00e3o e de Ajustamento de Conduta (TTAC), assinado entre Samarco, suas acionistas Vale e BHP, os governos federal e dos estados de Minas Gerais e do Esp\u00edrito Santo, al\u00e9m de uma s\u00e9rie de autarquias, funda\u00e7\u00f5es e institutos (como Ibama, Instituto Chico Mendes, Ag\u00eancia Nacional de \u00c1guas, Instituto Estadual de Florestas, Funai, Secretarias de Meio Ambiente, dentre outros), em mar\u00e7o de 2016.&nbsp;<\/p>\n","protected":false},"excerpt":{"rendered":"<p>Funda\u00e7\u00e3o Renova<\/p>\n","protected":false},"author":1,"featured_media":574,"comment_status":"open","ping_status":"open","sticky":false,"template":"","format":"standard","meta":{"footnotes":"","_jetpack_memberships_contains_paid_content":false,"jetpack_publicize_message":"","jetpack_publicize_feature_enabled":true,"jetpack_social_post_already_shared":true,"jetpack_social_options":{"image_generator_settings":{"template":"highway","enabled":false}}},"categories":[1],"tags":[],"jetpack_publicize_connections":[],"views":1712,"jetpack_sharing_enabled":true,"jetpack_featured_media_url":"https:\/\/i0.wp.com\/portalinconfidentes.com.br\/wp-content\/uploads\/2023\/08\/nagila.jpg?fit=800%2C533&ssl=1","_links":{"self":[{"href":"https:\/\/portalinconfidentes.com.br\/index.php\/wp-json\/wp\/v2\/posts\/573"}],"collection":[{"href":"https:\/\/portalinconfidentes.com.br\/index.php\/wp-json\/wp\/v2\/posts"}],"about":[{"href":"https:\/\/portalinconfidentes.com.br\/index.php\/wp-json\/wp\/v2\/types\/post"}],"author":[{"embeddable":true,"href":"https:\/\/portalinconfidentes.com.br\/index.php\/wp-json\/wp\/v2\/users\/1"}],"replies":[{"embeddable":true,"href":"https:\/\/portalinconfidentes.com.br\/index.php\/wp-json\/wp\/v2\/comments?post=573"}],"version-history":[{"count":1,"href":"https:\/\/portalinconfidentes.com.br\/index.php\/wp-json\/wp\/v2\/posts\/573\/revisions"}],"predecessor-version":[{"id":575,"href":"https:\/\/portalinconfidentes.com.br\/index.php\/wp-json\/wp\/v2\/posts\/573\/revisions\/575"}],"wp:featuredmedia":[{"embeddable":true,"href":"https:\/\/portalinconfidentes.com.br\/index.php\/wp-json\/wp\/v2\/media\/574"}],"wp:attachment":[{"href":"https:\/\/portalinconfidentes.com.br\/index.php\/wp-json\/wp\/v2\/media?parent=573"}],"wp:term":[{"taxonomy":"category","embeddable":true,"href":"https:\/\/portalinconfidentes.com.br\/index.php\/wp-json\/wp\/v2\/categories?post=573"},{"taxonomy":"post_tag","embeddable":true,"href":"https:\/\/portalinconfidentes.com.br\/index.php\/wp-json\/wp\/v2\/tags?post=573"}],"curies":[{"name":"wp","href":"https:\/\/api.w.org\/{rel}","templated":true}]}}