{"id":567,"date":"2023-08-20T10:19:59","date_gmt":"2023-08-20T13:19:59","guid":{"rendered":"https:\/\/portalinconfidentes.com.br\/?p=567"},"modified":"2023-08-20T10:20:02","modified_gmt":"2023-08-20T13:20:02","slug":"camara-de-mariana-empossa-o-prefeito-celso-cota-e-o-vice-prefeito-cristiano-vilas-boas-eleitos-em-2020","status":"publish","type":"post","link":"https:\/\/portalinconfidentes.com.br\/index.php\/2023\/08\/20\/camara-de-mariana-empossa-o-prefeito-celso-cota-e-o-vice-prefeito-cristiano-vilas-boas-eleitos-em-2020\/","title":{"rendered":"C\u00e2mara de Mariana empossa o prefeito Celso Cota e o vice-prefeito Cristiano Vilas Boas, eleitos em 2020"},"content":{"rendered":"\n<p><em>Durante a sess\u00e3o, o vereador Edson Agostinho retornou \u00e0 presid\u00eancia da C\u00e2mara e o suplente Gilberto Mateus encerrou o mandato parlamentar<\/em><\/p>\n\n\n\n<p><em>Por Livia Salles&nbsp;<\/em><\/p>\n\n\n\n<p>Na noite desta sexta-feira (18), aconteceu no Plen\u00e1rio do pr\u00e9dio hist\u00f3rico da Casa de C\u00e2mara a cerim\u00f4nia de posse do prefeito eleito, Celso Cota (MDB), e do vice-prefeito, Cristiano Vilas Boas (PT). Durante a cerim\u00f4nia, houve tamb\u00e9m o encerramento do mandato do vereador Gilberto Mateus, suplente pelo partido Cidadania, e a recondu\u00e7\u00e3o do vereador Edson Agostinho Carneiro &#8211; Leit\u00e3o \u00e0 presid\u00eancia da C\u00e2mara.&nbsp;<\/p>\n\n\n\n<p>Eleitos para a Legislatura 2021-2024, os vereadores que assumiram a presid\u00eancia da C\u00e2mara Municipal de Mariana nesse per\u00edodo exerceram interinamente o cargo de prefeito, no aguardo da decis\u00e3o do Tribunal Superior Eleitoral (TSE). Estiveram \u00e0 frente do Executivo os vereadores Juliano Vasconcelos Gon\u00e7alves &#8211; Juliano Duarte (Cidadania), de janeiro de 2021 a junho de 2022; Ronaldo Alves Bento (PSB), junho de 2022 a dezembro de 2022; al\u00e9m de Edson Agostinho, que esteve como prefeito de janeiro deste ano at\u00e9 agora. Com a decis\u00e3o do TSE, no dia 17 deste m\u00eas, ficou determinada a posse imediata da chapa eleita. Assim, Celso Cota passa a representar o poder Executivo de Mariana a partir de hoje.&nbsp;<\/p>\n\n\n\n<p>A Mesa Diretora da C\u00e2mara retoma sua forma\u00e7\u00e3o de origem, eleita para o bi\u00eanio 2023-2024, e \u00e9 composta pelo presidente Edson Agostinho Carneiro &#8211; Leit\u00e3o; pelo vice-presidente Fernando Sampaio de Castro; pelo Primeiro Secret\u00e1rio Manoel Douglas Soares Oliveira &#8211; Preto; e pelo Segundo Secret\u00e1rio Jos\u00e9 Antunes Vieira &#8211;&nbsp; Zezinho Salete.&nbsp;<\/p>\n\n\n\n<p>Com o retorno do vereador Edson Agostinho \u00e0 C\u00e2mara, o suplente Gilberto Mateus &#8211; Tikim que \u00e9 filiado ao mesmo partido, encerrou o mandato parlamentar. Tikim tamb\u00e9m ocupou a cadeira no Legislativo enquanto o vereador Juliano Duarte esteve \u00e0 frente do Executivo. J\u00e1 o PSB foi representado por Pedro da Paix\u00e3o Sousa no per\u00edodo em que o vereador Ronaldo Bento atuou como prefeito.<\/p>\n\n\n\n<p>Em seu discurso de posse, o prefeito Celso Cota refor\u00e7ou o seu compromisso em investir &#8220;em todas as pastas: Sa\u00fade, Educa\u00e7\u00e3o, Seguran\u00e7a, Cultura e todas as outras. Vamos trabalhar para o povo&#8221;. O vice-prefeito Cristiano Vilas Boas completou: &#8220;n\u00e3o vamos governar apenas para os que votaram em nossa chapa, vamos governar para todo mundo&#8221;.<\/p>\n\n\n\n<p>O vereador Fernando Sampaio ao reconduzir Edson Agostinho Carneiro &#8211; Leit\u00e3o \u00e0 presid\u00eancia, declarou a necessidade de colocar os marianenses \u00e0 frente das quest\u00f5es pol\u00edticas e partid\u00e1rias para que o mandato possa ser finalizado visando o bem da popula\u00e7\u00e3o.<\/p>\n\n\n\n<p>J\u00e1 Gilberto Mateus &#8211; Tikim, ao se despedir da C\u00e2mara, manifestou sua gratid\u00e3o pelo per\u00edodo de verean\u00e7a. &#8220;Estou triste em deixar de ser vereador, pois sempre trabalhei muito, mas entendo e tor\u00e7o sempre para o melhor de todos n\u00f3s&#8221;, ressaltou o ex-vereador.<\/p>\n\n\n\n<p>A sess\u00e3o solene est\u00e1 dispon\u00edvel no site da C\u00e2mara de Mariana e nas p\u00e1ginas do Legislativo marianense no Facebook e YouTube.<\/p>\n\n\n\n<p>Fotos: Mariana Hermidas&nbsp;<\/p>\n","protected":false},"excerpt":{"rendered":"<p>C\u00e2mara de Mariana<\/p>\n","protected":false},"author":1,"featured_media":568,"comment_status":"open","ping_status":"open","sticky":false,"template":"","format":"standard","meta":{"footnotes":"","_jetpack_memberships_contains_paid_content":false,"jetpack_publicize_message":"","jetpack_publicize_feature_enabled":true,"jetpack_social_post_already_shared":true,"jetpack_social_options":{"image_generator_settings":{"template":"highway","enabled":false}}},"categories":[1],"tags":[],"jetpack_publicize_connections":[],"views":910,"jetpack_sharing_enabled":true,"jetpack_featured_media_url":"https:\/\/i0.wp.com\/portalinconfidentes.com.br\/wp-content\/uploads\/2023\/08\/posse-cota.jpg?fit=800%2C533&ssl=1","_links":{"self":[{"href":"https:\/\/portalinconfidentes.com.br\/index.php\/wp-json\/wp\/v2\/posts\/567"}],"collection":[{"href":"https:\/\/portalinconfidentes.com.br\/index.php\/wp-json\/wp\/v2\/posts"}],"about":[{"href":"https:\/\/portalinconfidentes.com.br\/index.php\/wp-json\/wp\/v2\/types\/post"}],"author":[{"embeddable":true,"href":"https:\/\/portalinconfidentes.com.br\/index.php\/wp-json\/wp\/v2\/users\/1"}],"replies":[{"embeddable":true,"href":"https:\/\/portalinconfidentes.com.br\/index.php\/wp-json\/wp\/v2\/comments?post=567"}],"version-history":[{"count":1,"href":"https:\/\/portalinconfidentes.com.br\/index.php\/wp-json\/wp\/v2\/posts\/567\/revisions"}],"predecessor-version":[{"id":569,"href":"https:\/\/portalinconfidentes.com.br\/index.php\/wp-json\/wp\/v2\/posts\/567\/revisions\/569"}],"wp:featuredmedia":[{"embeddable":true,"href":"https:\/\/portalinconfidentes.com.br\/index.php\/wp-json\/wp\/v2\/media\/568"}],"wp:attachment":[{"href":"https:\/\/portalinconfidentes.com.br\/index.php\/wp-json\/wp\/v2\/media?parent=567"}],"wp:term":[{"taxonomy":"category","embeddable":true,"href":"https:\/\/portalinconfidentes.com.br\/index.php\/wp-json\/wp\/v2\/categories?post=567"},{"taxonomy":"post_tag","embeddable":true,"href":"https:\/\/portalinconfidentes.com.br\/index.php\/wp-json\/wp\/v2\/tags?post=567"}],"curies":[{"name":"wp","href":"https:\/\/api.w.org\/{rel}","templated":true}]}}