{"id":560,"date":"2023-07-06T21:15:05","date_gmt":"2023-07-07T00:15:05","guid":{"rendered":"https:\/\/portalinconfidentes.com.br\/?p=560"},"modified":"2023-07-06T21:15:05","modified_gmt":"2023-07-07T00:15:05","slug":"prefeitura-de-mariana-disponibiliza-abrigo-provisorio-para-pessoas-em-situacao-de-rua","status":"publish","type":"post","link":"https:\/\/portalinconfidentes.com.br\/index.php\/2023\/07\/06\/prefeitura-de-mariana-disponibiliza-abrigo-provisorio-para-pessoas-em-situacao-de-rua\/","title":{"rendered":"Prefeitura de Mariana disponibiliza abrigo provis\u00f3rio para pessoas em situa\u00e7\u00e3o de rua"},"content":{"rendered":"\n<p><strong>Prefeitura de Mariana disponibiliza abrigo&nbsp;<\/strong><strong>provis\u00f3rio para pessoas em situa\u00e7\u00e3o de rua&nbsp;<\/strong><\/p>\n\n\n\n<p><em>Por Evelin Almeida<\/em><\/p>\n\n\n\n<p>A Prefeitura de Mariana, por meio da Secretaria de Desenvolvimento Social e Cidadania, disponibiliza o abrigo provis\u00f3rio de inverno para as pessoas em situa\u00e7\u00e3o de rua. Devido \u00e0s baixas temperaturas na cidade, o abrigo \u00e9 uma forma de preven\u00e7\u00e3o contra o frio para quem precisa. O espa\u00e7o foi completamente equipado para amenizar as baixas temperaturas, e conta com camas, colch\u00f5es, cobertores e banheiros com chuveiros quentes. Ele est\u00e1 operando com capacidade para 18 vagas, sendo tr\u00eas femininas e 15 masculinas.&nbsp;<\/p>\n\n\n\n<p>O local funciona como pernoite, fica dispon\u00edvel para entrada de 19h \u00e0s 21h, e sa\u00edda at\u00e9 \u00e0s 07h do dia seguinte. As pessoas que desejarem fazer o uso do abrigo para passar a noite devem ser encaminhadas pelo Centro de Refer\u00eancia Especializado para Pessoas em Situa\u00e7\u00e3o de Rua (Centro POP), at\u00e9 as 17h, ou pelos \u00f3rg\u00e3os competentes, Seguran\u00e7a P\u00fablica e Sa\u00fade, ap\u00f3s as 17h, lembrando que as vagas s\u00e3o por ordem de chegada.&nbsp;<\/p>\n\n\n\n<p>Para o melhor funcionamento do abrigo, as pessoas acompanhadas pelo Centro POP est\u00e3o sendo informadas da disponibilidade de vaga para, caso desejarem, possam fazer o uso.&nbsp;<em>Caso voc\u00ea veja uma pessoa em situa\u00e7\u00e3o de rua, repasse essa informa\u00e7\u00e3o a ela e a encaminhe para o Centro POP<\/em>, localizado na Rua Frei Dur\u00e3o, 208 A, Centro (pr\u00f3ximo \u00e0 Pra\u00e7a da S\u00e9). O abrigo tem previs\u00e3o de funcionamento enquanto o munic\u00edpio estiver submetido \u00e0s baixas temperaturas.&nbsp;<\/p>\n\n\n\n<p>Al\u00e9m do abrigo provis\u00f3rio, seguimos com a Campanha do Agasalho que \u00e9 mais uma forma de fornecer condi\u00e7\u00f5es e suporte adequado contra o frio. As doa\u00e7\u00f5es recebidas s\u00e3o destinadas \u00e0s pessoas em situa\u00e7\u00e3o de vulnerabilidade social que n\u00e3o possuem condi\u00e7\u00f5es de se proteger. A prefer\u00eancia neste momento \u00e9 por itens destinados ao p\u00fablico masculino, como: agasalhos, casacos, cal\u00e7as, blusas de frio, meias, luvas, toucas, cachec\u00f3is e cobertores. \u00c9 tempo de tirar o casaco do arm\u00e1rio e aquecer uma vida!&nbsp;<\/p>\n\n\n\n<p><strong>PONTOS DE COLETA:&nbsp;<\/strong><\/p>\n\n\n\n<ul>\n<li>Catedral Bas\u00edlica Nossa Senhora da Assun\u00e7\u00e3o (Igreja da S\u00e9)<\/li>\n\n\n\n<li>Igreja de S\u00e3o Pedro dos Cl\u00e9rigos &#8211; Rua Dom Silv\u00e9rio, s\/n &#8211; Colina de S\u00e3o Pedro<\/li>\n\n\n\n<li>Igreja Nossa Senhora do Carmo &#8211; Pra\u00e7a Minas Gerais<\/li>\n\n\n\n<li>Igreja de Nossa Senhora do Ros\u00e1rio dos Pretos &#8211; Ros\u00e1rio&nbsp;<\/li>\n\n\n\n<li>Par\u00f3quia Nossa Senhora Aparecida &#8211;&nbsp; Rua Diamantina, 788, Cabanas<\/li>\n\n\n\n<li>Par\u00f3quia Sagrado Cora\u00e7\u00e3o de Jesus &#8211;&nbsp; Rua Paran\u00e1, s\/n, Colina<\/li>\n\n\n\n<li>Igreja Assembleia de Deus &#8211; Rua Cascalheira, 404, Barro Preto&nbsp;<\/li>\n\n\n\n<li>Casa Espirita Irm\u00e3o Horta &#8211; Rua Ant\u00f4nio Luiz Bastos, 218&nbsp;<\/li>\n<\/ul>\n\n\n\n<p><strong>SOBRE O CENTRO POP&nbsp;<\/strong><\/p>\n\n\n\n<p>O Centro de Refer\u00eancia Especializado para Pessoas em Situa\u00e7\u00e3o de Rua &#8211; Centro POP, \u00e9 um servi\u00e7o da Prote\u00e7\u00e3o Social Especial de M\u00e9dia Complexidade da Assist\u00eancia Social, e deve ofertar, obrigatoriamente, o Servi\u00e7o Especializado para Pessoas em Situa\u00e7\u00e3o de Rua. Al\u00e9m disso, o espa\u00e7o \u00e9 respons\u00e1vel por criar meios para o fortalecimento de v\u00ednculos e trabalhar o protagonismo social destes indiv\u00edduos. O Centro POP fica localizado na Rua Frei Dur\u00e3o, 208A, Centro, com hor\u00e1rio de funcionamento de 08h \u00e0s 17h.&nbsp;<\/p>\n\n\n\n<p>Para mais informa\u00e7\u00f5es entre em contato pelo n\u00famero de telefone: (31) 99548-6379.<\/p>\n\n\n\n<p>Foto: Evelin Almeida<\/p>\n","protected":false},"excerpt":{"rendered":"<p>Prefeitura de Mariana<\/p>\n","protected":false},"author":1,"featured_media":561,"comment_status":"open","ping_status":"open","sticky":false,"template":"","format":"standard","meta":{"footnotes":"","_jetpack_memberships_contains_paid_content":false,"jetpack_publicize_message":"","jetpack_publicize_feature_enabled":true,"jetpack_social_post_already_shared":true,"jetpack_social_options":{"image_generator_settings":{"template":"highway","enabled":false}}},"categories":[1],"tags":[],"jetpack_publicize_connections":[],"views":3836,"jetpack_sharing_enabled":true,"jetpack_featured_media_url":"https:\/\/i0.wp.com\/portalinconfidentes.com.br\/wp-content\/uploads\/2023\/07\/abrigo.jpg?fit=800%2C533&ssl=1","_links":{"self":[{"href":"https:\/\/portalinconfidentes.com.br\/index.php\/wp-json\/wp\/v2\/posts\/560"}],"collection":[{"href":"https:\/\/portalinconfidentes.com.br\/index.php\/wp-json\/wp\/v2\/posts"}],"about":[{"href":"https:\/\/portalinconfidentes.com.br\/index.php\/wp-json\/wp\/v2\/types\/post"}],"author":[{"embeddable":true,"href":"https:\/\/portalinconfidentes.com.br\/index.php\/wp-json\/wp\/v2\/users\/1"}],"replies":[{"embeddable":true,"href":"https:\/\/portalinconfidentes.com.br\/index.php\/wp-json\/wp\/v2\/comments?post=560"}],"version-history":[{"count":1,"href":"https:\/\/portalinconfidentes.com.br\/index.php\/wp-json\/wp\/v2\/posts\/560\/revisions"}],"predecessor-version":[{"id":562,"href":"https:\/\/portalinconfidentes.com.br\/index.php\/wp-json\/wp\/v2\/posts\/560\/revisions\/562"}],"wp:featuredmedia":[{"embeddable":true,"href":"https:\/\/portalinconfidentes.com.br\/index.php\/wp-json\/wp\/v2\/media\/561"}],"wp:attachment":[{"href":"https:\/\/portalinconfidentes.com.br\/index.php\/wp-json\/wp\/v2\/media?parent=560"}],"wp:term":[{"taxonomy":"category","embeddable":true,"href":"https:\/\/portalinconfidentes.com.br\/index.php\/wp-json\/wp\/v2\/categories?post=560"},{"taxonomy":"post_tag","embeddable":true,"href":"https:\/\/portalinconfidentes.com.br\/index.php\/wp-json\/wp\/v2\/tags?post=560"}],"curies":[{"name":"wp","href":"https:\/\/api.w.org\/{rel}","templated":true}]}}