{"id":557,"date":"2023-07-06T20:21:13","date_gmt":"2023-07-06T23:21:13","guid":{"rendered":"https:\/\/portalinconfidentes.com.br\/?p=557"},"modified":"2023-07-06T20:21:13","modified_gmt":"2023-07-06T23:21:13","slug":"fundacao-renova-informa-transicao-na-presidencia-da-instituicao","status":"publish","type":"post","link":"https:\/\/portalinconfidentes.com.br\/index.php\/2023\/07\/06\/fundacao-renova-informa-transicao-na-presidencia-da-instituicao\/","title":{"rendered":"<strong>Funda\u00e7\u00e3o Renova informa transi\u00e7\u00e3o na presid\u00eancia da institui\u00e7\u00e3o\u00a0<\/strong>"},"content":{"rendered":"\n<p>Andre de Freitas, diretor-presidente da Funda\u00e7\u00e3o Renova, comunicou hoje (5 de julho) a todos os funcion\u00e1rios o encerramento de seu ciclo profissional na institui\u00e7\u00e3o por escolha e planos pessoais. Paulo Misk, novo diretor-presidente, assumir\u00e1 a lideran\u00e7a no pr\u00f3ximo dia 10 de julho.&nbsp;<\/p>\n\n\n\n<p>Andre de Freitas come\u00e7ou seu trabalho na Funda\u00e7\u00e3o Renova em 2018, como diretor de Programas, \u00e1rea respons\u00e1vel pelos programas socioambientais e socioecon\u00f4micos da repara\u00e7\u00e3o do rompimento da barragem de Fund\u00e3o. \u201cAssumi a presid\u00eancia da Funda\u00e7\u00e3o Renova em janeiro de 2020 e, ap\u00f3s tr\u00eas anos e meio de um dos projetos mais gratificantes e desafiadores da minha carreira, comuniquei \u00e0 institui\u00e7\u00e3o meu desejo de encerrar este ciclo profissional e me dedicar a planos pessoais\u201d, afirma Freitas.&nbsp;<\/p>\n\n\n\n<p>Antes de vir para a Funda\u00e7\u00e3o Renova, Paulo Misk estava atuando na Largo Inc, uma empresa canadense refer\u00eancia ESG que produz van\u00e1dio no Brasil desde 2014. O executivo \u00e9 graduado em engenharia pela UFMG e atuou anteriormente na Anglo American e AMG, entre outras empresas. \u201cA Funda\u00e7\u00e3o Renova seguir\u00e1 comprometida com a repara\u00e7\u00e3o, tendo como prioridade as entregas estabelecidas no Termo de Transa\u00e7\u00e3o e de Ajustamento de Conduta (TTAC) firmado entre a Samarco, suas acionistas Vale e BHP, os governos Federal, de Minas Gerais e do Esp\u00edrito Santo\u201d, afirma.&nbsp;<\/p>\n\n\n\n<p>A repara\u00e7\u00e3o est\u00e1 em um momento de entregas consistentes. Fam\u00edlias est\u00e3o se mudando para o distrito de Bento Rodrigues (Mariana) e, em Paracatu, as&nbsp;primeiras chaves foram entregues. At\u00e9 maio de 2023, mais de 417 mil pessoas receberam R$ 14,1 bilh\u00f5es em indeniza\u00e7\u00f5es e Aux\u00edlios Financeiros Emergenciais.&nbsp;<\/p>\n\n\n\n<p>A\u00e7\u00f5es integradas de restaura\u00e7\u00e3o florestal, recupera\u00e7\u00e3o de nascentes e saneamento est\u00e3o acontecendo ao longo da bacia do rio Doce e visam \u00e0 melhoria da qualidade da \u00e1gua. At\u00e9 maio de 2023, foram destinados R$ 30 bilh\u00f5es \u00e0s a\u00e7\u00f5es de repara\u00e7\u00e3o e compensa\u00e7\u00e3o do rompimento.&nbsp;<\/p>\n\n\n\n<p><strong>Sobre a Funda\u00e7\u00e3o Renova<\/strong>&nbsp;<\/p>\n\n\n\n<p>A Funda\u00e7\u00e3o Renova \u00e9 uma entidade de direito privado, sem fins lucrativos, constitu\u00edda com o exclusivo prop\u00f3sito de gerir e executar os programas e a\u00e7\u00f5es de repara\u00e7\u00e3o e compensa\u00e7\u00e3o dos danos causados pelo rompimento da barragem de Fund\u00e3o.&nbsp;<\/p>\n\n\n\n<p>A Funda\u00e7\u00e3o foi institu\u00edda por meio de um Termo de Transa\u00e7\u00e3o e de Ajustamento de Conduta (TTAC), assinado entre Samarco, suas acionistas Vale e BHP, os governos federal e dos estados de Minas Gerais e do Esp\u00edrito Santo, al\u00e9m de uma s\u00e9rie de autarquias, funda\u00e7\u00f5es e institutos (como Ibama, Instituto Chico Mendes, Ag\u00eancia Nacional de \u00c1guas, Instituto Estadual de Florestas, Funai, Secretarias de Meio Ambiente, dentre outros), em mar\u00e7o de 2016.\u00a0<br>Foto: \u00a0Luan Guedes\u00a0<\/p>\n","protected":false},"excerpt":{"rendered":"<p>Funda\u00e7\u00e3o Renova<\/p>\n","protected":false},"author":1,"featured_media":558,"comment_status":"open","ping_status":"open","sticky":false,"template":"","format":"standard","meta":{"footnotes":"","_jetpack_memberships_contains_paid_content":false,"jetpack_publicize_message":"","jetpack_publicize_feature_enabled":true,"jetpack_social_post_already_shared":true,"jetpack_social_options":{"image_generator_settings":{"template":"highway","enabled":false}}},"categories":[1],"tags":[],"jetpack_publicize_connections":[],"views":3768,"jetpack_sharing_enabled":true,"jetpack_featured_media_url":"https:\/\/i0.wp.com\/portalinconfidentes.com.br\/wp-content\/uploads\/2023\/07\/renova-trc.jpg?fit=800%2C533&ssl=1","_links":{"self":[{"href":"https:\/\/portalinconfidentes.com.br\/index.php\/wp-json\/wp\/v2\/posts\/557"}],"collection":[{"href":"https:\/\/portalinconfidentes.com.br\/index.php\/wp-json\/wp\/v2\/posts"}],"about":[{"href":"https:\/\/portalinconfidentes.com.br\/index.php\/wp-json\/wp\/v2\/types\/post"}],"author":[{"embeddable":true,"href":"https:\/\/portalinconfidentes.com.br\/index.php\/wp-json\/wp\/v2\/users\/1"}],"replies":[{"embeddable":true,"href":"https:\/\/portalinconfidentes.com.br\/index.php\/wp-json\/wp\/v2\/comments?post=557"}],"version-history":[{"count":1,"href":"https:\/\/portalinconfidentes.com.br\/index.php\/wp-json\/wp\/v2\/posts\/557\/revisions"}],"predecessor-version":[{"id":559,"href":"https:\/\/portalinconfidentes.com.br\/index.php\/wp-json\/wp\/v2\/posts\/557\/revisions\/559"}],"wp:featuredmedia":[{"embeddable":true,"href":"https:\/\/portalinconfidentes.com.br\/index.php\/wp-json\/wp\/v2\/media\/558"}],"wp:attachment":[{"href":"https:\/\/portalinconfidentes.com.br\/index.php\/wp-json\/wp\/v2\/media?parent=557"}],"wp:term":[{"taxonomy":"category","embeddable":true,"href":"https:\/\/portalinconfidentes.com.br\/index.php\/wp-json\/wp\/v2\/categories?post=557"},{"taxonomy":"post_tag","embeddable":true,"href":"https:\/\/portalinconfidentes.com.br\/index.php\/wp-json\/wp\/v2\/tags?post=557"}],"curies":[{"name":"wp","href":"https:\/\/api.w.org\/{rel}","templated":true}]}}