{"id":530,"date":"2023-06-13T21:40:30","date_gmt":"2023-06-14T00:40:30","guid":{"rendered":"https:\/\/portalinconfidentes.com.br\/?p=530"},"modified":"2023-06-13T21:40:30","modified_gmt":"2023-06-14T00:40:30","slug":"semana-de-conscientizacao-ambiental-em-mariana-e-regiao","status":"publish","type":"post","link":"https:\/\/portalinconfidentes.com.br\/index.php\/2023\/06\/13\/semana-de-conscientizacao-ambiental-em-mariana-e-regiao\/","title":{"rendered":"<strong>Semana de conscientiza\u00e7\u00e3o ambiental em Mariana e regi\u00e3o<\/strong>"},"content":{"rendered":"\n<p><em>P\u00fablico prestigia Circuito da \u00c1gua &#8211; edi\u00e7\u00e3o Mariana e celebra o Dia Mundial do Meio Ambiente<\/em><\/p>\n\n\n\n<p>Cerca de tr\u00eas mil pessoas participaram do Circuito da \u00c1gua Bacia do Rio Doce &#8211; edi\u00e7\u00e3o Mariana, que aconteceu de 02 a 07 de junho e promoveu atividades educativas e culturais centradas na conserva\u00e7\u00e3o do meio ambiente. O evento mobilizou escolas, ruas e pra\u00e7as do munic\u00edpio. Abrindo as atividades, no dia 02\/06 mais de 650 pessoas participaram de uma caminhada ecol\u00f3gica e de brincadeiras na pra\u00e7a central do distrito de Santa Rita Dur\u00e3o. J\u00e1 no domingo (04\/06), cerca de mil pessoas se reuniram na pra\u00e7a Gomes Freire, em Mariana, onde palestras e apresenta\u00e7\u00f5es art\u00edsticas, entre outras, foram realizadas. Blitz educativa, oficinas de gastronomia e compostagem e plantio de mudas e sementes de hortali\u00e7as completaram a programa\u00e7\u00e3o ao longo da semana.<\/p>\n\n\n\n<p>O Circuito da \u00c1gua Bacia do Rio Doce \u00e9 uma iniciativa da Funda\u00e7\u00e3o Renova, em parceria com a Prefeitura Municipal de Mariana, por meio da Secretaria de Meio Ambiente.<\/p>\n\n\n\n<p>Confira as fotos!<\/p>\n\n\n\n<p>Evento em Santa Rita Dur\u00e3o no dia 02\/06:<\/p>\n\n\n\n<p><a href=\"https:\/\/we.tl\/t-DuSGj5N25s\">https:\/\/we.tl\/t-DuSGj5N25s<\/a><\/p>\n\n\n\n<p>Evento em Mariana no dia 04\/06:<\/p>\n\n\n\n<p><a href=\"https:\/\/we.tl\/t-M8Nx3dPXJZ\">https:\/\/we.tl\/t-M8Nx3dPXJZ<\/a><\/p>\n\n\n\n<p>Blitz educativa e a\u00e7\u00e3o nas escolas:<\/p>\n\n\n\n<p><a href=\"https:\/\/we.tl\/t-WDaG91ujKy\">https:\/\/we.tl\/t-WDaG91ujKy<\/a><\/p>\n\n\n\n<p><strong>Cr\u00e9dito das imagens:&nbsp;<\/strong>Funda\u00e7\u00e3o Renova<\/p>\n\n\n\n<p><strong><u>Sobre a Funda\u00e7\u00e3o Renova<\/u><\/strong><\/p>\n\n\n\n<p>A Funda\u00e7\u00e3o Renova \u00e9 uma entidade de direito privado, sem fins lucrativos, constitu\u00edda com o exclusivo prop\u00f3sito de gerir e executar os programas e a\u00e7\u00f5es de repara\u00e7\u00e3o e compensa\u00e7\u00e3o dos danos causados pelo rompimento da barragem de Fund\u00e3o.<\/p>\n\n\n\n<p>A Funda\u00e7\u00e3o foi institu\u00edda por meio de um Termo de Transa\u00e7\u00e3o e de Ajustamento de Conduta (TTAC), assinado entre Samarco, suas acionistas Vale e BHP, os governos federal e dos estados de Minas Gerais e do Esp\u00edrito Santo, al\u00e9m de uma s\u00e9rie de autarquias, funda\u00e7\u00f5es e institutos (como Ibama, Instituto Chico Mendes, Ag\u00eancia Nacional de \u00c1guas, Instituto Estadual de Florestas, Funai, Secretarias de Meio Ambiente, dentre outros), em mar\u00e7o de 2016.<\/p>\n\n\n\n<div class=\"wp-block-jetpack-tiled-gallery aligncenter is-style-columns\"><div class=\"tiled-gallery__gallery\"><div class=\"tiled-gallery__row\"><div class=\"tiled-gallery__col\" style=\"flex-basis:24.17091%\"><figure class=\"tiled-gallery__item\"><img data-attachment-id=\"532\" data-permalink=\"https:\/\/portalinconfidentes.com.br\/index.php\/2023\/06\/13\/semana-de-conscientizacao-ambiental-em-mariana-e-regiao\/idy2845\/\" data-orig-file=\"https:\/\/i0.wp.com\/portalinconfidentes.com.br\/wp-content\/uploads\/2023\/06\/IDY2845.jpg?fit=250%2C167&amp;ssl=1\" data-orig-size=\"250,167\" data-comments-opened=\"1\" data-image-meta=\"{&quot;aperture&quot;:&quot;4&quot;,&quot;credit&quot;:&quot;Sidy Link&quot;,&quot;camera&quot;:&quot;Canon EOS 5D Mark III&quot;,&quot;caption&quot;:&quot;&quot;,&quot;created_timestamp&quot;:&quot;1685705683&quot;,&quot;copyright&quot;:&quot;#Sidy.link&quot;,&quot;focal_length&quot;:&quot;17&quot;,&quot;iso&quot;:&quot;800&quot;,&quot;shutter_speed&quot;:&quot;0.00625&quot;,&quot;title&quot;:&quot;&quot;,&quot;orientation&quot;:&quot;1&quot;}\" data-image-title=\"IDY2845\" data-image-description=\"\" data-image-caption=\"\" data-medium-file=\"https:\/\/i0.wp.com\/portalinconfidentes.com.br\/wp-content\/uploads\/2023\/06\/IDY2845.jpg?fit=250%2C167&amp;ssl=1\" data-large-file=\"https:\/\/i0.wp.com\/portalinconfidentes.com.br\/wp-content\/uploads\/2023\/06\/IDY2845.jpg?fit=250%2C167&amp;ssl=1\" decoding=\"async\" data-attachment-id=\"532\" data-permalink=\"https:\/\/portalinconfidentes.com.br\/index.php\/2023\/06\/13\/semana-de-conscientizacao-ambiental-em-mariana-e-regiao\/idy2845\/\" data-orig-file=\"https:\/\/i0.wp.com\/portalinconfidentes.com.br\/wp-content\/uploads\/2023\/06\/IDY2845.jpg?fit=250%2C167&amp;ssl=1\" data-orig-size=\"250,167\" data-comments-opened=\"1\" data-image-meta=\"{&quot;aperture&quot;:&quot;4&quot;,&quot;credit&quot;:&quot;Sidy Link&quot;,&quot;camera&quot;:&quot;Canon EOS 5D Mark III&quot;,&quot;caption&quot;:&quot;&quot;,&quot;created_timestamp&quot;:&quot;1685705683&quot;,&quot;copyright&quot;:&quot;#Sidy.link&quot;,&quot;focal_length&quot;:&quot;17&quot;,&quot;iso&quot;:&quot;800&quot;,&quot;shutter_speed&quot;:&quot;0.00625&quot;,&quot;title&quot;:&quot;&quot;,&quot;orientation&quot;:&quot;1&quot;}\" data-image-title=\"IDY2845\" data-image-description=\"\" data-image-caption=\"\" data-medium-file=\"https:\/\/i0.wp.com\/portalinconfidentes.com.br\/wp-content\/uploads\/2023\/06\/IDY2845.jpg?fit=250%2C167&amp;ssl=1\" data-large-file=\"https:\/\/i0.wp.com\/portalinconfidentes.com.br\/wp-content\/uploads\/2023\/06\/IDY2845.jpg?fit=250%2C167&amp;ssl=1\" srcset=\"https:\/\/i1.wp.com\/portalinconfidentes.com.br\/wp-content\/uploads\/2023\/06\/IDY2845.jpg?strip=info&#038;w=250&#038;ssl=1 250w\" alt=\"\" data-height=\"167\" data-id=\"532\" data-link=\"https:\/\/portalinconfidentes.com.br\/?attachment_id=532\" data-url=\"https:\/\/portalinconfidentes.com.br\/wp-content\/uploads\/2023\/06\/IDY2845.jpg\" data-width=\"250\" src=\"https:\/\/i1.wp.com\/portalinconfidentes.com.br\/wp-content\/uploads\/2023\/06\/IDY2845.jpg?ssl=1\" data-amp-layout=\"responsive\"\/><\/figure><figure class=\"tiled-gallery__item\"><img data-attachment-id=\"533\" data-permalink=\"https:\/\/portalinconfidentes.com.br\/index.php\/2023\/06\/13\/semana-de-conscientizacao-ambiental-em-mariana-e-regiao\/idy3851\/\" data-orig-file=\"https:\/\/i0.wp.com\/portalinconfidentes.com.br\/wp-content\/uploads\/2023\/06\/IDY3851.jpg?fit=500%2C333&amp;ssl=1\" data-orig-size=\"500,333\" data-comments-opened=\"1\" data-image-meta=\"{&quot;aperture&quot;:&quot;4&quot;,&quot;credit&quot;:&quot;Sidy Link&quot;,&quot;camera&quot;:&quot;Canon EOS 5D Mark III&quot;,&quot;caption&quot;:&quot;&quot;,&quot;created_timestamp&quot;:&quot;1685880695&quot;,&quot;copyright&quot;:&quot;#Sidy.link&quot;,&quot;focal_length&quot;:&quot;17&quot;,&quot;iso&quot;:&quot;320&quot;,&quot;shutter_speed&quot;:&quot;0.0015625&quot;,&quot;title&quot;:&quot;&quot;,&quot;orientation&quot;:&quot;1&quot;}\" data-image-title=\"IDY3851\" data-image-description=\"\" data-image-caption=\"\" data-medium-file=\"https:\/\/i0.wp.com\/portalinconfidentes.com.br\/wp-content\/uploads\/2023\/06\/IDY3851.jpg?fit=300%2C200&amp;ssl=1\" data-large-file=\"https:\/\/i0.wp.com\/portalinconfidentes.com.br\/wp-content\/uploads\/2023\/06\/IDY3851.jpg?fit=500%2C333&amp;ssl=1\" decoding=\"async\" data-attachment-id=\"533\" data-permalink=\"https:\/\/portalinconfidentes.com.br\/index.php\/2023\/06\/13\/semana-de-conscientizacao-ambiental-em-mariana-e-regiao\/idy3851\/\" data-orig-file=\"https:\/\/i0.wp.com\/portalinconfidentes.com.br\/wp-content\/uploads\/2023\/06\/IDY3851.jpg?fit=500%2C333&amp;ssl=1\" data-orig-size=\"500,333\" data-comments-opened=\"1\" data-image-meta=\"{&quot;aperture&quot;:&quot;4&quot;,&quot;credit&quot;:&quot;Sidy Link&quot;,&quot;camera&quot;:&quot;Canon EOS 5D Mark III&quot;,&quot;caption&quot;:&quot;&quot;,&quot;created_timestamp&quot;:&quot;1685880695&quot;,&quot;copyright&quot;:&quot;#Sidy.link&quot;,&quot;focal_length&quot;:&quot;17&quot;,&quot;iso&quot;:&quot;320&quot;,&quot;shutter_speed&quot;:&quot;0.0015625&quot;,&quot;title&quot;:&quot;&quot;,&quot;orientation&quot;:&quot;1&quot;}\" data-image-title=\"IDY3851\" data-image-description=\"\" data-image-caption=\"\" data-medium-file=\"https:\/\/i0.wp.com\/portalinconfidentes.com.br\/wp-content\/uploads\/2023\/06\/IDY3851.jpg?fit=300%2C200&amp;ssl=1\" data-large-file=\"https:\/\/i0.wp.com\/portalinconfidentes.com.br\/wp-content\/uploads\/2023\/06\/IDY3851.jpg?fit=500%2C333&amp;ssl=1\" srcset=\"https:\/\/i1.wp.com\/portalinconfidentes.com.br\/wp-content\/uploads\/2023\/06\/IDY3851.jpg?strip=info&#038;w=500&#038;ssl=1 500w\" alt=\"\" data-height=\"333\" data-id=\"533\" data-link=\"https:\/\/portalinconfidentes.com.br\/?attachment_id=533\" data-url=\"https:\/\/portalinconfidentes.com.br\/wp-content\/uploads\/2023\/06\/IDY3851.jpg\" data-width=\"500\" src=\"https:\/\/i1.wp.com\/portalinconfidentes.com.br\/wp-content\/uploads\/2023\/06\/IDY3851.jpg?ssl=1\" data-amp-layout=\"responsive\"\/><\/figure><figure class=\"tiled-gallery__item\"><img data-attachment-id=\"534\" data-permalink=\"https:\/\/portalinconfidentes.com.br\/index.php\/2023\/06\/13\/semana-de-conscientizacao-ambiental-em-mariana-e-regiao\/idy3950\/\" data-orig-file=\"https:\/\/i0.wp.com\/portalinconfidentes.com.br\/wp-content\/uploads\/2023\/06\/IDY3950.jpg?fit=500%2C333&amp;ssl=1\" data-orig-size=\"500,333\" data-comments-opened=\"1\" data-image-meta=\"{&quot;aperture&quot;:&quot;4&quot;,&quot;credit&quot;:&quot;Sidy Link&quot;,&quot;camera&quot;:&quot;Canon EOS 5D Mark III&quot;,&quot;caption&quot;:&quot;&quot;,&quot;created_timestamp&quot;:&quot;1685888737&quot;,&quot;copyright&quot;:&quot;#Sidy.link&quot;,&quot;focal_length&quot;:&quot;17&quot;,&quot;iso&quot;:&quot;1250&quot;,&quot;shutter_speed&quot;:&quot;0.00015625&quot;,&quot;title&quot;:&quot;&quot;,&quot;orientation&quot;:&quot;1&quot;}\" data-image-title=\"IDY3950\" data-image-description=\"\" data-image-caption=\"\" data-medium-file=\"https:\/\/i0.wp.com\/portalinconfidentes.com.br\/wp-content\/uploads\/2023\/06\/IDY3950.jpg?fit=300%2C200&amp;ssl=1\" data-large-file=\"https:\/\/i0.wp.com\/portalinconfidentes.com.br\/wp-content\/uploads\/2023\/06\/IDY3950.jpg?fit=500%2C333&amp;ssl=1\" decoding=\"async\" data-attachment-id=\"534\" data-permalink=\"https:\/\/portalinconfidentes.com.br\/index.php\/2023\/06\/13\/semana-de-conscientizacao-ambiental-em-mariana-e-regiao\/idy3950\/\" data-orig-file=\"https:\/\/i0.wp.com\/portalinconfidentes.com.br\/wp-content\/uploads\/2023\/06\/IDY3950.jpg?fit=500%2C333&amp;ssl=1\" data-orig-size=\"500,333\" data-comments-opened=\"1\" data-image-meta=\"{&quot;aperture&quot;:&quot;4&quot;,&quot;credit&quot;:&quot;Sidy Link&quot;,&quot;camera&quot;:&quot;Canon EOS 5D Mark III&quot;,&quot;caption&quot;:&quot;&quot;,&quot;created_timestamp&quot;:&quot;1685888737&quot;,&quot;copyright&quot;:&quot;#Sidy.link&quot;,&quot;focal_length&quot;:&quot;17&quot;,&quot;iso&quot;:&quot;1250&quot;,&quot;shutter_speed&quot;:&quot;0.00015625&quot;,&quot;title&quot;:&quot;&quot;,&quot;orientation&quot;:&quot;1&quot;}\" data-image-title=\"IDY3950\" data-image-description=\"\" data-image-caption=\"\" data-medium-file=\"https:\/\/i0.wp.com\/portalinconfidentes.com.br\/wp-content\/uploads\/2023\/06\/IDY3950.jpg?fit=300%2C200&amp;ssl=1\" data-large-file=\"https:\/\/i0.wp.com\/portalinconfidentes.com.br\/wp-content\/uploads\/2023\/06\/IDY3950.jpg?fit=500%2C333&amp;ssl=1\" srcset=\"https:\/\/i1.wp.com\/portalinconfidentes.com.br\/wp-content\/uploads\/2023\/06\/IDY3950.jpg?strip=info&#038;w=500&#038;ssl=1 500w\" alt=\"\" data-height=\"333\" data-id=\"534\" data-link=\"https:\/\/portalinconfidentes.com.br\/?attachment_id=534\" data-url=\"https:\/\/portalinconfidentes.com.br\/wp-content\/uploads\/2023\/06\/IDY3950.jpg\" data-width=\"500\" src=\"https:\/\/i1.wp.com\/portalinconfidentes.com.br\/wp-content\/uploads\/2023\/06\/IDY3950.jpg?ssl=1\" data-amp-layout=\"responsive\"\/><\/figure><figure class=\"tiled-gallery__item\"><img data-attachment-id=\"535\" data-permalink=\"https:\/\/portalinconfidentes.com.br\/index.php\/2023\/06\/13\/semana-de-conscientizacao-ambiental-em-mariana-e-regiao\/idy3967\/\" data-orig-file=\"https:\/\/i0.wp.com\/portalinconfidentes.com.br\/wp-content\/uploads\/2023\/06\/IDY3967.jpg?fit=500%2C333&amp;ssl=1\" data-orig-size=\"500,333\" data-comments-opened=\"1\" data-image-meta=\"{&quot;aperture&quot;:&quot;4&quot;,&quot;credit&quot;:&quot;Sidy Link&quot;,&quot;camera&quot;:&quot;Canon EOS 5D Mark III&quot;,&quot;caption&quot;:&quot;&quot;,&quot;created_timestamp&quot;:&quot;1685892447&quot;,&quot;copyright&quot;:&quot;#Sidy.link&quot;,&quot;focal_length&quot;:&quot;17&quot;,&quot;iso&quot;:&quot;1250&quot;,&quot;shutter_speed&quot;:&quot;0.00125&quot;,&quot;title&quot;:&quot;&quot;,&quot;orientation&quot;:&quot;1&quot;}\" data-image-title=\"IDY3967\" data-image-description=\"\" data-image-caption=\"\" data-medium-file=\"https:\/\/i0.wp.com\/portalinconfidentes.com.br\/wp-content\/uploads\/2023\/06\/IDY3967.jpg?fit=300%2C200&amp;ssl=1\" data-large-file=\"https:\/\/i0.wp.com\/portalinconfidentes.com.br\/wp-content\/uploads\/2023\/06\/IDY3967.jpg?fit=500%2C333&amp;ssl=1\" decoding=\"async\" data-attachment-id=\"535\" data-permalink=\"https:\/\/portalinconfidentes.com.br\/index.php\/2023\/06\/13\/semana-de-conscientizacao-ambiental-em-mariana-e-regiao\/idy3967\/\" data-orig-file=\"https:\/\/i0.wp.com\/portalinconfidentes.com.br\/wp-content\/uploads\/2023\/06\/IDY3967.jpg?fit=500%2C333&amp;ssl=1\" data-orig-size=\"500,333\" data-comments-opened=\"1\" data-image-meta=\"{&quot;aperture&quot;:&quot;4&quot;,&quot;credit&quot;:&quot;Sidy Link&quot;,&quot;camera&quot;:&quot;Canon EOS 5D Mark III&quot;,&quot;caption&quot;:&quot;&quot;,&quot;created_timestamp&quot;:&quot;1685892447&quot;,&quot;copyright&quot;:&quot;#Sidy.link&quot;,&quot;focal_length&quot;:&quot;17&quot;,&quot;iso&quot;:&quot;1250&quot;,&quot;shutter_speed&quot;:&quot;0.00125&quot;,&quot;title&quot;:&quot;&quot;,&quot;orientation&quot;:&quot;1&quot;}\" data-image-title=\"IDY3967\" data-image-description=\"\" data-image-caption=\"\" data-medium-file=\"https:\/\/i0.wp.com\/portalinconfidentes.com.br\/wp-content\/uploads\/2023\/06\/IDY3967.jpg?fit=300%2C200&amp;ssl=1\" data-large-file=\"https:\/\/i0.wp.com\/portalinconfidentes.com.br\/wp-content\/uploads\/2023\/06\/IDY3967.jpg?fit=500%2C333&amp;ssl=1\" srcset=\"https:\/\/i1.wp.com\/portalinconfidentes.com.br\/wp-content\/uploads\/2023\/06\/IDY3967.jpg?strip=info&#038;w=500&#038;ssl=1 500w\" alt=\"\" data-height=\"333\" data-id=\"535\" data-link=\"https:\/\/portalinconfidentes.com.br\/?attachment_id=535\" data-url=\"https:\/\/portalinconfidentes.com.br\/wp-content\/uploads\/2023\/06\/IDY3967.jpg\" data-width=\"500\" src=\"https:\/\/i1.wp.com\/portalinconfidentes.com.br\/wp-content\/uploads\/2023\/06\/IDY3967.jpg?ssl=1\" data-amp-layout=\"responsive\"\/><\/figure><figure class=\"tiled-gallery__item\"><img data-attachment-id=\"536\" data-permalink=\"https:\/\/portalinconfidentes.com.br\/index.php\/2023\/06\/13\/semana-de-conscientizacao-ambiental-em-mariana-e-regiao\/dsc00876\/\" data-orig-file=\"https:\/\/i0.wp.com\/portalinconfidentes.com.br\/wp-content\/uploads\/2023\/06\/DSC00876.jpg?fit=500%2C750&amp;ssl=1\" data-orig-size=\"500,750\" data-comments-opened=\"1\" data-image-meta=\"{&quot;aperture&quot;:&quot;0&quot;,&quot;credit&quot;:&quot;&quot;,&quot;camera&quot;:&quot;ZV-E10&quot;,&quot;caption&quot;:&quot;&quot;,&quot;created_timestamp&quot;:&quot;1685809416&quot;,&quot;copyright&quot;:&quot;&quot;,&quot;focal_length&quot;:&quot;0&quot;,&quot;iso&quot;:&quot;500&quot;,&quot;shutter_speed&quot;:&quot;0.00025&quot;,&quot;title&quot;:&quot;&quot;,&quot;orientation&quot;:&quot;1&quot;}\" data-image-title=\"DSC00876\" data-image-description=\"\" data-image-caption=\"\" data-medium-file=\"https:\/\/i0.wp.com\/portalinconfidentes.com.br\/wp-content\/uploads\/2023\/06\/DSC00876.jpg?fit=200%2C300&amp;ssl=1\" data-large-file=\"https:\/\/i0.wp.com\/portalinconfidentes.com.br\/wp-content\/uploads\/2023\/06\/DSC00876.jpg?fit=500%2C750&amp;ssl=1\" decoding=\"async\" data-attachment-id=\"536\" data-permalink=\"https:\/\/portalinconfidentes.com.br\/index.php\/2023\/06\/13\/semana-de-conscientizacao-ambiental-em-mariana-e-regiao\/dsc00876\/\" data-orig-file=\"https:\/\/i0.wp.com\/portalinconfidentes.com.br\/wp-content\/uploads\/2023\/06\/DSC00876.jpg?fit=500%2C750&amp;ssl=1\" data-orig-size=\"500,750\" data-comments-opened=\"1\" data-image-meta=\"{&quot;aperture&quot;:&quot;0&quot;,&quot;credit&quot;:&quot;&quot;,&quot;camera&quot;:&quot;ZV-E10&quot;,&quot;caption&quot;:&quot;&quot;,&quot;created_timestamp&quot;:&quot;1685809416&quot;,&quot;copyright&quot;:&quot;&quot;,&quot;focal_length&quot;:&quot;0&quot;,&quot;iso&quot;:&quot;500&quot;,&quot;shutter_speed&quot;:&quot;0.00025&quot;,&quot;title&quot;:&quot;&quot;,&quot;orientation&quot;:&quot;1&quot;}\" data-image-title=\"DSC00876\" data-image-description=\"\" data-image-caption=\"\" data-medium-file=\"https:\/\/i0.wp.com\/portalinconfidentes.com.br\/wp-content\/uploads\/2023\/06\/DSC00876.jpg?fit=200%2C300&amp;ssl=1\" data-large-file=\"https:\/\/i0.wp.com\/portalinconfidentes.com.br\/wp-content\/uploads\/2023\/06\/DSC00876.jpg?fit=500%2C750&amp;ssl=1\" srcset=\"https:\/\/i0.wp.com\/portalinconfidentes.com.br\/wp-content\/uploads\/2023\/06\/DSC00876.jpg?strip=info&#038;w=500&#038;ssl=1 500w\" alt=\"\" data-height=\"750\" data-id=\"536\" data-link=\"https:\/\/portalinconfidentes.com.br\/?attachment_id=536\" data-url=\"https:\/\/portalinconfidentes.com.br\/wp-content\/uploads\/2023\/06\/DSC00876.jpg\" data-width=\"500\" src=\"https:\/\/i0.wp.com\/portalinconfidentes.com.br\/wp-content\/uploads\/2023\/06\/DSC00876.jpg?ssl=1\" data-amp-layout=\"responsive\"\/><\/figure><figure class=\"tiled-gallery__item\"><img data-attachment-id=\"537\" data-permalink=\"https:\/\/portalinconfidentes.com.br\/index.php\/2023\/06\/13\/semana-de-conscientizacao-ambiental-em-mariana-e-regiao\/img_0053\/\" data-orig-file=\"https:\/\/i0.wp.com\/portalinconfidentes.com.br\/wp-content\/uploads\/2023\/06\/IMG_0053.jpg?fit=500%2C333&amp;ssl=1\" data-orig-size=\"500,333\" data-comments-opened=\"1\" data-image-meta=\"{&quot;aperture&quot;:&quot;3.2&quot;,&quot;credit&quot;:&quot;&quot;,&quot;camera&quot;:&quot;Canon EOS 6D&quot;,&quot;caption&quot;:&quot;&quot;,&quot;created_timestamp&quot;:&quot;1685956479&quot;,&quot;copyright&quot;:&quot;&quot;,&quot;focal_length&quot;:&quot;35&quot;,&quot;iso&quot;:&quot;100&quot;,&quot;shutter_speed&quot;:&quot;0.0005&quot;,&quot;title&quot;:&quot;&quot;,&quot;orientation&quot;:&quot;1&quot;}\" data-image-title=\"IMG_0053\" data-image-description=\"\" data-image-caption=\"\" data-medium-file=\"https:\/\/i0.wp.com\/portalinconfidentes.com.br\/wp-content\/uploads\/2023\/06\/IMG_0053.jpg?fit=300%2C200&amp;ssl=1\" data-large-file=\"https:\/\/i0.wp.com\/portalinconfidentes.com.br\/wp-content\/uploads\/2023\/06\/IMG_0053.jpg?fit=500%2C333&amp;ssl=1\" decoding=\"async\" data-attachment-id=\"537\" data-permalink=\"https:\/\/portalinconfidentes.com.br\/index.php\/2023\/06\/13\/semana-de-conscientizacao-ambiental-em-mariana-e-regiao\/img_0053\/\" data-orig-file=\"https:\/\/i0.wp.com\/portalinconfidentes.com.br\/wp-content\/uploads\/2023\/06\/IMG_0053.jpg?fit=500%2C333&amp;ssl=1\" data-orig-size=\"500,333\" data-comments-opened=\"1\" data-image-meta=\"{&quot;aperture&quot;:&quot;3.2&quot;,&quot;credit&quot;:&quot;&quot;,&quot;camera&quot;:&quot;Canon EOS 6D&quot;,&quot;caption&quot;:&quot;&quot;,&quot;created_timestamp&quot;:&quot;1685956479&quot;,&quot;copyright&quot;:&quot;&quot;,&quot;focal_length&quot;:&quot;35&quot;,&quot;iso&quot;:&quot;100&quot;,&quot;shutter_speed&quot;:&quot;0.0005&quot;,&quot;title&quot;:&quot;&quot;,&quot;orientation&quot;:&quot;1&quot;}\" data-image-title=\"IMG_0053\" data-image-description=\"\" data-image-caption=\"\" data-medium-file=\"https:\/\/i0.wp.com\/portalinconfidentes.com.br\/wp-content\/uploads\/2023\/06\/IMG_0053.jpg?fit=300%2C200&amp;ssl=1\" data-large-file=\"https:\/\/i0.wp.com\/portalinconfidentes.com.br\/wp-content\/uploads\/2023\/06\/IMG_0053.jpg?fit=500%2C333&amp;ssl=1\" srcset=\"https:\/\/i0.wp.com\/portalinconfidentes.com.br\/wp-content\/uploads\/2023\/06\/IMG_0053.jpg?strip=info&#038;w=500&#038;ssl=1 500w\" alt=\"\" data-height=\"333\" data-id=\"537\" data-link=\"https:\/\/portalinconfidentes.com.br\/?attachment_id=537\" data-url=\"https:\/\/portalinconfidentes.com.br\/wp-content\/uploads\/2023\/06\/IMG_0053.jpg\" data-width=\"500\" src=\"https:\/\/i0.wp.com\/portalinconfidentes.com.br\/wp-content\/uploads\/2023\/06\/IMG_0053.jpg?ssl=1\" data-amp-layout=\"responsive\"\/><\/figure><\/div><div class=\"tiled-gallery__col\" style=\"flex-basis:34.04265%\"><figure class=\"tiled-gallery__item\"><img data-attachment-id=\"538\" data-permalink=\"https:\/\/portalinconfidentes.com.br\/index.php\/2023\/06\/13\/semana-de-conscientizacao-ambiental-em-mariana-e-regiao\/img_0179\/\" data-orig-file=\"https:\/\/i0.wp.com\/portalinconfidentes.com.br\/wp-content\/uploads\/2023\/06\/IMG_0179.jpg?fit=500%2C340&amp;ssl=1\" data-orig-size=\"500,340\" data-comments-opened=\"1\" data-image-meta=\"{&quot;aperture&quot;:&quot;2.2&quot;,&quot;credit&quot;:&quot;&quot;,&quot;camera&quot;:&quot;Canon EOS 6D&quot;,&quot;caption&quot;:&quot;&quot;,&quot;created_timestamp&quot;:&quot;1685962605&quot;,&quot;copyright&quot;:&quot;&quot;,&quot;focal_length&quot;:&quot;35&quot;,&quot;iso&quot;:&quot;100&quot;,&quot;shutter_speed&quot;:&quot;0.000625&quot;,&quot;title&quot;:&quot;&quot;,&quot;orientation&quot;:&quot;1&quot;}\" data-image-title=\"IMG_0179\" data-image-description=\"\" data-image-caption=\"\" data-medium-file=\"https:\/\/i0.wp.com\/portalinconfidentes.com.br\/wp-content\/uploads\/2023\/06\/IMG_0179.jpg?fit=300%2C204&amp;ssl=1\" data-large-file=\"https:\/\/i0.wp.com\/portalinconfidentes.com.br\/wp-content\/uploads\/2023\/06\/IMG_0179.jpg?fit=500%2C340&amp;ssl=1\" decoding=\"async\" data-attachment-id=\"538\" data-permalink=\"https:\/\/portalinconfidentes.com.br\/index.php\/2023\/06\/13\/semana-de-conscientizacao-ambiental-em-mariana-e-regiao\/img_0179\/\" data-orig-file=\"https:\/\/i0.wp.com\/portalinconfidentes.com.br\/wp-content\/uploads\/2023\/06\/IMG_0179.jpg?fit=500%2C340&amp;ssl=1\" data-orig-size=\"500,340\" data-comments-opened=\"1\" data-image-meta=\"{&quot;aperture&quot;:&quot;2.2&quot;,&quot;credit&quot;:&quot;&quot;,&quot;camera&quot;:&quot;Canon EOS 6D&quot;,&quot;caption&quot;:&quot;&quot;,&quot;created_timestamp&quot;:&quot;1685962605&quot;,&quot;copyright&quot;:&quot;&quot;,&quot;focal_length&quot;:&quot;35&quot;,&quot;iso&quot;:&quot;100&quot;,&quot;shutter_speed&quot;:&quot;0.000625&quot;,&quot;title&quot;:&quot;&quot;,&quot;orientation&quot;:&quot;1&quot;}\" data-image-title=\"IMG_0179\" data-image-description=\"\" data-image-caption=\"\" data-medium-file=\"https:\/\/i0.wp.com\/portalinconfidentes.com.br\/wp-content\/uploads\/2023\/06\/IMG_0179.jpg?fit=300%2C204&amp;ssl=1\" data-large-file=\"https:\/\/i0.wp.com\/portalinconfidentes.com.br\/wp-content\/uploads\/2023\/06\/IMG_0179.jpg?fit=500%2C340&amp;ssl=1\" srcset=\"https:\/\/i1.wp.com\/portalinconfidentes.com.br\/wp-content\/uploads\/2023\/06\/IMG_0179.jpg?strip=info&#038;w=500&#038;ssl=1 500w\" alt=\"\" data-height=\"340\" data-id=\"538\" data-link=\"https:\/\/portalinconfidentes.com.br\/?attachment_id=538\" data-url=\"https:\/\/portalinconfidentes.com.br\/wp-content\/uploads\/2023\/06\/IMG_0179.jpg\" data-width=\"500\" src=\"https:\/\/i1.wp.com\/portalinconfidentes.com.br\/wp-content\/uploads\/2023\/06\/IMG_0179.jpg?ssl=1\" data-amp-layout=\"responsive\"\/><\/figure><figure class=\"tiled-gallery__item\"><img data-attachment-id=\"539\" data-permalink=\"https:\/\/portalinconfidentes.com.br\/index.php\/2023\/06\/13\/semana-de-conscientizacao-ambiental-em-mariana-e-regiao\/img_6413\/\" data-orig-file=\"https:\/\/i0.wp.com\/portalinconfidentes.com.br\/wp-content\/uploads\/2023\/06\/IMG_6413.jpg?fit=500%2C369&amp;ssl=1\" data-orig-size=\"500,369\" data-comments-opened=\"1\" data-image-meta=\"{&quot;aperture&quot;:&quot;1.8&quot;,&quot;credit&quot;:&quot;&quot;,&quot;camera&quot;:&quot;Canon EOS RP&quot;,&quot;caption&quot;:&quot;&quot;,&quot;created_timestamp&quot;:&quot;1685716072&quot;,&quot;copyright&quot;:&quot;&quot;,&quot;focal_length&quot;:&quot;50&quot;,&quot;iso&quot;:&quot;100&quot;,&quot;shutter_speed&quot;:&quot;0.002&quot;,&quot;title&quot;:&quot;&quot;,&quot;orientation&quot;:&quot;1&quot;}\" data-image-title=\"IMG_6413\" data-image-description=\"\" data-image-caption=\"\" data-medium-file=\"https:\/\/i0.wp.com\/portalinconfidentes.com.br\/wp-content\/uploads\/2023\/06\/IMG_6413.jpg?fit=300%2C221&amp;ssl=1\" data-large-file=\"https:\/\/i0.wp.com\/portalinconfidentes.com.br\/wp-content\/uploads\/2023\/06\/IMG_6413.jpg?fit=500%2C369&amp;ssl=1\" decoding=\"async\" data-attachment-id=\"539\" data-permalink=\"https:\/\/portalinconfidentes.com.br\/index.php\/2023\/06\/13\/semana-de-conscientizacao-ambiental-em-mariana-e-regiao\/img_6413\/\" data-orig-file=\"https:\/\/i0.wp.com\/portalinconfidentes.com.br\/wp-content\/uploads\/2023\/06\/IMG_6413.jpg?fit=500%2C369&amp;ssl=1\" data-orig-size=\"500,369\" data-comments-opened=\"1\" data-image-meta=\"{&quot;aperture&quot;:&quot;1.8&quot;,&quot;credit&quot;:&quot;&quot;,&quot;camera&quot;:&quot;Canon EOS RP&quot;,&quot;caption&quot;:&quot;&quot;,&quot;created_timestamp&quot;:&quot;1685716072&quot;,&quot;copyright&quot;:&quot;&quot;,&quot;focal_length&quot;:&quot;50&quot;,&quot;iso&quot;:&quot;100&quot;,&quot;shutter_speed&quot;:&quot;0.002&quot;,&quot;title&quot;:&quot;&quot;,&quot;orientation&quot;:&quot;1&quot;}\" data-image-title=\"IMG_6413\" data-image-description=\"\" data-image-caption=\"\" data-medium-file=\"https:\/\/i0.wp.com\/portalinconfidentes.com.br\/wp-content\/uploads\/2023\/06\/IMG_6413.jpg?fit=300%2C221&amp;ssl=1\" data-large-file=\"https:\/\/i0.wp.com\/portalinconfidentes.com.br\/wp-content\/uploads\/2023\/06\/IMG_6413.jpg?fit=500%2C369&amp;ssl=1\" srcset=\"https:\/\/i0.wp.com\/portalinconfidentes.com.br\/wp-content\/uploads\/2023\/06\/IMG_6413.jpg?strip=info&#038;w=500&#038;ssl=1 500w\" alt=\"\" data-height=\"369\" data-id=\"539\" data-link=\"https:\/\/portalinconfidentes.com.br\/?attachment_id=539\" data-url=\"https:\/\/portalinconfidentes.com.br\/wp-content\/uploads\/2023\/06\/IMG_6413.jpg\" data-width=\"500\" src=\"https:\/\/i0.wp.com\/portalinconfidentes.com.br\/wp-content\/uploads\/2023\/06\/IMG_6413.jpg?ssl=1\" data-amp-layout=\"responsive\"\/><\/figure><figure class=\"tiled-gallery__item\"><img data-attachment-id=\"540\" data-permalink=\"https:\/\/portalinconfidentes.com.br\/index.php\/2023\/06\/13\/semana-de-conscientizacao-ambiental-em-mariana-e-regiao\/img_6429\/\" data-orig-file=\"https:\/\/i0.wp.com\/portalinconfidentes.com.br\/wp-content\/uploads\/2023\/06\/IMG_6429.jpg?fit=500%2C333&amp;ssl=1\" data-orig-size=\"500,333\" data-comments-opened=\"1\" data-image-meta=\"{&quot;aperture&quot;:&quot;2.5&quot;,&quot;credit&quot;:&quot;&quot;,&quot;camera&quot;:&quot;Canon EOS RP&quot;,&quot;caption&quot;:&quot;&quot;,&quot;created_timestamp&quot;:&quot;1685716343&quot;,&quot;copyright&quot;:&quot;&quot;,&quot;focal_length&quot;:&quot;50&quot;,&quot;iso&quot;:&quot;100&quot;,&quot;shutter_speed&quot;:&quot;0.00625&quot;,&quot;title&quot;:&quot;&quot;,&quot;orientation&quot;:&quot;1&quot;}\" data-image-title=\"IMG_6429\" data-image-description=\"\" data-image-caption=\"\" data-medium-file=\"https:\/\/i0.wp.com\/portalinconfidentes.com.br\/wp-content\/uploads\/2023\/06\/IMG_6429.jpg?fit=300%2C200&amp;ssl=1\" data-large-file=\"https:\/\/i0.wp.com\/portalinconfidentes.com.br\/wp-content\/uploads\/2023\/06\/IMG_6429.jpg?fit=500%2C333&amp;ssl=1\" decoding=\"async\" data-attachment-id=\"540\" data-permalink=\"https:\/\/portalinconfidentes.com.br\/index.php\/2023\/06\/13\/semana-de-conscientizacao-ambiental-em-mariana-e-regiao\/img_6429\/\" data-orig-file=\"https:\/\/i0.wp.com\/portalinconfidentes.com.br\/wp-content\/uploads\/2023\/06\/IMG_6429.jpg?fit=500%2C333&amp;ssl=1\" data-orig-size=\"500,333\" data-comments-opened=\"1\" data-image-meta=\"{&quot;aperture&quot;:&quot;2.5&quot;,&quot;credit&quot;:&quot;&quot;,&quot;camera&quot;:&quot;Canon EOS RP&quot;,&quot;caption&quot;:&quot;&quot;,&quot;created_timestamp&quot;:&quot;1685716343&quot;,&quot;copyright&quot;:&quot;&quot;,&quot;focal_length&quot;:&quot;50&quot;,&quot;iso&quot;:&quot;100&quot;,&quot;shutter_speed&quot;:&quot;0.00625&quot;,&quot;title&quot;:&quot;&quot;,&quot;orientation&quot;:&quot;1&quot;}\" data-image-title=\"IMG_6429\" data-image-description=\"\" data-image-caption=\"\" data-medium-file=\"https:\/\/i0.wp.com\/portalinconfidentes.com.br\/wp-content\/uploads\/2023\/06\/IMG_6429.jpg?fit=300%2C200&amp;ssl=1\" data-large-file=\"https:\/\/i0.wp.com\/portalinconfidentes.com.br\/wp-content\/uploads\/2023\/06\/IMG_6429.jpg?fit=500%2C333&amp;ssl=1\" srcset=\"https:\/\/i1.wp.com\/portalinconfidentes.com.br\/wp-content\/uploads\/2023\/06\/IMG_6429.jpg?strip=info&#038;w=500&#038;ssl=1 500w\" alt=\"\" data-height=\"333\" data-id=\"540\" data-link=\"https:\/\/portalinconfidentes.com.br\/?attachment_id=540\" data-url=\"https:\/\/portalinconfidentes.com.br\/wp-content\/uploads\/2023\/06\/IMG_6429.jpg\" data-width=\"500\" src=\"https:\/\/i1.wp.com\/portalinconfidentes.com.br\/wp-content\/uploads\/2023\/06\/IMG_6429.jpg?ssl=1\" data-amp-layout=\"responsive\"\/><\/figure><figure class=\"tiled-gallery__item\"><img data-attachment-id=\"541\" data-permalink=\"https:\/\/portalinconfidentes.com.br\/index.php\/2023\/06\/13\/semana-de-conscientizacao-ambiental-em-mariana-e-regiao\/img_6484\/\" data-orig-file=\"https:\/\/i0.wp.com\/portalinconfidentes.com.br\/wp-content\/uploads\/2023\/06\/IMG_6484.jpg?fit=500%2C333&amp;ssl=1\" data-orig-size=\"500,333\" data-comments-opened=\"1\" data-image-meta=\"{&quot;aperture&quot;:&quot;2.2&quot;,&quot;credit&quot;:&quot;&quot;,&quot;camera&quot;:&quot;Canon EOS RP&quot;,&quot;caption&quot;:&quot;&quot;,&quot;created_timestamp&quot;:&quot;1685718201&quot;,&quot;copyright&quot;:&quot;&quot;,&quot;focal_length&quot;:&quot;50&quot;,&quot;iso&quot;:&quot;250&quot;,&quot;shutter_speed&quot;:&quot;0.005&quot;,&quot;title&quot;:&quot;&quot;,&quot;orientation&quot;:&quot;1&quot;}\" data-image-title=\"IMG_6484\" data-image-description=\"\" data-image-caption=\"\" data-medium-file=\"https:\/\/i0.wp.com\/portalinconfidentes.com.br\/wp-content\/uploads\/2023\/06\/IMG_6484.jpg?fit=300%2C200&amp;ssl=1\" data-large-file=\"https:\/\/i0.wp.com\/portalinconfidentes.com.br\/wp-content\/uploads\/2023\/06\/IMG_6484.jpg?fit=500%2C333&amp;ssl=1\" decoding=\"async\" data-attachment-id=\"541\" data-permalink=\"https:\/\/portalinconfidentes.com.br\/index.php\/2023\/06\/13\/semana-de-conscientizacao-ambiental-em-mariana-e-regiao\/img_6484\/\" data-orig-file=\"https:\/\/i0.wp.com\/portalinconfidentes.com.br\/wp-content\/uploads\/2023\/06\/IMG_6484.jpg?fit=500%2C333&amp;ssl=1\" data-orig-size=\"500,333\" data-comments-opened=\"1\" data-image-meta=\"{&quot;aperture&quot;:&quot;2.2&quot;,&quot;credit&quot;:&quot;&quot;,&quot;camera&quot;:&quot;Canon EOS RP&quot;,&quot;caption&quot;:&quot;&quot;,&quot;created_timestamp&quot;:&quot;1685718201&quot;,&quot;copyright&quot;:&quot;&quot;,&quot;focal_length&quot;:&quot;50&quot;,&quot;iso&quot;:&quot;250&quot;,&quot;shutter_speed&quot;:&quot;0.005&quot;,&quot;title&quot;:&quot;&quot;,&quot;orientation&quot;:&quot;1&quot;}\" data-image-title=\"IMG_6484\" data-image-description=\"\" data-image-caption=\"\" data-medium-file=\"https:\/\/i0.wp.com\/portalinconfidentes.com.br\/wp-content\/uploads\/2023\/06\/IMG_6484.jpg?fit=300%2C200&amp;ssl=1\" data-large-file=\"https:\/\/i0.wp.com\/portalinconfidentes.com.br\/wp-content\/uploads\/2023\/06\/IMG_6484.jpg?fit=500%2C333&amp;ssl=1\" srcset=\"https:\/\/i1.wp.com\/portalinconfidentes.com.br\/wp-content\/uploads\/2023\/06\/IMG_6484.jpg?strip=info&#038;w=500&#038;ssl=1 500w\" alt=\"\" data-height=\"333\" data-id=\"541\" data-link=\"https:\/\/portalinconfidentes.com.br\/?attachment_id=541\" data-url=\"https:\/\/portalinconfidentes.com.br\/wp-content\/uploads\/2023\/06\/IMG_6484.jpg\" data-width=\"500\" src=\"https:\/\/i1.wp.com\/portalinconfidentes.com.br\/wp-content\/uploads\/2023\/06\/IMG_6484.jpg?ssl=1\" data-amp-layout=\"responsive\"\/><\/figure><figure class=\"tiled-gallery__item\"><img data-attachment-id=\"542\" data-permalink=\"https:\/\/portalinconfidentes.com.br\/index.php\/2023\/06\/13\/semana-de-conscientizacao-ambiental-em-mariana-e-regiao\/imgl2862\/\" data-orig-file=\"https:\/\/i0.wp.com\/portalinconfidentes.com.br\/wp-content\/uploads\/2023\/06\/IMGL2862.jpg?fit=500%2C333&amp;ssl=1\" data-orig-size=\"500,333\" data-comments-opened=\"1\" data-image-meta=\"{&quot;aperture&quot;:&quot;2.8&quot;,&quot;credit&quot;:&quot;Thiago Jardim&quot;,&quot;camera&quot;:&quot;Canon EOS 5D Mark III&quot;,&quot;caption&quot;:&quot;&quot;,&quot;created_timestamp&quot;:&quot;1685697366&quot;,&quot;copyright&quot;:&quot;Thiago Jardim&quot;,&quot;focal_length&quot;:&quot;98&quot;,&quot;iso&quot;:&quot;250&quot;,&quot;shutter_speed&quot;:&quot;0.0025&quot;,&quot;title&quot;:&quot;&quot;,&quot;orientation&quot;:&quot;1&quot;}\" data-image-title=\"IMGL2862\" data-image-description=\"\" data-image-caption=\"\" data-medium-file=\"https:\/\/i0.wp.com\/portalinconfidentes.com.br\/wp-content\/uploads\/2023\/06\/IMGL2862.jpg?fit=300%2C200&amp;ssl=1\" data-large-file=\"https:\/\/i0.wp.com\/portalinconfidentes.com.br\/wp-content\/uploads\/2023\/06\/IMGL2862.jpg?fit=500%2C333&amp;ssl=1\" decoding=\"async\" data-attachment-id=\"542\" data-permalink=\"https:\/\/portalinconfidentes.com.br\/index.php\/2023\/06\/13\/semana-de-conscientizacao-ambiental-em-mariana-e-regiao\/imgl2862\/\" data-orig-file=\"https:\/\/i0.wp.com\/portalinconfidentes.com.br\/wp-content\/uploads\/2023\/06\/IMGL2862.jpg?fit=500%2C333&amp;ssl=1\" data-orig-size=\"500,333\" data-comments-opened=\"1\" data-image-meta=\"{&quot;aperture&quot;:&quot;2.8&quot;,&quot;credit&quot;:&quot;Thiago Jardim&quot;,&quot;camera&quot;:&quot;Canon EOS 5D Mark III&quot;,&quot;caption&quot;:&quot;&quot;,&quot;created_timestamp&quot;:&quot;1685697366&quot;,&quot;copyright&quot;:&quot;Thiago Jardim&quot;,&quot;focal_length&quot;:&quot;98&quot;,&quot;iso&quot;:&quot;250&quot;,&quot;shutter_speed&quot;:&quot;0.0025&quot;,&quot;title&quot;:&quot;&quot;,&quot;orientation&quot;:&quot;1&quot;}\" data-image-title=\"IMGL2862\" data-image-description=\"\" data-image-caption=\"\" data-medium-file=\"https:\/\/i0.wp.com\/portalinconfidentes.com.br\/wp-content\/uploads\/2023\/06\/IMGL2862.jpg?fit=300%2C200&amp;ssl=1\" data-large-file=\"https:\/\/i0.wp.com\/portalinconfidentes.com.br\/wp-content\/uploads\/2023\/06\/IMGL2862.jpg?fit=500%2C333&amp;ssl=1\" srcset=\"https:\/\/i0.wp.com\/portalinconfidentes.com.br\/wp-content\/uploads\/2023\/06\/IMGL2862.jpg?strip=info&#038;w=500&#038;ssl=1 500w\" alt=\"\" data-height=\"333\" data-id=\"542\" data-link=\"https:\/\/portalinconfidentes.com.br\/?attachment_id=542\" data-url=\"https:\/\/portalinconfidentes.com.br\/wp-content\/uploads\/2023\/06\/IMGL2862.jpg\" data-width=\"500\" src=\"https:\/\/i0.wp.com\/portalinconfidentes.com.br\/wp-content\/uploads\/2023\/06\/IMGL2862.jpg?ssl=1\" data-amp-layout=\"responsive\"\/><\/figure><\/div><div class=\"tiled-gallery__col\" style=\"flex-basis:41.78644%\"><figure class=\"tiled-gallery__item\"><img data-attachment-id=\"543\" data-permalink=\"https:\/\/portalinconfidentes.com.br\/index.php\/2023\/06\/13\/semana-de-conscientizacao-ambiental-em-mariana-e-regiao\/imgl3227\/\" data-orig-file=\"https:\/\/i0.wp.com\/portalinconfidentes.com.br\/wp-content\/uploads\/2023\/06\/IMGL3227.jpg?fit=500%2C348&amp;ssl=1\" data-orig-size=\"500,348\" data-comments-opened=\"1\" data-image-meta=\"{&quot;aperture&quot;:&quot;4&quot;,&quot;credit&quot;:&quot;Thiago Jardim&quot;,&quot;camera&quot;:&quot;Canon EOS 5D Mark III&quot;,&quot;caption&quot;:&quot;&quot;,&quot;created_timestamp&quot;:&quot;1685700710&quot;,&quot;copyright&quot;:&quot;Thiago Jardim&quot;,&quot;focal_length&quot;:&quot;70&quot;,&quot;iso&quot;:&quot;250&quot;,&quot;shutter_speed&quot;:&quot;0.001&quot;,&quot;title&quot;:&quot;&quot;,&quot;orientation&quot;:&quot;1&quot;}\" data-image-title=\"IMGL3227\" data-image-description=\"\" data-image-caption=\"\" data-medium-file=\"https:\/\/i0.wp.com\/portalinconfidentes.com.br\/wp-content\/uploads\/2023\/06\/IMGL3227.jpg?fit=300%2C209&amp;ssl=1\" data-large-file=\"https:\/\/i0.wp.com\/portalinconfidentes.com.br\/wp-content\/uploads\/2023\/06\/IMGL3227.jpg?fit=500%2C348&amp;ssl=1\" decoding=\"async\" data-attachment-id=\"543\" data-permalink=\"https:\/\/portalinconfidentes.com.br\/index.php\/2023\/06\/13\/semana-de-conscientizacao-ambiental-em-mariana-e-regiao\/imgl3227\/\" data-orig-file=\"https:\/\/i0.wp.com\/portalinconfidentes.com.br\/wp-content\/uploads\/2023\/06\/IMGL3227.jpg?fit=500%2C348&amp;ssl=1\" data-orig-size=\"500,348\" data-comments-opened=\"1\" data-image-meta=\"{&quot;aperture&quot;:&quot;4&quot;,&quot;credit&quot;:&quot;Thiago Jardim&quot;,&quot;camera&quot;:&quot;Canon EOS 5D Mark III&quot;,&quot;caption&quot;:&quot;&quot;,&quot;created_timestamp&quot;:&quot;1685700710&quot;,&quot;copyright&quot;:&quot;Thiago Jardim&quot;,&quot;focal_length&quot;:&quot;70&quot;,&quot;iso&quot;:&quot;250&quot;,&quot;shutter_speed&quot;:&quot;0.001&quot;,&quot;title&quot;:&quot;&quot;,&quot;orientation&quot;:&quot;1&quot;}\" data-image-title=\"IMGL3227\" data-image-description=\"\" data-image-caption=\"\" data-medium-file=\"https:\/\/i0.wp.com\/portalinconfidentes.com.br\/wp-content\/uploads\/2023\/06\/IMGL3227.jpg?fit=300%2C209&amp;ssl=1\" data-large-file=\"https:\/\/i0.wp.com\/portalinconfidentes.com.br\/wp-content\/uploads\/2023\/06\/IMGL3227.jpg?fit=500%2C348&amp;ssl=1\" srcset=\"https:\/\/i2.wp.com\/portalinconfidentes.com.br\/wp-content\/uploads\/2023\/06\/IMGL3227.jpg?strip=info&#038;w=500&#038;ssl=1 500w\" alt=\"\" data-height=\"348\" data-id=\"543\" data-link=\"https:\/\/portalinconfidentes.com.br\/?attachment_id=543\" data-url=\"https:\/\/portalinconfidentes.com.br\/wp-content\/uploads\/2023\/06\/IMGL3227.jpg\" data-width=\"500\" src=\"https:\/\/i2.wp.com\/portalinconfidentes.com.br\/wp-content\/uploads\/2023\/06\/IMGL3227.jpg?ssl=1\" data-amp-layout=\"responsive\"\/><\/figure><figure class=\"tiled-gallery__item\"><img data-attachment-id=\"544\" data-permalink=\"https:\/\/portalinconfidentes.com.br\/index.php\/2023\/06\/13\/semana-de-conscientizacao-ambiental-em-mariana-e-regiao\/imgl4165-1\/\" data-orig-file=\"https:\/\/i0.wp.com\/portalinconfidentes.com.br\/wp-content\/uploads\/2023\/06\/IMGL4165-1.jpg?fit=500%2C345&amp;ssl=1\" data-orig-size=\"500,345\" data-comments-opened=\"1\" data-image-meta=\"{&quot;aperture&quot;:&quot;2.8&quot;,&quot;credit&quot;:&quot;Thiago Jardim&quot;,&quot;camera&quot;:&quot;Canon EOS 5D Mark III&quot;,&quot;caption&quot;:&quot;&quot;,&quot;created_timestamp&quot;:&quot;1685892955&quot;,&quot;copyright&quot;:&quot;Thiago Jardim&quot;,&quot;focal_length&quot;:&quot;70&quot;,&quot;iso&quot;:&quot;400&quot;,&quot;shutter_speed&quot;:&quot;0.0015625&quot;,&quot;title&quot;:&quot;&quot;,&quot;orientation&quot;:&quot;1&quot;}\" data-image-title=\"IMGL4165-1\" data-image-description=\"\" data-image-caption=\"\" data-medium-file=\"https:\/\/i0.wp.com\/portalinconfidentes.com.br\/wp-content\/uploads\/2023\/06\/IMGL4165-1.jpg?fit=300%2C207&amp;ssl=1\" data-large-file=\"https:\/\/i0.wp.com\/portalinconfidentes.com.br\/wp-content\/uploads\/2023\/06\/IMGL4165-1.jpg?fit=500%2C345&amp;ssl=1\" decoding=\"async\" data-attachment-id=\"544\" data-permalink=\"https:\/\/portalinconfidentes.com.br\/index.php\/2023\/06\/13\/semana-de-conscientizacao-ambiental-em-mariana-e-regiao\/imgl4165-1\/\" data-orig-file=\"https:\/\/i0.wp.com\/portalinconfidentes.com.br\/wp-content\/uploads\/2023\/06\/IMGL4165-1.jpg?fit=500%2C345&amp;ssl=1\" data-orig-size=\"500,345\" data-comments-opened=\"1\" data-image-meta=\"{&quot;aperture&quot;:&quot;2.8&quot;,&quot;credit&quot;:&quot;Thiago Jardim&quot;,&quot;camera&quot;:&quot;Canon EOS 5D Mark III&quot;,&quot;caption&quot;:&quot;&quot;,&quot;created_timestamp&quot;:&quot;1685892955&quot;,&quot;copyright&quot;:&quot;Thiago Jardim&quot;,&quot;focal_length&quot;:&quot;70&quot;,&quot;iso&quot;:&quot;400&quot;,&quot;shutter_speed&quot;:&quot;0.0015625&quot;,&quot;title&quot;:&quot;&quot;,&quot;orientation&quot;:&quot;1&quot;}\" data-image-title=\"IMGL4165-1\" data-image-description=\"\" data-image-caption=\"\" data-medium-file=\"https:\/\/i0.wp.com\/portalinconfidentes.com.br\/wp-content\/uploads\/2023\/06\/IMGL4165-1.jpg?fit=300%2C207&amp;ssl=1\" data-large-file=\"https:\/\/i0.wp.com\/portalinconfidentes.com.br\/wp-content\/uploads\/2023\/06\/IMGL4165-1.jpg?fit=500%2C345&amp;ssl=1\" srcset=\"https:\/\/i1.wp.com\/portalinconfidentes.com.br\/wp-content\/uploads\/2023\/06\/IMGL4165-1.jpg?strip=info&#038;w=500&#038;ssl=1 500w\" alt=\"\" data-height=\"345\" data-id=\"544\" data-link=\"https:\/\/portalinconfidentes.com.br\/?attachment_id=544\" data-url=\"https:\/\/portalinconfidentes.com.br\/wp-content\/uploads\/2023\/06\/IMGL4165-1.jpg\" data-width=\"500\" src=\"https:\/\/i1.wp.com\/portalinconfidentes.com.br\/wp-content\/uploads\/2023\/06\/IMGL4165-1.jpg?ssl=1\" data-amp-layout=\"responsive\"\/><\/figure><figure class=\"tiled-gallery__item\"><img data-attachment-id=\"545\" data-permalink=\"https:\/\/portalinconfidentes.com.br\/index.php\/2023\/06\/13\/semana-de-conscientizacao-ambiental-em-mariana-e-regiao\/imgl4229\/\" data-orig-file=\"https:\/\/i0.wp.com\/portalinconfidentes.com.br\/wp-content\/uploads\/2023\/06\/IMGL4229.jpg?fit=500%2C333&amp;ssl=1\" data-orig-size=\"500,333\" data-comments-opened=\"1\" data-image-meta=\"{&quot;aperture&quot;:&quot;2.8&quot;,&quot;credit&quot;:&quot;Thiago Jardim&quot;,&quot;camera&quot;:&quot;Canon EOS 5D Mark III&quot;,&quot;caption&quot;:&quot;&quot;,&quot;created_timestamp&quot;:&quot;1685957379&quot;,&quot;copyright&quot;:&quot;Thiago Jardim&quot;,&quot;focal_length&quot;:&quot;110&quot;,&quot;iso&quot;:&quot;400&quot;,&quot;shutter_speed&quot;:&quot;0.0015625&quot;,&quot;title&quot;:&quot;&quot;,&quot;orientation&quot;:&quot;1&quot;}\" data-image-title=\"IMGL4229\" data-image-description=\"\" data-image-caption=\"\" data-medium-file=\"https:\/\/i0.wp.com\/portalinconfidentes.com.br\/wp-content\/uploads\/2023\/06\/IMGL4229.jpg?fit=300%2C200&amp;ssl=1\" data-large-file=\"https:\/\/i0.wp.com\/portalinconfidentes.com.br\/wp-content\/uploads\/2023\/06\/IMGL4229.jpg?fit=500%2C333&amp;ssl=1\" decoding=\"async\" data-attachment-id=\"545\" data-permalink=\"https:\/\/portalinconfidentes.com.br\/index.php\/2023\/06\/13\/semana-de-conscientizacao-ambiental-em-mariana-e-regiao\/imgl4229\/\" data-orig-file=\"https:\/\/i0.wp.com\/portalinconfidentes.com.br\/wp-content\/uploads\/2023\/06\/IMGL4229.jpg?fit=500%2C333&amp;ssl=1\" data-orig-size=\"500,333\" data-comments-opened=\"1\" data-image-meta=\"{&quot;aperture&quot;:&quot;2.8&quot;,&quot;credit&quot;:&quot;Thiago Jardim&quot;,&quot;camera&quot;:&quot;Canon EOS 5D Mark III&quot;,&quot;caption&quot;:&quot;&quot;,&quot;created_timestamp&quot;:&quot;1685957379&quot;,&quot;copyright&quot;:&quot;Thiago Jardim&quot;,&quot;focal_length&quot;:&quot;110&quot;,&quot;iso&quot;:&quot;400&quot;,&quot;shutter_speed&quot;:&quot;0.0015625&quot;,&quot;title&quot;:&quot;&quot;,&quot;orientation&quot;:&quot;1&quot;}\" data-image-title=\"IMGL4229\" data-image-description=\"\" data-image-caption=\"\" data-medium-file=\"https:\/\/i0.wp.com\/portalinconfidentes.com.br\/wp-content\/uploads\/2023\/06\/IMGL4229.jpg?fit=300%2C200&amp;ssl=1\" data-large-file=\"https:\/\/i0.wp.com\/portalinconfidentes.com.br\/wp-content\/uploads\/2023\/06\/IMGL4229.jpg?fit=500%2C333&amp;ssl=1\" srcset=\"https:\/\/i0.wp.com\/portalinconfidentes.com.br\/wp-content\/uploads\/2023\/06\/IMGL4229.jpg?strip=info&#038;w=500&#038;ssl=1 500w\" alt=\"\" data-height=\"333\" data-id=\"545\" data-link=\"https:\/\/portalinconfidentes.com.br\/?attachment_id=545\" data-url=\"https:\/\/portalinconfidentes.com.br\/wp-content\/uploads\/2023\/06\/IMGL4229.jpg\" data-width=\"500\" src=\"https:\/\/i0.wp.com\/portalinconfidentes.com.br\/wp-content\/uploads\/2023\/06\/IMGL4229.jpg?ssl=1\" data-amp-layout=\"responsive\"\/><\/figure><figure class=\"tiled-gallery__item\"><img data-attachment-id=\"546\" data-permalink=\"https:\/\/portalinconfidentes.com.br\/index.php\/2023\/06\/13\/semana-de-conscientizacao-ambiental-em-mariana-e-regiao\/imgl4337\/\" data-orig-file=\"https:\/\/i0.wp.com\/portalinconfidentes.com.br\/wp-content\/uploads\/2023\/06\/IMGL4337.jpg?fit=500%2C366&amp;ssl=1\" data-orig-size=\"500,366\" data-comments-opened=\"1\" data-image-meta=\"{&quot;aperture&quot;:&quot;2.8&quot;,&quot;credit&quot;:&quot;Thiago Jardim&quot;,&quot;camera&quot;:&quot;Canon EOS 5D Mark III&quot;,&quot;caption&quot;:&quot;&quot;,&quot;created_timestamp&quot;:&quot;1685965040&quot;,&quot;copyright&quot;:&quot;Thiago Jardim&quot;,&quot;focal_length&quot;:&quot;70&quot;,&quot;iso&quot;:&quot;160&quot;,&quot;shutter_speed&quot;:&quot;0.000625&quot;,&quot;title&quot;:&quot;&quot;,&quot;orientation&quot;:&quot;1&quot;}\" data-image-title=\"IMGL4337\" data-image-description=\"\" data-image-caption=\"\" data-medium-file=\"https:\/\/i0.wp.com\/portalinconfidentes.com.br\/wp-content\/uploads\/2023\/06\/IMGL4337.jpg?fit=300%2C220&amp;ssl=1\" data-large-file=\"https:\/\/i0.wp.com\/portalinconfidentes.com.br\/wp-content\/uploads\/2023\/06\/IMGL4337.jpg?fit=500%2C366&amp;ssl=1\" decoding=\"async\" data-attachment-id=\"546\" data-permalink=\"https:\/\/portalinconfidentes.com.br\/index.php\/2023\/06\/13\/semana-de-conscientizacao-ambiental-em-mariana-e-regiao\/imgl4337\/\" data-orig-file=\"https:\/\/i0.wp.com\/portalinconfidentes.com.br\/wp-content\/uploads\/2023\/06\/IMGL4337.jpg?fit=500%2C366&amp;ssl=1\" data-orig-size=\"500,366\" data-comments-opened=\"1\" data-image-meta=\"{&quot;aperture&quot;:&quot;2.8&quot;,&quot;credit&quot;:&quot;Thiago Jardim&quot;,&quot;camera&quot;:&quot;Canon EOS 5D Mark III&quot;,&quot;caption&quot;:&quot;&quot;,&quot;created_timestamp&quot;:&quot;1685965040&quot;,&quot;copyright&quot;:&quot;Thiago Jardim&quot;,&quot;focal_length&quot;:&quot;70&quot;,&quot;iso&quot;:&quot;160&quot;,&quot;shutter_speed&quot;:&quot;0.000625&quot;,&quot;title&quot;:&quot;&quot;,&quot;orientation&quot;:&quot;1&quot;}\" data-image-title=\"IMGL4337\" data-image-description=\"\" data-image-caption=\"\" data-medium-file=\"https:\/\/i0.wp.com\/portalinconfidentes.com.br\/wp-content\/uploads\/2023\/06\/IMGL4337.jpg?fit=300%2C220&amp;ssl=1\" data-large-file=\"https:\/\/i0.wp.com\/portalinconfidentes.com.br\/wp-content\/uploads\/2023\/06\/IMGL4337.jpg?fit=500%2C366&amp;ssl=1\" srcset=\"https:\/\/i2.wp.com\/portalinconfidentes.com.br\/wp-content\/uploads\/2023\/06\/IMGL4337.jpg?strip=info&#038;w=500&#038;ssl=1 500w\" alt=\"\" data-height=\"366\" data-id=\"546\" data-link=\"https:\/\/portalinconfidentes.com.br\/?attachment_id=546\" data-url=\"https:\/\/portalinconfidentes.com.br\/wp-content\/uploads\/2023\/06\/IMGL4337.jpg\" data-width=\"500\" src=\"https:\/\/i2.wp.com\/portalinconfidentes.com.br\/wp-content\/uploads\/2023\/06\/IMGL4337.jpg?ssl=1\" data-amp-layout=\"responsive\"\/><\/figure><\/div><\/div><\/div><\/div>\n","protected":false},"excerpt":{"rendered":"<p>conscientiza\u00e7\u00e3o ambiental<\/p>\n","protected":false},"author":1,"featured_media":531,"comment_status":"open","ping_status":"open","sticky":false,"template":"","format":"standard","meta":{"footnotes":"","_jetpack_memberships_contains_paid_content":false,"jetpack_publicize_message":"","jetpack_publicize_feature_enabled":true,"jetpack_social_post_already_shared":true,"jetpack_social_options":{"image_generator_settings":{"template":"highway","enabled":false}}},"categories":[1],"tags":[],"jetpack_publicize_connections":[],"views":4619,"jetpack_sharing_enabled":true,"jetpack_featured_media_url":"https:\/\/i0.wp.com\/portalinconfidentes.com.br\/wp-content\/uploads\/2023\/06\/renova.jpg?fit=800%2C533&ssl=1","_links":{"self":[{"href":"https:\/\/portalinconfidentes.com.br\/index.php\/wp-json\/wp\/v2\/posts\/530"}],"collection":[{"href":"https:\/\/portalinconfidentes.com.br\/index.php\/wp-json\/wp\/v2\/posts"}],"about":[{"href":"https:\/\/portalinconfidentes.com.br\/index.php\/wp-json\/wp\/v2\/types\/post"}],"author":[{"embeddable":true,"href":"https:\/\/portalinconfidentes.com.br\/index.php\/wp-json\/wp\/v2\/users\/1"}],"replies":[{"embeddable":true,"href":"https:\/\/portalinconfidentes.com.br\/index.php\/wp-json\/wp\/v2\/comments?post=530"}],"version-history":[{"count":1,"href":"https:\/\/portalinconfidentes.com.br\/index.php\/wp-json\/wp\/v2\/posts\/530\/revisions"}],"predecessor-version":[{"id":547,"href":"https:\/\/portalinconfidentes.com.br\/index.php\/wp-json\/wp\/v2\/posts\/530\/revisions\/547"}],"wp:featuredmedia":[{"embeddable":true,"href":"https:\/\/portalinconfidentes.com.br\/index.php\/wp-json\/wp\/v2\/media\/531"}],"wp:attachment":[{"href":"https:\/\/portalinconfidentes.com.br\/index.php\/wp-json\/wp\/v2\/media?parent=530"}],"wp:term":[{"taxonomy":"category","embeddable":true,"href":"https:\/\/portalinconfidentes.com.br\/index.php\/wp-json\/wp\/v2\/categories?post=530"},{"taxonomy":"post_tag","embeddable":true,"href":"https:\/\/portalinconfidentes.com.br\/index.php\/wp-json\/wp\/v2\/tags?post=530"}],"curies":[{"name":"wp","href":"https:\/\/api.w.org\/{rel}","templated":true}]}}