{"id":527,"date":"2023-06-13T21:31:14","date_gmt":"2023-06-14T00:31:14","guid":{"rendered":"https:\/\/portalinconfidentes.com.br\/?p=527"},"modified":"2023-06-13T21:31:14","modified_gmt":"2023-06-14T00:31:14","slug":"18a-cineop-mostra-de-cinema-de-ouro-preto-21-a-26-de-junho-de-2023","status":"publish","type":"post","link":"https:\/\/portalinconfidentes.com.br\/index.php\/2023\/06\/13\/18a-cineop-mostra-de-cinema-de-ouro-preto-21-a-26-de-junho-de-2023\/","title":{"rendered":"18\u00aa CineOP \u2013 Mostra de Cinema de Ouro Preto <strong>21 a 26 de\u00a0\u00a0junho de 2023<\/strong>"},"content":{"rendered":"\n<p><strong>A CINEOP CELEBRA 18 ANOS, DESTACA A M\u00daSICA PRETA NO BRASIL, REFLETE SOBRE O DIGITAL NA EDUCA\u00c7\u00c3O E CONVIDA PROFISSIONAIS DE TODO O BRASIL PARA&nbsp;&nbsp;COLABORAR NA CONSTRU\u00c7\u00c3O DE POL\u00cdTICAS P\u00daBLICAS PARA A PRESERVA\u00c7\u00c3O&nbsp;<\/strong><\/p>\n\n\n\n<p><em>Mostra de Cinema de Ouro Preto, \u00fanico evento dedicado \u00e0 preserva\u00e7\u00e3o, hist\u00f3ria e educa\u00e7\u00e3o come\u00e7a no dia 21 de junho e ocupa a cidade hist\u00f3rica mineira com uma programa\u00e7\u00e3o intensa e gratuita com exibi\u00e7\u00e3o de 125 filmes de 5 pa\u00edses e 14 estados brasileiros; promove oficinas, workshops, sess\u00f5es cine-escola, lan\u00e7amento de livros, Festa Junina, Cortejo da Arte, exposi\u00e7\u00e3o, performance e shows.<\/em><\/p>\n\n\n\n<p><em>Na&nbsp;&nbsp;noite do dia 22 vai homenagear o ator e cantor Tony Tornado, que participa da abertura, de debates e faz seu show ao lado do seu filho, no dia 23 de junho.<\/em><\/p>\n\n\n\n<p><em>O 18<\/em><em><sup>o<\/sup><\/em><em>&nbsp;Encontro Nacional de Arquivos e o Encontro da Educa\u00e7\u00e3o: XV F\u00f3rum da Rede Kino v\u00e3o reunir 83 profissionais no centro 31 debates, di\u00e1lgos da preserva\u00e7\u00e3o e educa\u00e7\u00e3o e masterclasses internacionais.&nbsp;<\/em><\/p>\n\n\n\n<p>Fotos:&nbsp;<a href=\"https:\/\/www.flickr.com\/photos\/universoproducao\/\" target=\"_blank\" rel=\"noreferrer noopener\">https:\/\/www.flickr.com\/photos\/universoproducao\/<\/a><\/p>\n\n\n\n<p>A tricenten\u00e1ria Ouro Preto, munic\u00edpio mineiro Patrim\u00f4nio Hist\u00f3rico da Humanidade, vai ser sede da&nbsp;<strong>18<\/strong><strong><sup>a&nbsp;<\/sup><\/strong><strong>CineOP \u2013 Mostra de Cinema de Ouro Preto<\/strong>, de&nbsp;<strong>21 a 26 de junho de 2023<\/strong>, \u00fanico evento que trata cinema como patrim\u00f4nio e estrutura sua programa\u00e7\u00e3o em tr\u00eas frentes tem\u00e1ticas:&nbsp;<strong>preserva\u00e7\u00e3o, hist\u00f3ria e educa\u00e7\u00e3o<\/strong>. Cada tem\u00e1tica&nbsp;&nbsp;com um enfoque e discuss\u00f5es pr\u00f3prias, que se aproximam em mesas e atividades&nbsp;&nbsp;propostas.&nbsp;<\/p>\n\n\n\n<p>As equipes de curadoria propuseram a tem\u00e1tica geral&nbsp;<strong>\u201cMem\u00f3ria e cria\u00e7\u00e3o para futuro \u201d,<\/strong>&nbsp;que vai permear as a\u00e7\u00f5es ao longo de toda a mostra. Entre as ideias est\u00e1 a de dar visibilidade a M\u00fasica Preta no Basil por cineastas ind\u00edgenas, seus processos de realiza\u00e7\u00e3o, seus tipos de cinema, mem\u00f3rias, cotidianos, desafios e aprendizados e a refor\u00e7ar a import\u00e2ncia da mem\u00f3ria como perspectiva para o futuro e um desafio \u00e0 preserva\u00e7\u00e3o.<\/p>\n\n\n\n<p>&#8221; A CineOP cumpre mais uma vez seu papel de atuar pela salvaguarda do imenso patrim\u00f4nio audiovisual brasileiro e reafirma a import\u00e2ncia de dar continuidade aos encontros anuais presenciais para fortalecer o setor audiovisual em di\u00e1logo com a educa\u00e7\u00e3o e continuar florescendo para preservar nossa hist\u00f3ria, criar pontes e conex\u00f5es, desvendar obras e talentos, olhares e diversidade em meio \u00e0 multiplica\u00e7\u00e3o de telas e inova\u00e7\u00f5es interativas&#8221;, destaca Raquel Hallak, diretora da Universo Produ\u00e7\u00e3o e coordenadora da CineOP.<\/p>\n\n\n\n<p>Durante&nbsp;<strong>seis dias de programa\u00e7\u00e3o<\/strong>&nbsp;<strong>intensa e gratuita<\/strong>, o p\u00fablico vai poder desfrutar de&nbsp;<strong>mais de 30 sess\u00f5es de cinema&nbsp;<\/strong>com exibi\u00e7\u00e3o de filmes para todas as idades em dois cinemas instalados para atender o evento &#8211; o&nbsp;<strong>Cine-Pra\u00e7a<\/strong>&nbsp;&#8211; cinema o ar livre a ser instalado na Pra\u00e7a Tiradentes (plateia 500 lugares) e o&nbsp;<strong>Cine-Teatro<\/strong>&nbsp;&#8211; a ser instalado no Centro de Conven\u00e7\u00f5es (plateia 510 lugares) e, ainda, participar de debates,&nbsp;<em>masterclasses<\/em>, rodas de conversas, oficinas, Mostrinha, atra\u00e7\u00f5es musicais e v\u00e1rias outras atividades que acontecem em dois espa\u00e7os ouropretanos: Centro de Artes e Conven\u00e7\u00f5es e a Pra\u00e7a Tiradentes.&nbsp;<\/p>\n\n\n\n<p>Ser\u00e3o exibidos<strong>&nbsp;125 filmes em pr\u00e9-estreias e mostras tem\u00e1ticas &#8211; (30<\/strong>&nbsp;longas,&nbsp;<strong>9<\/strong>&nbsp;m\u00e9dias e&nbsp;<strong>86<\/strong>&nbsp;curtas-metragens), vindos de&nbsp;<strong>5 pa\u00edses (Brasil, Argentina, Col\u00f4mbia, Equador, EUA)<\/strong>&nbsp;e de&nbsp;<strong>14 estados brasileiros ( AM, BA, CE, DF, ES, GO, MG, PB, PR, RJ, RN, RS, SC, SP)&nbsp;<\/strong>distribu\u00eddos em nove mostras &#8211;&nbsp;<strong>Contempor\u00e2nea, Homenagem, Preserva\u00e7\u00e3o, Hist\u00f3rica, Educa\u00e7\u00e3o, Valores, Mostrinha&nbsp;<\/strong>e<strong>&nbsp;Cine-Escola<\/strong>.&nbsp;<\/p>\n\n\n\n<p>Espa\u00e7o referencial de discuss\u00f5es e defini\u00e7\u00f5es de profissionais e educadores, a CineOP ter\u00e1 os sempre essenciais&nbsp;<strong>18o<\/strong>&nbsp;<strong>Encontro Nacional de Arquivos e Acervos Audiovisuais Brasileiros&nbsp;<\/strong>e o<strong>&nbsp;Encontro da Educa\u00e7\u00e3o: XV F\u00f3rum da Rede Kino<\/strong>. Entre diversas atividades previstas, desde semin\u00e1rios, exibi\u00e7\u00f5es de filmes, palestras e masterclasses intercionais, ser\u00e3o&nbsp;<strong>31 debates e rodas de conversa<\/strong>, com a participa\u00e7\u00e3o de&nbsp;<strong>83 profissionais nacionais e internacionais.<\/strong><\/p>\n\n\n\n<p><strong>ABERTURA OFICIAL | HOMENAGEM<\/strong><\/p>\n\n\n\n<p>O evento oficial de abertura acontece na noite de&nbsp;<strong>22 de junho (quinta-feira), \u00e0s 19h30<\/strong>, na Pra\u00e7a Tiradentes. Para inaugurar as exibi\u00e7\u00f5es da Mostra esse ano, ser\u00e1 exibida a vers\u00e3o restaurada de&nbsp;<strong>\u201cRainha Diaba\u201d<\/strong>&nbsp;(1974), cl\u00e1ssico de Ant\u00f4nio Carlos da Fontoura que tem o ator Milton Gon\u00e7alves interpretando a m\u00edtica Madame Sat\u00e3. Mas, antes da sess\u00e3o, acontece&nbsp;&nbsp;na pra\u00e7a uma performance audiovisual apresentando as tr\u00eas tem\u00e1ticas de cada se\u00e7\u00e3o da CineOP (<strong>Hist\u00f3rica, Preserva\u00e7\u00e3o e Educa\u00e7\u00e3o<\/strong>) e homenageando o ator e m\u00fasico&nbsp;<strong>Tony Tornado<\/strong>, no embalo da Tem\u00e1tica Hist\u00f3rica&nbsp;<strong>\u201cImagens da MPB (M\u00fasica Preta no Brasil)\u201d<\/strong>.&nbsp;<\/p>\n\n\n\n<p>Mais longevo profissional da atua\u00e7\u00e3o em atividade no pa\u00eds, Tornado \u2013 atualmente no ar na novela das 18h da Rede Globo \u201cAmor Perfeito\u201d \u2013 estar\u00e1 presente para receber o Trof\u00e9u Vila Rica. Nascido em Presidente Prudente (SP) em 1930,&nbsp;&nbsp;estabeleceu-se a partir dos anos 1960 como um dos precursores do movimento da \u201cblack music\u201d brasileira, inspirada na luta pelos direitos civis. Logo se tornou tamb\u00e9m um dos rostos negros mais conhecidos da TV e do cinema.&nbsp;<\/p>\n\n\n\n<p>Para&nbsp;<strong>Tatiana Carvalho Costa<\/strong>, uma das curadoras, a imagem de Tony Tornado \u201cnas dezenas de trabalhos nos quais atuou entrecruza as mem\u00f3rias de um povo e sugere muito mais do que deveriam dizer a maioria dos pap\u00e9is coadjuvantes que fez com tanta dignidade, um fen\u00f4meno de resili\u00eancia e reconfigura\u00e7\u00e3o a exibir a for\u00e7a dos personagens\u201d.&nbsp;<\/p>\n\n\n\n<p>Al\u00e9m de estar na tela com os filmes, Tony Tornado marca outras presen\u00e7as na CineOP. No dia 23 (sexta-feira), ele participa da mesa em tributo \u00e0 sua obra, junto com<strong>&nbsp;Bernardo Oliveira<\/strong>&nbsp;(professor, pesquisador, cr\u00edtico e produtor),&nbsp;<strong>Black Josie<\/strong>&nbsp;(DJ, musicista e produtora cultural) e<strong>&nbsp;Dom Fil\u00f3<\/strong>&nbsp;(CEO da Cultne TV e produtor cultural), com media\u00e7\u00e3o de Tatiana Carvalho Costa.<\/p>\n\n\n\n<p><strong>TEM\u00c1TICAS E FILMES<\/strong><\/p>\n\n\n\n<p>As curadorias de cada eixo da 18<sup>a<\/sup>&nbsp;CineOP desenvolveram trajetos de reflex\u00e3o e discuss\u00e3o que conectam filmes, aprendizados, pesquisas e conhecimentos para debates e exibi\u00e7\u00f5es a serem promovidos em todos os dias. Na&nbsp;<strong>Tem\u00e1tica Hist\u00f3rica<\/strong>, o conceito<strong>&nbsp;\u201cImagens da MPB (M\u00fasica Preta no Brasil)\u201d&nbsp;<\/strong>enfatiza a presen\u00e7a da cria\u00e7\u00e3o musical de artistas pretas e pretos nas trilhas sonoras e nos elencos de filmes e novelas, como personagens em fic\u00e7\u00e3o, document\u00e1rios, videoclipes e performatividades variadas.<\/p>\n\n\n\n<p>&nbsp;A dupla de curadoria&nbsp;<strong>Cleber Eduardo&nbsp;<\/strong>e&nbsp;<strong>Tatiana Carvalho Costa<\/strong>&nbsp;definiu por colocar em evid\u00eancia a m\u00fasica preta em seus contextos hist\u00f3ricos e culturais nos s\u00e9culos XX e XXI na cria\u00e7\u00e3o e inventividade de universos populares. Assim, buscam mostrar a heran\u00e7a de tradi\u00e7\u00f5es atualizadas do passado e de outras geografias e refletir sobre a riqueza a ser preservada na rela\u00e7\u00e3o com as imagens.&nbsp;<\/p>\n\n\n\n<p>Os filmes da&nbsp;<strong>Mostra Hist\u00f3rica&nbsp;<\/strong>dialogam com a proposta a partir dessas percep\u00e7\u00f5es. Uma das p\u00e9rolas do evento \u00e9 \u201c<strong>Uma N\u00eaga Chamada Tereza<\/strong>\u201d (1973), cl\u00e1ssico perdido do cinema brasileiro, dirigido por Fernando Coni Campos e protagonizado pro Jorge Ben Jor. In\u00e9dito h\u00e1 d\u00e9cadas, a com\u00e9dia ficcional mostra o cantor na hist\u00f3ria de um casal de africanos que vem participar de um festival da can\u00e7\u00e3o no Brasil.&nbsp;<\/p>\n\n\n\n<p>A tem\u00e1tica, assim como parte dos filmes, estar\u00e1 no centro das discuss\u00f5es de duas mesas com cr\u00edticos, pesquisadores e professores:&nbsp;<strong>\u201cO corpo-tela e o som que pensa o fillme\u201d<\/strong>, sobre as formas como o cinema pode trazer a for\u00e7a do som antes mesmo das images e de que forma essas rela\u00e7\u00f5es se d\u00e3o;&nbsp;&nbsp;e&nbsp;<strong>\u201cPolifonia e mem\u00f3ria: Reverbera\u00e7\u00f5es no futuro\u201d<\/strong>, sobre as formas como plataformas digitais atuam na produ\u00e7\u00e3o, reverbera\u00e7\u00e3o, sampleamento e amplifica\u00e7\u00e3o de mem\u00f3rias, al\u00e9m de meios de acesso a um acervo de imagens, sons e experi\u00eancias gravadas, fundamentais na irradia\u00e7\u00e3o e amplitude da M\u00fasica Preta no Brasil e das express\u00f5es audiovisuais a partir dela.<\/p>\n\n\n\n<p>Na&nbsp;<strong>Tem\u00e1tica Educa\u00e7\u00e3o<\/strong>, a curadoria de&nbsp;<strong>Adriana Fresquet<\/strong>&nbsp;e&nbsp;<strong>Clarisse Alvarenga<\/strong>&nbsp;vai trabalhar&nbsp;<strong>\u201cCinema e educa\u00e7\u00e3o digital: Deslocamentos\u201d<\/strong>, a partir de uma reflex\u00e3o do educador Paulo Freire sobre o poder da televis\u00e3o, em 1983. As conversas dos debates e dos&nbsp;<strong>Encontros de Educa\u00e7\u00e3o<\/strong>&nbsp;dever\u00e3o se pautar na rela\u00e7\u00e3o entre a import\u00e2ncia e necessidade da educa\u00e7\u00e3o digital, com todos os seus desafios de acesso e democratiza\u00e7\u00e3o, e a necessidade urgente de entendimento de seus riscos. Entre as palavras-chave adotadas, v\u00e3o aparecer algoritmos, metaverso, realidade aumentada, realidade mista, intelig\u00eancia artificial e chatGPT.<\/p>\n\n\n\n<p>Entre os debates do recorte, com presen\u00e7a de professores e profissionais da educa\u00e7\u00e3o de todo o Brasil, reunidos pela<strong>&nbsp;Rede Kino<\/strong>, est\u00e3o as conversas&nbsp;<strong>\u201cPol\u00edticas p\u00fablicas para o cinema e para a educa\u00e7\u00e3o digital: Marcos legais\u201d<\/strong>, com a proposta de discutir a regulamenta\u00e7\u00e3o da Pol\u00edtica Nacional de Educa\u00e7\u00e3o Digital;&nbsp;<strong>\u201cCultura digital e os desafios da sociedade contempor\u00e2nea\u201d<\/strong>, com objetivo de problematizar as rela\u00e7\u00f5es entre cinema, audiovisual e educa\u00e7\u00e3o digital, avaliando as pot\u00eancias e os riscos no ato de ver, produzir e compartilhar conte\u00fados num contexto de educa\u00e7\u00e3o que ainda transita do anal\u00f3gico ao digital; e&nbsp;<strong>\u201cCinema, territ\u00f3rio e soberania digital\u201d<\/strong>, sobre as rela\u00e7\u00f5es entre processos educacionais e audiovisuais com a rela\u00e7\u00e3o e aproxima\u00e7\u00e3o com a terra e com a pol\u00edtica a partir do interesse pela vida mais que pelo mercado; entre outras.<\/p>\n\n\n\n<p>Na&nbsp;<strong>Tem\u00e1tica Preserva\u00e7\u00e3o<\/strong>, o eixo ser\u00e1 \u201c<strong>\u201cPatrim\u00f4nio Audiovisual Brasileiro em Rede\u201d<\/strong>, proposta pela curadoria de&nbsp;<strong>Fernanda Coelho&nbsp;<\/strong>e<strong>&nbsp;Vitor Graize&nbsp;<\/strong>e que vai reunir integrantes da&nbsp;<strong>ABPA (Associa\u00e7\u00e3o Brasileira de Preserva\u00e7\u00e3o Audiovisual)&nbsp;<\/strong>para mais uma rodada de conversas e articula\u00e7\u00f5es em prol do cinema patrim\u00f4nio. Os debates v\u00e3o se organizar por tr\u00eas t\u00f3picos: o di\u00e1logo para pol\u00edticas p\u00fablicas de preserva\u00e7\u00e3o num novo ciclo de governo, representadas pela atualiza\u00e7\u00e3o do Plano Nacional de Preserva\u00e7\u00e3o Audiovisual; o debate sobre a imposi\u00e7\u00e3o do digital e suas quest\u00f5es \u00e9ticas, t\u00e9cnicas e pol\u00edticas; e a reflex\u00e3o sobre a cria\u00e7\u00e3o de uma rede nacional de arquivos audiovisuais.&nbsp;<\/p>\n\n\n\n<p>O&nbsp;<strong>Encontro de Arquivos<\/strong>, que faz parte da programa\u00e7\u00e3o da Tem\u00e1tica Preserva\u00e7\u00e3o, contar\u00e1 com a presen\u00e7a de dezenas de profissionais do setor e a realiza\u00e7\u00e3o de diversos encontros e debates em torno dos tr\u00eas pontos destacados, entre eles&nbsp;<strong>\u201cIniciativas de mapeamento de arquivos audiovisuais\u201d<\/strong>;&nbsp;<strong>\u201cCria\u00e7\u00e3o de uma rede nacional de arquivos audiovisuais\u201d<\/strong>;&nbsp;<strong>\u201cA rede e suas conex\u00f5es: produ\u00e7\u00e3o\u201d<\/strong>&nbsp;e&nbsp;<strong>\u201cA rede e suas conex\u00f5es: difus\u00e3o e exibi\u00e7\u00e3o\u201d<\/strong>.&nbsp;<\/p>\n\n\n\n<p>Uma das mesas,&nbsp;&nbsp;<strong>\u201cMem\u00f3ria e cria\u00e7\u00e3o para o futuro\u201d<\/strong>, prop\u00f5e um balan\u00e7o da \u00faltima d\u00e9cada no segmento da preserva\u00e7\u00e3o a partir de perspectivas e desafios pol\u00edticos, econ\u00f4micos, tecnol\u00f3gicos e educacionais e dever\u00e1 ter a presen\u00e7a de nomes do governo federal, como&nbsp;<strong>Margareth Menezes,<\/strong>&nbsp;ministra da Cultura; de&nbsp;<strong>Denise Pires de Carvalho<\/strong>, secret\u00e1ria de Educa\u00e7\u00e3o Superior do Minist\u00e9rio da Educa\u00e7\u00e3o; e<strong>&nbsp;Alex Braga<\/strong>, presidente da Ancine (Ag\u00eancia Nacional do Cinema).<\/p>\n\n\n\n<p><br><strong>PRESEN\u00c7AS INTERNACIONAIS<\/strong><\/p>\n\n\n\n<p>Anualmente a CineOP conta com a participa\u00e7\u00e3o de importantes profissionais internacionais numa s\u00e9rie de&nbsp;<em>masterclasses<\/em>&nbsp;e mesas de debates. Nesta 18<sup>a<\/sup>&nbsp;edi\u00e7\u00e3o, est\u00e3o:&nbsp;<strong>Carolina Dorado Lozano<\/strong>&nbsp;(Col\u00f4mbia), educadora popular e facilitadora pedag\u00f3gica, na masterclass \u201cCinema comunit\u00e1rio e educa\u00e7\u00e3o popular na Am\u00e9rica Latina\u201d;<strong>&nbsp;Alexandra Cuesta<\/strong>&nbsp;(Equador), cineasta e fot\u00f3grafa, falando sobre \u201cFilmar territ\u00f3rios: deslocar-se\u201d;&nbsp;<strong>Justin D. Williams<\/strong>&nbsp;(EUA), gerente de projeto e arquivista do SSHMP (South Side Home Movie Project), na conversa \u201cOlhares negros no sul de Chicago\u201d, em participa\u00e7\u00e3o on line; e&nbsp;<strong>Tobias Blanke<\/strong>&nbsp;(Holanda), professor de Intelig\u00eancia Artificial e Humanidades na Universidade de Amsterd\u00e3 e que vai falar sobre a intelig\u00eancia artificial na guarda de arquivos hist\u00f3ricos, em participa\u00e7\u00e3o on line.<\/p>\n\n\n\n<p><strong>OFICINAS, WORKSHOPS E MASTERCLASSES<\/strong><\/p>\n\n\n\n<p><strong>Intelig\u00eancia artificial, Lei Paulo Gustavo, Argumento Cinematogr\u00e1fico, Mem\u00f3ria Sonora, Marketing Digital e Cinema Comunit\u00e1rio<\/strong>&nbsp;s\u00e3o alguns dos diversos temas das&nbsp;<strong>10 modalidades do programa de forma\u00e7\u00e3o<\/strong>&nbsp;&#8211;&nbsp;<strong>quatro oficinas, dois workshops e quatro masterclasses&nbsp;<\/strong>que ser\u00e3o realizadas durante<strong>&nbsp;a 18\u00aa CineOP \u2013 Mostra de Cinema de Ouro Preto&nbsp;<\/strong>que vai acontecer na cidade hist\u00f3rica,<strong>&nbsp;de 21 a 26 de junho<\/strong>.&nbsp;<\/p>\n\n\n\n<p>Os interessados podem se inscrever<strong>&nbsp;at\u00e9 o dia 12 de junho (segunda-feira), \u00e0s 23h59, pelo site&nbsp;<a href=\"http:\/\/cineop.com.br\/\" target=\"_blank\" rel=\"noreferrer noopener\">cineop.com.br<\/a><\/strong>&nbsp;com as seguintes op\u00e7\u00f5es: \u201cElabora\u00e7\u00e3o de projetos audiovisuais para Lei Paulo Gustavo\u201d, \u201cRealiza\u00e7\u00e3o audiovisual\u201d, \u201cOficina pr\u00e1tica de argumento cinematogr\u00e1fico\u201d, \u201cRestaurando a mem\u00f3ria sonora\u201d, \u201cNavegando por arquivos e acervos &#8211; Introdu\u00e7\u00e3o \u00e0 pesquisa audiovisual\u201d, \u201cMarketing digital: o uso das redes sociais na estrat\u00e9gia de marketing\u201d, \u201cIntelig\u00eancia digital: arte e pedagogias, riscos e possibilidades\u201d, \u201cCinema comunit\u00e1rio e educa\u00e7\u00e3o popular na Am\u00e9rica Latina\u201d e \u201cFilmar territ\u00f3rios: deslocar-se\u201d.<\/p>\n\n\n\n<p>Ao todo ser\u00e3o oferecidas&nbsp;<strong>360 vagas<\/strong>&nbsp;para as atividades formativas que contam com instrutores, mediadores e convidados refer\u00eancia em suas respectivas \u00e1reas de atua\u00e7\u00e3o. Dentre ele est\u00e3o o&nbsp;<strong>professor de Intelig\u00eancia Artificial e Humanidades da Universidade de Amsterd\u00e3<\/strong>,<strong>&nbsp;Tobias Blanke; a<\/strong><strong>&nbsp;cineasta e fot\u00f3grafa equatoriana, Alexandra Cuesta, e&nbsp;<\/strong>a&nbsp;<strong>educadora popular e facilitadora pedag\u00f3gica colombiana, CarolinaDoradoLozano.<\/strong><\/p>\n\n\n\n<p>Al\u00e9m de debates, encontros e di\u00e1logos, o evento vai promover seis oficinas, dois workshops e quatro masterclasses gratuitos com o intuito de investir na forma\u00e7\u00e3o atrav\u00e9s de um programa de qualifica\u00e7\u00e3o<\/p>\n\n\n\n<p><strong>SESS\u00c3O CINE-ESCOLA&nbsp;<\/strong><\/p>\n\n\n\n<p>A CineOP \u2013 Mostra de Cinema de Ouro Preto leva o universo cinematogr\u00e1fico para mais perto de crian\u00e7as, adolescentes e educadores da rede p\u00fablica de Ouro Preto atrav\u00e9s da realiza\u00e7\u00e3o do programa&nbsp;<strong>Cine-Express\u00e3o &#8211; A Escola vai ao cinema<\/strong>&nbsp;que oferece uma&nbsp;&nbsp;programa\u00e7\u00e3o gratuita que prop\u00f5e criar um espa\u00e7o de aprendizado entre estudantes, unindo cinema e educa\u00e7\u00e3o. com oferta de&nbsp;<strong>7 (sete) sess\u00f5es de cinema seguidas de debates, elabora\u00e7\u00e3o de material did\u00e1tico para trabalhar os filmes na sala de aula e lan\u00e7amento de livros<\/strong>.<\/p>\n\n\n\n<p>As sess\u00f5es Cine-Escola s\u00e3o pensadas para faixas et\u00e1rias espec\u00edficas &#8211; 5 a 7 anos, de 8 a 10 anos, de 11 a 13 anos e a partir de 14 anos, seguidas de cine-debates ap\u00f3s a sess\u00e3o com o prop\u00f3sito de usar o cinema como ferramenta pedag\u00f3gica e beneficiar com as escolas de Ouro Preto e regi\u00e3o.&nbsp;&nbsp;Os filmes foram selecionados pela curadora Ramina El Shadai e t\u00eam o potencial de revelar percep\u00e7\u00f5es e despertar sensa\u00e7\u00f5es e conex\u00f5es.&nbsp;<\/p>\n\n\n\n<p>Mais de&nbsp;<strong>3.000 alunos foram inscritos<\/strong>&nbsp;para participar das sess\u00f5es cine-escolas que acontecem nos dias 21, 22, 23 e 26 de junho, sempre \u00e0s 8 e 14 horas, no Cine-Teatro. As escolas participantes recebem material did\u00e1tico elaborado exclusivamente para o evento visando explorar as hist\u00f3rias e tem\u00e1ticas abordadas em cada filme.<\/p>\n\n\n\n<p><strong>MOSTRINHA<\/strong><\/p>\n\n\n\n<p>Para a crian\u00e7ada, a CineOP realiza a Mostrinha de Cinema que ter\u00e1 uma sess\u00e3o especial&nbsp;&nbsp;inclusiva que oferece as tr\u00eas medidas de acessibilidade ( legendagem descritiva, libras e audiodescri\u00e7\u00e3o)&nbsp;&nbsp;agendada para o dia 25 de junho, domingo, \u00e0s 15h30, com a exibi\u00e7\u00e3o da anima\u00e7\u00e3o a &#8220;Ilha dos Il\u00fas&#8221;, produ\u00e7\u00e3o de Goi\u00e1s, dirigida por Paulo GC Miranda.<\/p>\n\n\n\n<p>Onde estavam os animais antes de nascerem? Porque j\u00e1 nascem sabendo tantas coisas? A resposta est\u00e1 na&nbsp;<strong><em>Ilha dos Il\u00fas<\/em><\/strong>, lugar aonde ficam os animais antes de virem ao mundo. L\u00e1 todos come\u00e7am na forma de um \u201cIl\u00fa\u201d, um pequeno ser et\u00e9reo e feliz. Depois de um tempo v\u00e3o para a CASA DE ENTREGA para embarcar para a vida terrestre na forma de algum animal.<\/p>\n\n\n\n<p><strong>ARTE POR TODA PARTE + FESTA JUNINA&nbsp;<\/strong><\/p>\n\n\n\n<p>Repetindo a bem-sucedida parceria cultural com o Sesc em Minas, a programa\u00e7\u00e3o art\u00edstica da CineOP vai acontecer&nbsp;<strong>Sesc Cine-Lounge Show<\/strong>&nbsp;que ser\u00e1 instalado no Centro de Artes e Conven\u00e7\u00f5es e se estabelece como um espa\u00e7o de m\u00faltiplas e amplas possibilidades de encontro, entretenimento e di\u00e1logo do cinema com as outras artes.&nbsp;<\/p>\n\n\n\n<p>Al\u00e9m do tradicional Cortejo da Arte que percorre as ruas tricenten\u00e1rias de Ouro Preto, no dia 24 de junho, s\u00e1bado, \u00e0s 11h30, com sa\u00edda da Pra\u00e7a Tiradentes, o p\u00fablico vai poder curtir v\u00e1rias atra\u00e7\u00f5es &#8211;&nbsp;&nbsp;performances, Djs, shows que prometem agitar as noites ouropretanas e valorizar grupos locais, al\u00e9m de artistas de destaque na cena mineira que se relacionam com as tem\u00e1ticas e debates propostos.<\/p>\n\n\n\n<p>E, pelo segundo ano consecutivo, vai ter a&nbsp;<strong>&#8220;Festa Junina da CineOP&#8221;<\/strong>&nbsp;&nbsp;que ser\u00e1 promovida no domingo, dia 25 de junho, a partir das 18horas, no Centro de Conven\u00e7\u00f5es como parte da programa\u00e7\u00e3o da Mostra Valores e vai reunir tr\u00eas quadrilhas da cidade que vai fazer todo mundo dan\u00e7ar. Tem barraquinhas de comes e bebes, brincadeiras e, claro, muita m\u00fasica e anima\u00e7\u00e3o para reunir toda fam\u00edlia.<\/p>\n\n\n\n<p><strong>SOBRE A 18a CINEOP<\/strong><\/p>\n\n\n\n<p>Durante seis dias de evento, o p\u00fablico ter\u00e1 oportunidade de vivenciar um conte\u00fado in\u00e9dito, descobrir novas tend\u00eancias, assistir aos filmes, curtir atra\u00e7\u00f5es art\u00edsticas, trocar experi\u00eancias com importantes nomes da cena cultural, do audiovisual, da preserva\u00e7\u00e3o e da educa\u00e7\u00e3o, participar do programa de forma\u00e7\u00e3o e debates tem\u00e1ticos de forma gratuita.&nbsp;<\/p>\n\n\n\n<p>ABERTURA OFICIAL&nbsp;<\/p>\n\n\n\n<p>EXIBI\u00c7\u00c3O DE FILMES &#8211; LONGAS, M\u00c9DIAS E CURTAS<\/p>\n\n\n\n<p>PR\u00c9-ESTREIAS E MOSTRAS TEM\u00c1TICAS<\/p>\n\n\n\n<p>HOMENAGEM<\/p>\n\n\n\n<p>MOSTRINHA&nbsp;<\/p>\n\n\n\n<p>MOSTRA VALORES<\/p>\n\n\n\n<p>SESS\u00d5ES CINE-ESCOLA<\/p>\n\n\n\n<p>18<sup>o<\/sup>&nbsp;ENCONTRO NACIONAL DE ARQUIVOS E ACERVOS AUDIOVISUAIS BRASILEIROS<\/p>\n\n\n\n<p>ENCONTRO DA EDUCA\u00c7\u00c3O: XV F\u00d3RUM DA REDE KINO<\/p>\n\n\n\n<p>DEBATES, DI\u00c1LOGOS E RODAS DE CONVERSA<\/p>\n\n\n\n<p>OFICINAS<\/p>\n\n\n\n<p>MASTERCLASSES INTERNACIONAIS<\/p>\n\n\n\n<p>PERFORMANCE AUDIOVISUAL<\/p>\n\n\n\n<p>EXPOSI\u00c7\u00c3O<\/p>\n\n\n\n<p>LAN\u00c7AMENTO DE LIVROS<\/p>\n\n\n\n<p>CORTEJO DA ARTE<\/p>\n\n\n\n<p>SHOWS\u00a0<\/p>\n\n\n\n<p><br>Acompanhe o programa Cinema Sem Fronteiras 2023.<\/p>\n\n\n\n<p>Participe da&nbsp;<strong>Campanha #Eufa\u00e7oaMostra<\/strong><\/p>\n\n\n\n<p>Na Web:&nbsp;<a href=\"http:\/\/www.cineop.com.br\/\" target=\"_blank\" rel=\"noreferrer noopener\">www.cineop.com.br<\/a>&nbsp;\/&nbsp;<a href=\"http:\/\/www.universoproducao.com.br\/\" target=\"_blank\" rel=\"noreferrer noopener\">www.universoproducao.com.br<\/a><\/p>\n\n\n\n<p>No Instagram:&nbsp;@universoproducao<\/p>\n\n\n\n<p>No YouTube:&nbsp;Universo Produ\u00e7\u00e3o<\/p>\n\n\n\n<p>No Twitter:&nbsp;@universoprod<\/p>\n\n\n\n<p>No Facebook:&nbsp;cineop&nbsp;\/&nbsp;universoproducao<\/p>\n\n\n\n<p>No LinkedIn:&nbsp;universo-produ\u00e7\u00e3o<\/p>\n\n\n\n<p><strong>SERVI\u00c7O<\/strong><\/p>\n\n\n\n<p><strong>18\u00aa CINEOP &#8211; MOSTRA DE CINEMA DE OURO PRETO<\/strong><strong>&nbsp;|&nbsp;<\/strong><strong>21 A 26 DE JUNHO DE 2023 | PRESENCIAL E ONLINE&nbsp;<\/strong><\/p>\n\n\n\n<p><strong><a href=\"http:\/\/www.cineop.com.br\/\" target=\"_blank\" rel=\"noreferrer noopener\">WWW.CINEOP.COM.BR<\/a><\/strong><\/p>\n\n\n\n<p><strong>LEI FEDERAL DE INCENTIVO \u00c0 CULTURA<\/strong><\/p>\n\n\n\n<p><strong>LEI ESTADUAL DE INCENTIVO \u00c0 CULTURA<br><\/strong>Patroc\u00ednio M\u00e1ster:&nbsp;<strong>Instituto Cultural Vale<\/strong><\/p>\n\n\n\n<p>Patroc\u00ednio:<strong>&nbsp;Ita\u00fa, Cemig\/Governo de Minas Gerais<br><\/strong>Parceria Cultural e Educacional:<strong>&nbsp;Universidade Federal de Ouro Preto, Sistema Fecom\u00e9rcio MG Sesc&nbsp;&nbsp;Senac Sindicatos Empresariais,&nbsp;&nbsp;Instituto Universo Cultural<\/strong><\/p>\n\n\n\n<p>Apoio:<strong>&nbsp;Prefeitura de Ouro Preto e Casa da Mostra<br><\/strong>Idealiza\u00e7\u00e3o e realiza\u00e7\u00e3o:&nbsp;<strong>Universo Produ\u00e7\u00e3o<br>&nbsp;SECRETARIA DE ESTADO DE CULTURA E TURISMO DE MINAS GERAIS<br>MINIST\u00c9RIO DA CULTURA\/GOVERNO FEDERAL\/ UNI\u00c3O E RECONSTRU\u00c7\u00c3O<\/strong><\/p>\n","protected":false},"excerpt":{"rendered":"<p>18\u00aa CINEOP<\/p>\n","protected":false},"author":1,"featured_media":528,"comment_status":"open","ping_status":"open","sticky":false,"template":"","format":"standard","meta":{"footnotes":"","_jetpack_memberships_contains_paid_content":false,"jetpack_publicize_message":"","jetpack_publicize_feature_enabled":true,"jetpack_social_post_already_shared":true,"jetpack_social_options":{"image_generator_settings":{"template":"highway","enabled":false}}},"categories":[1],"tags":[],"jetpack_publicize_connections":[],"views":4128,"jetpack_sharing_enabled":true,"jetpack_featured_media_url":"https:\/\/i0.wp.com\/portalinconfidentes.com.br\/wp-content\/uploads\/2023\/06\/tornado.jpg?fit=800%2C533&ssl=1","_links":{"self":[{"href":"https:\/\/portalinconfidentes.com.br\/index.php\/wp-json\/wp\/v2\/posts\/527"}],"collection":[{"href":"https:\/\/portalinconfidentes.com.br\/index.php\/wp-json\/wp\/v2\/posts"}],"about":[{"href":"https:\/\/portalinconfidentes.com.br\/index.php\/wp-json\/wp\/v2\/types\/post"}],"author":[{"embeddable":true,"href":"https:\/\/portalinconfidentes.com.br\/index.php\/wp-json\/wp\/v2\/users\/1"}],"replies":[{"embeddable":true,"href":"https:\/\/portalinconfidentes.com.br\/index.php\/wp-json\/wp\/v2\/comments?post=527"}],"version-history":[{"count":1,"href":"https:\/\/portalinconfidentes.com.br\/index.php\/wp-json\/wp\/v2\/posts\/527\/revisions"}],"predecessor-version":[{"id":529,"href":"https:\/\/portalinconfidentes.com.br\/index.php\/wp-json\/wp\/v2\/posts\/527\/revisions\/529"}],"wp:featuredmedia":[{"embeddable":true,"href":"https:\/\/portalinconfidentes.com.br\/index.php\/wp-json\/wp\/v2\/media\/528"}],"wp:attachment":[{"href":"https:\/\/portalinconfidentes.com.br\/index.php\/wp-json\/wp\/v2\/media?parent=527"}],"wp:term":[{"taxonomy":"category","embeddable":true,"href":"https:\/\/portalinconfidentes.com.br\/index.php\/wp-json\/wp\/v2\/categories?post=527"},{"taxonomy":"post_tag","embeddable":true,"href":"https:\/\/portalinconfidentes.com.br\/index.php\/wp-json\/wp\/v2\/tags?post=527"}],"curies":[{"name":"wp","href":"https:\/\/api.w.org\/{rel}","templated":true}]}}