{"id":517,"date":"2023-05-30T20:58:52","date_gmt":"2023-05-30T23:58:52","guid":{"rendered":"https:\/\/portalinconfidentes.com.br\/?p=517"},"modified":"2023-05-30T20:58:52","modified_gmt":"2023-05-30T23:58:52","slug":"prefeitura-de-mariana-promove-a-semana-do-meio-ambiente-2023-solucoes-para-a-poluicao-plastica","status":"publish","type":"post","link":"https:\/\/portalinconfidentes.com.br\/index.php\/2023\/05\/30\/prefeitura-de-mariana-promove-a-semana-do-meio-ambiente-2023-solucoes-para-a-poluicao-plastica\/","title":{"rendered":"Prefeitura de Mariana promove a Semana do Meio Ambiente &#8211; 2023: \u201cSolu\u00e7\u00f5es para a polui\u00e7\u00e3o pl\u00e1stica\u201d"},"content":{"rendered":"\n<p><em>Por Larissa Flauzino<\/em><\/p>\n\n\n\n<p>O Dia Mundial do Meio Ambiente \u00e9 comemorado em 05 de junho, e foi institu\u00eddo em 1972 durante a Confer\u00eancia das Na\u00e7\u00f5es Unidas, a principal autoridade global respons\u00e1vel pela preserva\u00e7\u00e3o do meio ambiente. A data possui o objetivo de conscientizar a popula\u00e7\u00e3o sobre os impactos causados pelas a\u00e7\u00f5es humanas e formas de reduzi-las, al\u00e9m de ampliar a discuss\u00e3o das a\u00e7\u00f5es realizadas durante todo o ano.<\/p>\n\n\n\n<p>Em Mariana, a Prefeitura Municipal, por meio da Secretaria de Meio Ambiente, comemora a Semana do Meio Ambiente, com diversas atividades que s\u00e3o realizadas durante cinco dias. Em 2023 acontecer\u00e3o eventos tanto na cidade quanto nos distritos, visando a realiza\u00e7\u00e3o de movimentos socioeducativos para crian\u00e7as e para toda a comunidade. A semana do Meio Ambiente deste ano ter\u00e1 o tema: \u201cSolu\u00e7\u00f5es para a polui\u00e7\u00e3o pl\u00e1stica\u201d, e acontecer\u00e1 do dia 02 a 07 de Junho.<\/p>\n\n\n\n<p><strong>CONFIRA A PROGRAMA\u00c7\u00c3O:&nbsp;&nbsp;<\/strong><\/p>\n\n\n\n<p><strong>Data: 02\/06 (sexta- feira)<\/strong><\/p>\n\n\n\n<p><strong>Programa\u00e7\u00e3o:&nbsp;<\/strong>Caminhada e piquenique at\u00e9 a fazenda Catapreta<\/p>\n\n\n\n<p><strong>Hor\u00e1rio:<\/strong>&nbsp;08 horas<\/p>\n\n\n\n<p><strong>Local:&nbsp;<\/strong>Distrito de Santa Rita Dur\u00e3o&nbsp;<\/p>\n\n\n\n<p><strong>P\u00fablico:&nbsp;<\/strong>Alunos do Ensino Fundamental II<\/p>\n\n\n\n<p><strong>Programa\u00e7\u00e3o:<\/strong>&nbsp;Retorno na pra\u00e7a de Santa Rita, em frente \u00e0 escola, rua de lazer, oficinas, conta\u00e7\u00e3o de hist\u00f3ria e esquete teatral&nbsp;<\/p>\n\n\n\n<p><strong>Hor\u00e1rio:<\/strong>&nbsp;09h30&nbsp;<\/p>\n\n\n\n<p><strong>P\u00fablico:&nbsp;<\/strong>Alunos do Ensino Fundamental I.<\/p>\n\n\n\n<p><em>Apoio RENOVA; VALE e Equipe SEMMADS<\/em><\/p>\n\n\n\n<p><strong>04\/06 (DOMINGO)&nbsp;<\/strong><\/p>\n\n\n\n<p><strong>Programa\u00e7\u00e3o:<\/strong><\/p>\n\n\n\n<ul>\n<li>Oficina de manejo de res\u00edduos (reutiliza\u00e7\u00e3o de materiais)&nbsp;<\/li>\n\n\n\n<li>Interven\u00e7\u00e3o teatral sobre o tema meio ambiente com a palha\u00e7a Jojoba;&nbsp;<\/li>\n\n\n\n<li>Palestra com representante da CAMAR sobre coleta seletiva e a presen\u00e7a de um Gari para falar sobre a coleta de res\u00edduos e cuidados necess\u00e1rios com o acondicionamento de res\u00edduos,&nbsp;<\/li>\n\n\n\n<li>Oficinas com os quatro elementos da natureza (Terra, Ar, Fogo, \u00c1gua );<\/li>\n\n\n\n<li>Bate-papo com comunidades distritais para falar sobre coleta seletiva e disposi\u00e7\u00e3o de res\u00edduos.<\/li>\n<\/ul>\n\n\n\n<p><strong>Hor\u00e1rio:<\/strong>&nbsp;10h \u00e0s 16h&nbsp;<\/p>\n\n\n\n<p><strong>Local:<\/strong>&nbsp;Pra\u00e7a Gomes Freire (Jardim):&nbsp;<\/p>\n\n\n\n<p><em>Apoio: RENOVA e Equipe SEMMADS<\/em><\/p>\n\n\n\n<p><strong>05\/06 (SEGUNDA-FEIRA)<\/strong><\/p>\n\n\n\n<p><strong>Programa\u00e7\u00e3o:&nbsp;<\/strong><\/p>\n\n\n\n<ul>\n<li>Oficina de gastronomia (reaproveitamento de alimentos);&nbsp;<\/li>\n\n\n\n<li>Oficina de Compostagem;&nbsp;<\/li>\n\n\n\n<li>Projeto \u201cVem Plantar\u201d com plantio de sementes de alimentos na horta da escola.&nbsp;<\/li>\n<\/ul>\n\n\n\n<p><strong>Hor\u00e1rio:<\/strong>&nbsp;08 horas<\/p>\n\n\n\n<p><strong>Local:<\/strong>&nbsp;Escola Morro de Santana&nbsp;<\/p>\n\n\n\n<p><strong>P\u00fablico:&nbsp;<\/strong>Alunos do Ensino Fundamental I<\/p>\n\n\n\n<p><strong>Programa\u00e7\u00e3o<\/strong>:<\/p>\n\n\n\n<ul>\n<li>Oficina de gastronomia (reaproveitamento de alimentos);&nbsp;<\/li>\n\n\n\n<li>Oficina de Compostagem;<\/li>\n\n\n\n<li>Projeto \u201cVem Plantar\u201d com plantio de sementes de alimentos na horta da escola.&nbsp;<\/li>\n<\/ul>\n\n\n\n<p><strong>Hor\u00e1rio:&nbsp;<\/strong>13 horas<\/p>\n\n\n\n<p><strong>Local:&nbsp;<\/strong>Escola Morro de Santana<\/p>\n\n\n\n<p><strong>P\u00fablico:&nbsp;<\/strong>Alunos do Ensino Fundamental II<\/p>\n\n\n\n<p><strong>05\/06 (SEGUNDA-FEIRA)<\/strong><\/p>\n\n\n\n<p><strong>Programa\u00e7\u00e3o:<\/strong>&nbsp;Blitz Educativa, com distribui\u00e7\u00e3o de material informativo sobre preserva\u00e7\u00e3o, sacolinhas (lixocar) e sementes<\/p>\n\n\n\n<p><strong>Local:&nbsp;<\/strong>Porta do Centro de Conven\u00e7\u00f5es&nbsp;<\/p>\n\n\n\n<p><strong>Hor\u00e1rio:<\/strong>&nbsp;09h \u00e0s 11h&nbsp;<\/p>\n\n\n\n<p><em>Apoio: RENOVA; Equipe SEMMADS e Guarda Ambiental\/ Municipal e VIX log\u00edstica<\/em><\/p>\n\n\n\n<p><strong>06\/06 (TER\u00c7A-FEIRA)<\/strong><\/p>\n\n\n\n<p><strong>Local:<\/strong>&nbsp;Escola Municipal Wilson Pimenta&nbsp;<\/p>\n\n\n\n<p><strong>Hor\u00e1rio:&nbsp;<\/strong>08 horas<\/p>\n\n\n\n<p><strong>P\u00fablico:<\/strong>&nbsp;Alunos do Ensino Fundamental l<\/p>\n\n\n\n<p><strong>Programa\u00e7\u00e3o:&nbsp;<\/strong>Esquete teatral duelo entre mosquit\u00e3o do bem x Mosquit\u00e3o do mal<\/p>\n\n\n\n<p><strong>Hor\u00e1rio:&nbsp;<\/strong>13 horas<\/p>\n\n\n\n<p><strong>P\u00fablico:&nbsp;<\/strong>Alunos do Ensino Fundamental l<\/p>\n\n\n\n<p><strong>Programa\u00e7\u00e3o:&nbsp;<\/strong><\/p>\n\n\n\n<ul>\n<li>Esquete teatral duelo entre o mosquit\u00e3o do bem x mosquit\u00e3o do mal.&nbsp;<\/li>\n<\/ul>\n\n\n\n<p><em>Apoio: RENOVA, equipe SEMMADS&nbsp;<\/em><\/p>\n\n\n\n<p><strong>07\/06 (QUARTA-FEIRA)<\/strong><\/p>\n\n\n\n<p><strong>Programa\u00e7\u00e3o:<\/strong>&nbsp;Visita ao Aterro Sanit\u00e1rio<\/p>\n\n\n\n<p><strong>Hor\u00e1rio:&nbsp;<\/strong>14 horas<\/p>\n\n\n\n<p><strong>P\u00fablico:&nbsp;<\/strong>Alunos da Faculdade de Filosofia Dom Luciano Mendes<\/p>\n\n\n\n<p><strong>Temas:&nbsp;<\/strong><\/p>\n\n\n\n<ul>\n<li>A import\u00e2ncia da destina\u00e7\u00e3o consciente de res\u00edduos para preserva\u00e7\u00e3o ambiental;<\/li>\n\n\n\n<li>A amplia\u00e7\u00e3o da vida \u00fatil do aterro sanit\u00e1rio, gera\u00e7\u00e3o de emprego e renda (coleta seletiva);<\/li>\n\n\n\n<li>Valoriza\u00e7\u00e3o e reconhecimento do catador como um agente da preserva\u00e7\u00e3o ambiental.&nbsp;<\/li>\n<\/ul>\n\n\n\n<p><em>Apoio: RENOVA e Equipe SEMMADS<\/em><\/p>\n","protected":false},"excerpt":{"rendered":"<p>Semana do Meio Ambiente<\/p>\n","protected":false},"author":1,"featured_media":518,"comment_status":"open","ping_status":"open","sticky":false,"template":"","format":"standard","meta":{"footnotes":"","_jetpack_memberships_contains_paid_content":false,"jetpack_publicize_message":"","jetpack_publicize_feature_enabled":true,"jetpack_social_post_already_shared":true,"jetpack_social_options":{"image_generator_settings":{"template":"highway","enabled":false}}},"categories":[1],"tags":[],"jetpack_publicize_connections":[],"views":3907,"jetpack_sharing_enabled":true,"jetpack_featured_media_url":"https:\/\/i0.wp.com\/portalinconfidentes.com.br\/wp-content\/uploads\/2023\/05\/meio-amb.jpg?fit=800%2C533&ssl=1","_links":{"self":[{"href":"https:\/\/portalinconfidentes.com.br\/index.php\/wp-json\/wp\/v2\/posts\/517"}],"collection":[{"href":"https:\/\/portalinconfidentes.com.br\/index.php\/wp-json\/wp\/v2\/posts"}],"about":[{"href":"https:\/\/portalinconfidentes.com.br\/index.php\/wp-json\/wp\/v2\/types\/post"}],"author":[{"embeddable":true,"href":"https:\/\/portalinconfidentes.com.br\/index.php\/wp-json\/wp\/v2\/users\/1"}],"replies":[{"embeddable":true,"href":"https:\/\/portalinconfidentes.com.br\/index.php\/wp-json\/wp\/v2\/comments?post=517"}],"version-history":[{"count":1,"href":"https:\/\/portalinconfidentes.com.br\/index.php\/wp-json\/wp\/v2\/posts\/517\/revisions"}],"predecessor-version":[{"id":519,"href":"https:\/\/portalinconfidentes.com.br\/index.php\/wp-json\/wp\/v2\/posts\/517\/revisions\/519"}],"wp:featuredmedia":[{"embeddable":true,"href":"https:\/\/portalinconfidentes.com.br\/index.php\/wp-json\/wp\/v2\/media\/518"}],"wp:attachment":[{"href":"https:\/\/portalinconfidentes.com.br\/index.php\/wp-json\/wp\/v2\/media?parent=517"}],"wp:term":[{"taxonomy":"category","embeddable":true,"href":"https:\/\/portalinconfidentes.com.br\/index.php\/wp-json\/wp\/v2\/categories?post=517"},{"taxonomy":"post_tag","embeddable":true,"href":"https:\/\/portalinconfidentes.com.br\/index.php\/wp-json\/wp\/v2\/tags?post=517"}],"curies":[{"name":"wp","href":"https:\/\/api.w.org\/{rel}","templated":true}]}}