{"id":508,"date":"2023-05-30T20:45:48","date_gmt":"2023-05-30T23:45:48","guid":{"rendered":"https:\/\/portalinconfidentes.com.br\/?p=508"},"modified":"2023-05-30T20:45:48","modified_gmt":"2023-05-30T23:45:48","slug":"cras-cabanas-itinerante-promocao-prevencao-e-lazer-para-a-comunidade","status":"publish","type":"post","link":"https:\/\/portalinconfidentes.com.br\/index.php\/2023\/05\/30\/cras-cabanas-itinerante-promocao-prevencao-e-lazer-para-a-comunidade\/","title":{"rendered":"\u201cCRAS Cabanas Itinerante: promo\u00e7\u00e3o, preven\u00e7\u00e3o e lazer para a comunidade\u201d"},"content":{"rendered":"\n<p><em>Por Evelin Almeida&nbsp;<\/em><\/p>\n\n\n\n<p>Promo\u00e7\u00e3o, preven\u00e7\u00e3o e lazer para a comunidade! No dia 03 de junho a Prefeitura de Mariana, por meio da Secretaria de Desenvolvimento Social e Cidadania, ir\u00e1 promover o evento organizado por interm\u00e9dio do CRAS Cabanas. O encontro acontecer\u00e1 na Arena Badar\u00f3, de 08 \u00e0s 16h, com oferta de servi\u00e7os, trabalho preventivo, cultura e lazer para moradores do territ\u00f3rio que o CRAS Cabanas est\u00e1 inserido (Cabanas, Santa Rita de C\u00e1ssia, Santa Clara, S\u00e3o Jos\u00e9, Cartucha e Vale Verde).&nbsp;<\/p>\n\n\n\n<p>Buscando sempre aprimorar o trabalho desenvolvido pela unidade do CRAS Cabanas para a popula\u00e7\u00e3o, a a\u00e7\u00e3o ser\u00e1 feita com o objetivo de: ampliar a capacidade de atendimento das demandas relacionadas \u00e0 documenta\u00e7\u00e3o civil; realizar a busca ativa da popula\u00e7\u00e3o em situa\u00e7\u00e3o de vulnerabilidade social \u00e0 documenta\u00e7\u00e3o b\u00e1sica; potencializar o trabalho de preven\u00e7\u00e3o e fortalecer os v\u00ednculos do equipamento no territ\u00f3rio.&nbsp;<\/p>\n\n\n\n<p>O Centro de Refer\u00eancia de Assist\u00eancia Social (CRAS) \u00e9 respons\u00e1vel pela organiza\u00e7\u00e3o e oferta dos servi\u00e7os socioassistenciais da Prote\u00e7\u00e3o Social B\u00e1sica do Sistema \u00danico de Assist\u00eancia Social (SUAS) nas \u00e1reas de vulnerabilidade e risco social. Dentre os servi\u00e7os ofertados, possuir toda a documenta\u00e7\u00e3o civil b\u00e1sica completa \u00e9 a principal forma de acesso e conquista dos benef\u00edcios que o CRAS assegura.&nbsp;<\/p>\n\n\n\n<p>O evento contemplar\u00e1 tr\u00eas linhas de a\u00e7\u00e3o: oferta de servi\u00e7os; trabalho preventivo; cultura e lazer. Confira a programa\u00e7\u00e3o completa:<\/p>\n\n\n\n<p><strong>SERVI\u00c7OS OFERECIDOS<\/strong><\/p>\n\n\n\n<p><strong>CAC &#8211; Centro de Atendimento ao Cidad\u00e3o<\/strong><\/p>\n\n\n\n<ul>\n<li>Emiss\u00e3o de Identidade 1\u00aa e 2\u00aa vias, modo off-line.&nbsp;<\/li>\n\n\n\n<li><em>Hor\u00e1rio: 08h \u00e0s 16h&nbsp;<\/em><\/li>\n<\/ul>\n\n\n\n<p><strong>Cart\u00f3rio Eleitoral&nbsp;<\/strong><\/p>\n\n\n\n<ul>\n<li>Alistamento; revis\u00e3o, transfer\u00eancia e emiss\u00e3o de 2\u00aa via de t\u00edtulo de eleitor;&nbsp;<\/li>\n\n\n\n<li>Pagamento de multa eleitoral atrav\u00e9s de Pix, para regulariza\u00e7\u00e3o da situa\u00e7\u00e3o eleitoral;&nbsp;<\/li>\n\n\n\n<li>Impress\u00e3o de multa eleitoral para pagamento posterior.&nbsp;<\/li>\n\n\n\n<li><em>Hor\u00e1rio: 08:00 \u00e0s 12:00<\/em><\/li>\n<\/ul>\n\n\n\n<p><strong>Fotos 3&#215;4 para emiss\u00e3o de identidades.<\/strong><\/p>\n\n\n\n<ul>\n<li><em>Hor\u00e1rio: 08h \u00e0s 14h&nbsp;<\/em><\/li>\n<\/ul>\n\n\n\n<p><strong>Promo\u00e7\u00e3o de Empregos<\/strong><\/p>\n\n\n\n<ul>\n<li>Atendimento ao MEI;&nbsp;<\/li>\n\n\n\n<li>Atendimento TOTEM \u201cEmprega + Mariana\u201d para abertura, altera\u00e7\u00e3o, consulta de d\u00e9bitos e cadastramento de curr\u00edculos.&nbsp;<\/li>\n\n\n\n<li><em>Hor\u00e1rio: 08h \u00e0s 14h&nbsp;<\/em><\/li>\n<\/ul>\n\n\n\n<p><strong>Cadastro \u00danico<\/strong><\/p>\n\n\n\n<ul>\n<li>Consulta de informa\u00e7\u00f5es sobre o programa Bolsa Fam\u00edlia;&nbsp;<\/li>\n\n\n\n<li>Emiss\u00e3o do comprovante de cadastramento;&nbsp;<\/li>\n\n\n\n<li>Distribui\u00e7\u00f5es de folders com informa\u00e7\u00f5es do cadastro \u00fanico e do Programa Bolsa Fam\u00edlia.&nbsp;<\/li>\n\n\n\n<li><em>Hor\u00e1rio: 08h \u00e0s 14h&nbsp;<\/em><\/li>\n<\/ul>\n\n\n\n<p><strong>TRABALHO PREVENTIVO<\/strong><\/p>\n\n\n\n<p><strong>Meio Ambiente&nbsp;<\/strong><\/p>\n\n\n\n<ul>\n<li>Divulga\u00e7\u00e3o e conscientiza\u00e7\u00e3o sobre coleta seletiva.&nbsp;<\/li>\n\n\n\n<li><em>Hor\u00e1rio: 08h \u00e0s 14h<\/em><\/li>\n<\/ul>\n\n\n\n<p><strong>Sa\u00fade Aten\u00e7\u00e3o Prim\u00e1ria&nbsp;<\/strong><\/p>\n\n\n\n<ul>\n<li>Aferi\u00e7\u00e3o de press\u00e3o e glicemia;&nbsp;<\/li>\n\n\n\n<li>Atualiza\u00e7\u00e3o de cadastro SUS;&nbsp;<\/li>\n\n\n\n<li>Cadastramento de moradores do bairro que n\u00e3o est\u00e3o cadastrados na UBS.&nbsp;<\/li>\n\n\n\n<li><em>Hor\u00e1rio: 08h \u00e0s 14h&nbsp;<\/em><\/li>\n<\/ul>\n\n\n\n<p><strong>Sa\u00fade CAPS&nbsp;<\/strong><\/p>\n\n\n\n<ul>\n<li>A\u00e7\u00e3o educativa sobre redu\u00e7\u00e3o de danos;&nbsp;<\/li>\n\n\n\n<li>Panfletagem sobre o funcionamento do servi\u00e7o.&nbsp;<\/li>\n\n\n\n<li><em>Hor\u00e1rio: 08h \u00e0s 14h&nbsp;<\/em><\/li>\n<\/ul>\n\n\n\n<p><strong>Sa\u00fade Casa Azul e Casa Rosa&nbsp;<\/strong><\/p>\n\n\n\n<ul>\n<li>Campanha de conscientiza\u00e7\u00e3o para a sa\u00fade feminina e masculina;&nbsp;<\/li>\n\n\n\n<li>Distribui\u00e7\u00e3o dos fluxos de atendimentos;&nbsp;&nbsp;<\/li>\n\n\n\n<li>Orienta\u00e7\u00e3o sobre risco cardiovascular do paciente homem;&nbsp;<\/li>\n\n\n\n<li>C\u00e1lculo do IMC.<\/li>\n\n\n\n<li><em>Hor\u00e1rio: 08h \u00e0s 14h&nbsp;<\/em><\/li>\n<\/ul>\n\n\n\n<p><strong>Vigil\u00e2ncia em Sa\u00fade&nbsp;<\/strong><\/p>\n\n\n\n<ul>\n<li>Testes r\u00e1pidos de doen\u00e7as infectocontagiosas;&nbsp;<\/li>\n\n\n\n<li>A\u00e7\u00e3o de ado\u00e7\u00e3o de animais;&nbsp;<\/li>\n\n\n\n<li>Campanha contra a dengue;&nbsp;<\/li>\n\n\n\n<li>A\u00e7\u00e3o educativa sobre animais pe\u00e7onhentos.&nbsp;<\/li>\n\n\n\n<li><em>Hor\u00e1rio: 08h \u00e0s 14h&nbsp;<\/em><\/li>\n<\/ul>\n\n\n\n<p><strong>CRAS Cabanas<\/strong><\/p>\n\n\n\n<ul>\n<li>Acolhida e orienta\u00e7\u00f5es sobre o equipamento;&nbsp;<\/li>\n\n\n\n<li>Atendimentos pontuais na van;&nbsp;<\/li>\n\n\n\n<li>Divulga\u00e7\u00e3o dos servi\u00e7os oferecidos;&nbsp;<\/li>\n\n\n\n<li>Conscientiza\u00e7\u00e3o sobre a import\u00e2ncia da documenta\u00e7\u00e3o e sua conserva\u00e7\u00e3o.<\/li>\n\n\n\n<li><em>Hor\u00e1rio: 08h \u00e0s 16h&nbsp;<\/em><\/li>\n<\/ul>\n\n\n\n<p><strong>CREAS<\/strong><\/p>\n\n\n\n<ul>\n<li>Material de divulga\u00e7\u00e3o das campanhas do 18 de maio e 12 de junho.&nbsp;<\/li>\n\n\n\n<li><em>Hor\u00e1rio: 08h \u00e0s 13h&nbsp;<\/em><\/li>\n<\/ul>\n\n\n\n<p><strong>Fam\u00edlia Acolhedora&nbsp;<\/strong><\/p>\n\n\n\n<ul>\n<li>Divulga\u00e7\u00e3o do Servi\u00e7o de Acolhimento da Fam\u00edlia Acolhedora.&nbsp;<\/li>\n\n\n\n<li><em>Hor\u00e1rio: 08h \u00e0s 13h<\/em><\/li>\n<\/ul>\n\n\n\n<p><strong>UFOP &#8211; Universidade Federal de Ouro Preto<\/strong><\/p>\n\n\n\n<ul>\n<li>Divulga\u00e7\u00e3o dos cursos do ICSA;<\/li>\n\n\n\n<li>Pol\u00edtica de Assist\u00eancia Estudantil.<\/li>\n\n\n\n<li><em>Hor\u00e1rio: 08h \u00e0s 16h<\/em><\/li>\n<\/ul>\n\n\n\n<p><strong>Apresenta\u00e7\u00f5es Culturais<\/strong><\/p>\n\n\n\n<ul>\n<li>10h30 | Jana\u00edna Ara\u00fajo<\/li>\n\n\n\n<li>14h \u00e0s 15h | Movimento TT1 (Poesia e Rap pol\u00edtico)<\/li>\n\n\n\n<li>15h | Trio Chinelado&nbsp;<\/li>\n<\/ul>\n\n\n\n<p><strong>Seguran\u00e7a P\u00fablica&nbsp;<\/strong><\/p>\n\n\n\n<ul>\n<li>Pintura facial;&nbsp;<\/li>\n\n\n\n<li>Escultura de bal\u00f5es;&nbsp;<\/li>\n\n\n\n<li>Palestra sobre educa\u00e7\u00e3o no tr\u00e2nsito.&nbsp;<\/li>\n\n\n\n<li><em>Hor\u00e1rio: 08h \u00e0s 13h&nbsp;<\/em><\/li>\n<\/ul>\n\n\n\n<p><strong>Esporte e Lazer<\/strong><\/p>\n\n\n\n<ul>\n<li>08h30 \u00e0s 09h30 | Aula aer\u00f3bica, com Movimenta Mariana<\/li>\n\n\n\n<li>08h \u00e0s 11h | Rua de Lazer<\/li>\n<\/ul>\n\n\n\n<p><strong>CENTRO POP&nbsp;<\/strong><\/p>\n\n\n\n<ul>\n<li>Exposi\u00e7\u00e3o de artesanato;<\/li>\n\n\n\n<li>Divulga\u00e7\u00e3o do servi\u00e7o.&nbsp;<\/li>\n\n\n\n<li><em>Hor\u00e1rio: 08h \u00e0s 14h&nbsp;<\/em><\/li>\n<\/ul>\n\n\n\n<p><strong>Sal\u00e3o Escola&nbsp;<\/strong><\/p>\n\n\n\n<ul>\n<li>Tran\u00e7a raiz e penteados infantis.<\/li>\n\n\n\n<li><em>Hor\u00e1rio: 08h \u00e0s 14h<\/em><\/li>\n<\/ul>\n\n\n\n<p><strong>RecriaVida&nbsp;<\/strong><\/p>\n\n\n\n<ul>\n<li>08h \u00e0s 08h30 | Aula de Tai chi chuan<\/li>\n\n\n\n<li>09h30 \u00e0s 10h | Apresenta\u00e7\u00e3o de coral<\/li>\n<\/ul>\n\n\n\n<p><strong>CRIA&nbsp;<\/strong><\/p>\n\n\n\n<ul>\n<li>Campanha de doa\u00e7\u00e3o de livros.<\/li>\n\n\n\n<li>&nbsp;10h \u00e0s 10h30 | Apresenta\u00e7\u00f5es do CRIA<\/li>\n<\/ul>\n","protected":false},"excerpt":{"rendered":"<p>CRAS Cabanas<\/p>\n","protected":false},"author":1,"featured_media":509,"comment_status":"open","ping_status":"open","sticky":false,"template":"","format":"standard","meta":{"footnotes":"","_jetpack_memberships_contains_paid_content":false,"jetpack_publicize_message":"","jetpack_publicize_feature_enabled":true,"jetpack_social_post_already_shared":true,"jetpack_social_options":{"image_generator_settings":{"template":"highway","enabled":false}}},"categories":[1],"tags":[],"jetpack_publicize_connections":[],"views":2239,"jetpack_sharing_enabled":true,"jetpack_featured_media_url":"https:\/\/i0.wp.com\/portalinconfidentes.com.br\/wp-content\/uploads\/2023\/05\/cabanas.jpg?fit=800%2C533&ssl=1","_links":{"self":[{"href":"https:\/\/portalinconfidentes.com.br\/index.php\/wp-json\/wp\/v2\/posts\/508"}],"collection":[{"href":"https:\/\/portalinconfidentes.com.br\/index.php\/wp-json\/wp\/v2\/posts"}],"about":[{"href":"https:\/\/portalinconfidentes.com.br\/index.php\/wp-json\/wp\/v2\/types\/post"}],"author":[{"embeddable":true,"href":"https:\/\/portalinconfidentes.com.br\/index.php\/wp-json\/wp\/v2\/users\/1"}],"replies":[{"embeddable":true,"href":"https:\/\/portalinconfidentes.com.br\/index.php\/wp-json\/wp\/v2\/comments?post=508"}],"version-history":[{"count":1,"href":"https:\/\/portalinconfidentes.com.br\/index.php\/wp-json\/wp\/v2\/posts\/508\/revisions"}],"predecessor-version":[{"id":510,"href":"https:\/\/portalinconfidentes.com.br\/index.php\/wp-json\/wp\/v2\/posts\/508\/revisions\/510"}],"wp:featuredmedia":[{"embeddable":true,"href":"https:\/\/portalinconfidentes.com.br\/index.php\/wp-json\/wp\/v2\/media\/509"}],"wp:attachment":[{"href":"https:\/\/portalinconfidentes.com.br\/index.php\/wp-json\/wp\/v2\/media?parent=508"}],"wp:term":[{"taxonomy":"category","embeddable":true,"href":"https:\/\/portalinconfidentes.com.br\/index.php\/wp-json\/wp\/v2\/categories?post=508"},{"taxonomy":"post_tag","embeddable":true,"href":"https:\/\/portalinconfidentes.com.br\/index.php\/wp-json\/wp\/v2\/tags?post=508"}],"curies":[{"name":"wp","href":"https:\/\/api.w.org\/{rel}","templated":true}]}}