{"id":495,"date":"2023-05-15T20:05:29","date_gmt":"2023-05-15T23:05:29","guid":{"rendered":"https:\/\/portalinconfidentes.com.br\/?p=495"},"modified":"2023-05-15T20:05:32","modified_gmt":"2023-05-15T23:05:32","slug":"cada-um-no-seu-quadrado-prefeitura-de-mariana-alerta-sobre-as-vagas-de-estacionamento-para-idosos-e-pessoas-com-deficiencia","status":"publish","type":"post","link":"https:\/\/portalinconfidentes.com.br\/index.php\/2023\/05\/15\/cada-um-no-seu-quadrado-prefeitura-de-mariana-alerta-sobre-as-vagas-de-estacionamento-para-idosos-e-pessoas-com-deficiencia\/","title":{"rendered":"Cada um no seu quadrado! Prefeitura de Mariana alerta sobre as vagas de estacionamento para idosos e pessoas com defici\u00eancia"},"content":{"rendered":"\n<p><em>Por L\u00edvia Vieira&nbsp;<\/em><\/p>\n\n\n\n<p>A Prefeitura de Mariana, por meio da Secretaria de Seguran\u00e7a P\u00fablica, ressalta a import\u00e2ncia do respeito \u00e0s vagas de estacionamento destinadas aos idosos e pessoas com defici\u00eancia do munic\u00edpio, levando em considera\u00e7\u00e3o o constante n\u00famero de condutores que t\u00eam feito uso das vagas sem obter o direito. Por esse motivo, os Agentes da Guarda Civil Municipal t\u00eam aplicado multas grav\u00edssimas no valor de R$293,47, al\u00e9m de sete pontos da CNH. A aplica\u00e7\u00e3o \u00e9 feita utilizando o aparelho telef\u00f4nico!<\/p>\n\n\n\n<p>Para fazer o uso das vagas, \u00e9 necess\u00e1rio que o usu\u00e1rio tenha o cart\u00e3o de identifica\u00e7\u00e3o da pessoa com defici\u00eancia ou a carteira que comprove a idade. Se o ve\u00edculo estacionado n\u00e3o conter a identifica\u00e7\u00e3o para uso das vagas preferenciais haver\u00e1 a aplica\u00e7\u00e3o de uma medida administrativa com a remo\u00e7\u00e3o do ve\u00edculo.&nbsp;<\/p>\n\n\n\n<p><strong>VOC\u00ca TEM DIREITO?<\/strong><\/p>\n\n\n\n<p><strong>VAGAS PARA IDOSOS:&nbsp;<\/strong>As vagas preferenciais para idosos, se enquadram \u00e0s pessoas que tenham mais de 60 anos de idade. O Estatuto do Idoso e a Resolu\u00e7\u00e3o do CONTRAN n\u00ba 303\/08 garantem este direito em qualquer lugar do Brasil.<\/p>\n\n\n\n<p><strong>VAGAS PARA PESSOAS COM DEFICI\u00caNCIA:<\/strong><em><br><\/em><em><br><\/em>1. Pessoas com defici\u00eancia f\u00edsica ambulat\u00f3ria nos membros inferiores, ou seja, pessoas que devido a sua defici\u00eancia f\u00edsica nas pernas e\/ou p\u00e9s, tem dificuldade de caminhar;<br>2. Pessoas com defici\u00eancia f\u00edsica ambulat\u00f3ria aut\u00f4noma, decorrente de incapacidade mental;<br>3. Pessoas com mobilidade reduzida tempor\u00e1ria, ou seja, pessoas que por alguma raz\u00e3o, como cirurgia, ficaram temporariamente com dificuldades graves para se locomover.<\/p>\n\n\n\n<p><strong>COMO EMITIR O CART\u00c3O DE IDENTIFICA\u00c7\u00c3O DA PESSOA COM DEFICI\u00caNCIA OU IDOSO?<\/strong><\/p>\n\n\n\n<p>As pessoas que t\u00eam direito \u00e0 carteirinha, devem apresentar o comprovante de resid\u00eancia, documento pessoal com&nbsp; foto e o laudo m\u00e9dico (em caso de defici\u00eancia), na Secretaria Municipal de Seguran\u00e7a P\u00fablica, localizada na Pra\u00e7a Gomes Freire, 220, Centro, de 08h \u00e0s 17h, manifestando&nbsp; interesse em realizar o cadastro.&nbsp;<\/p>\n","protected":false},"excerpt":{"rendered":"<p> Prefeitura de Mariana<\/p>\n","protected":false},"author":1,"featured_media":496,"comment_status":"open","ping_status":"open","sticky":false,"template":"","format":"standard","meta":{"footnotes":"","_jetpack_memberships_contains_paid_content":false,"jetpack_publicize_message":"","jetpack_publicize_feature_enabled":true,"jetpack_social_post_already_shared":true,"jetpack_social_options":{"image_generator_settings":{"template":"highway","enabled":false}}},"categories":[1],"tags":[],"jetpack_publicize_connections":[],"views":1277,"jetpack_sharing_enabled":true,"jetpack_featured_media_url":"https:\/\/i0.wp.com\/portalinconfidentes.com.br\/wp-content\/uploads\/2023\/05\/estacionamento.jpg?fit=800%2C533&ssl=1","_links":{"self":[{"href":"https:\/\/portalinconfidentes.com.br\/index.php\/wp-json\/wp\/v2\/posts\/495"}],"collection":[{"href":"https:\/\/portalinconfidentes.com.br\/index.php\/wp-json\/wp\/v2\/posts"}],"about":[{"href":"https:\/\/portalinconfidentes.com.br\/index.php\/wp-json\/wp\/v2\/types\/post"}],"author":[{"embeddable":true,"href":"https:\/\/portalinconfidentes.com.br\/index.php\/wp-json\/wp\/v2\/users\/1"}],"replies":[{"embeddable":true,"href":"https:\/\/portalinconfidentes.com.br\/index.php\/wp-json\/wp\/v2\/comments?post=495"}],"version-history":[{"count":1,"href":"https:\/\/portalinconfidentes.com.br\/index.php\/wp-json\/wp\/v2\/posts\/495\/revisions"}],"predecessor-version":[{"id":497,"href":"https:\/\/portalinconfidentes.com.br\/index.php\/wp-json\/wp\/v2\/posts\/495\/revisions\/497"}],"wp:featuredmedia":[{"embeddable":true,"href":"https:\/\/portalinconfidentes.com.br\/index.php\/wp-json\/wp\/v2\/media\/496"}],"wp:attachment":[{"href":"https:\/\/portalinconfidentes.com.br\/index.php\/wp-json\/wp\/v2\/media?parent=495"}],"wp:term":[{"taxonomy":"category","embeddable":true,"href":"https:\/\/portalinconfidentes.com.br\/index.php\/wp-json\/wp\/v2\/categories?post=495"},{"taxonomy":"post_tag","embeddable":true,"href":"https:\/\/portalinconfidentes.com.br\/index.php\/wp-json\/wp\/v2\/tags?post=495"}],"curies":[{"name":"wp","href":"https:\/\/api.w.org\/{rel}","templated":true}]}}