{"id":489,"date":"2023-05-15T19:58:37","date_gmt":"2023-05-15T22:58:37","guid":{"rendered":"https:\/\/portalinconfidentes.com.br\/?p=489"},"modified":"2023-05-15T19:58:39","modified_gmt":"2023-05-15T22:58:39","slug":"acao-realizada-pela-prefeitura-de-mariana-vacina-mais-de-450-pessoas-no-dia-d","status":"publish","type":"post","link":"https:\/\/portalinconfidentes.com.br\/index.php\/2023\/05\/15\/acao-realizada-pela-prefeitura-de-mariana-vacina-mais-de-450-pessoas-no-dia-d\/","title":{"rendered":"A\u00e7\u00e3o realizada pela Prefeitura de Mariana vacina mais de 450 pessoas no Dia D"},"content":{"rendered":"\n<p><em>Por Isabela Jorge<\/em><\/p>\n\n\n\n<p>Neste \u00faltimo s\u00e1bado (06), a Prefeitura de Mariana, atrav\u00e9s da Secretaria de Sa\u00fade, realizou o Dia D de Vacina\u00e7\u00e3o! A a\u00e7\u00e3o teve como objetivo vacinar crian\u00e7as entre dois e quatro anos de idade contra a COVID-19, que ainda n\u00e3o haviam tomado a dose do imunizante. Al\u00e9m da vacina\u00e7\u00e3o contra o coronav\u00edrus, puderam se vacinar contra a Influenza os idosos com 60 anos ou mais, crian\u00e7as de seis meses a cinco anos, trabalhadores da sa\u00fade, pessoas acima de 40 anos com comorbidades, gestantes e pu\u00e9rperas.<\/p>\n\n\n\n<p>Diversas fam\u00edlias compareceram na Central de Imuniza\u00e7\u00e3o para que os pequenos fossem vacinados. No total, 450 crian\u00e7as foram vacinadas durante a a\u00e7\u00e3o. Esse marco \u00e9 importante para que a popula\u00e7\u00e3o esteja protegida contra a COVID-19 e evite a possibilidade de complica\u00e7\u00f5es, caso sejam infectados pelo v\u00edrus.<\/p>\n\n\n\n<p>Ainda que na \u00faltima sexta-feira (05), a Organiza\u00e7\u00e3o Mundial da Sa\u00fade &#8211; OMS, tenha declarado o fim da Emerg\u00eancia de Sa\u00fade P\u00fablica de Import\u00e2ncia Internacional, os representantes ainda ressaltam que os cuidados contra a doen\u00e7a devem ser seguidos rigorosamente para conter a doen\u00e7a. O diretor-executivo da OMS, Michael Ryan, ressalta que o coronav\u00edrus ainda ir\u00e1 circular \u201cem um n\u00edvel muito menor de amea\u00e7a, em um n\u00edvel muito menor de mortes, mas continuar\u00e1 sendo transmitido por um per\u00edodo muito longo de tempo\u201d. Al\u00e9m disso, \u00e9 previsto pelo Estatuto da Crian\u00e7a e do Adolescente &#8211; ECA, que a vacina\u00e7\u00e3o de crian\u00e7as e adolescentes \u00e9 obrigat\u00f3ria em casos recomendados pelas autoridades sanit\u00e1rias.<\/p>\n\n\n\n<p>A Coordenadora da Central de Imuniza\u00e7\u00e3o, Isabela Lara, relatou um pouco sobre a sua percep\u00e7\u00e3o em rela\u00e7\u00e3o ao Dia D. \u201cO dia de Campanha foi bastante proveitoso, visto que tivemos uma vacina\u00e7\u00e3o significativa! Devido ao repasse que recebemos do Estado, conseguimos vacinar muitas crian\u00e7as com a primeira dose contra a Covid-19. Al\u00e9m disso, ressalto a import\u00e2ncia dos pais levarem as crian\u00e7as para a aplica\u00e7\u00e3o das doses que est\u00e3o agendadas no cart\u00e3o, pois assim conseguimos proteger nossas crian\u00e7as\u201d, afirma.<\/p>\n\n\n\n<p><strong>VACINA\u00c7\u00c3O CONTRA A GRIPE<\/strong><\/p>\n\n\n\n<p>De acordo com o Minist\u00e9rio da Sa\u00fade, a vacina\u00e7\u00e3o \u00e9 a forma mais eficaz de prevenir a gripe. Como o v\u00edrus est\u00e1 em constante muta\u00e7\u00e3o, a vacina\u00e7\u00e3o deve ocorrer anualmente. Al\u00e9m disso, \u00e9 necess\u00e1rio tomar alguns cuidados, como: cobrir o nariz e a boca ao espirrar ou tossir, evitar tocar nas mucosas de olhos, nariz e boca, n\u00e3o compartilhar objetos de uso pessoal, como talheres, copos e garrafas, al\u00e9m de manter os ambientes bem ventilados.<\/p>\n\n\n\n<p>Al\u00e9m da vacina\u00e7\u00e3o contra a Covid-19, houve uma procura consider\u00e1vel para a vacina\u00e7\u00e3o contra a Influenza, tanto para adultos, quanto para crian\u00e7as. Os profissionais da sa\u00fade ressaltam que a campanha da gripe continua. \u00c9 o que relata a t\u00e9cnica de enfermagem, Cl\u00e1udia de F\u00e1tima Alves, que estava presente no Dia D. \u201cTivemos um dia muito bom e uma procura maior dos pais com suas crian\u00e7as. \u00c9 importante salientar que a Campanha de Vacina\u00e7\u00e3o continua e aqueles dentro dos grupos contemplados que n\u00e3o tiveram a oportunidade de vacinar, devem procurar a Central de Vacina\u00e7\u00e3o, com cart\u00e3o de vacina e documento para se vacinar\u201d, destacou.<\/p>\n\n\n\n<p>Foto: Isabela Jorge<\/p>\n","protected":false},"excerpt":{"rendered":"<p> 450 pessoas no Dia D<\/p>\n","protected":false},"author":1,"featured_media":490,"comment_status":"open","ping_status":"open","sticky":false,"template":"","format":"standard","meta":{"footnotes":"","_jetpack_memberships_contains_paid_content":false,"jetpack_publicize_message":"","jetpack_publicize_feature_enabled":true,"jetpack_social_post_already_shared":true,"jetpack_social_options":{"image_generator_settings":{"template":"highway","enabled":false}}},"categories":[1],"tags":[],"jetpack_publicize_connections":[],"views":1130,"jetpack_sharing_enabled":true,"jetpack_featured_media_url":"https:\/\/i0.wp.com\/portalinconfidentes.com.br\/wp-content\/uploads\/2023\/05\/dia-dvac.jpg?fit=800%2C533&ssl=1","_links":{"self":[{"href":"https:\/\/portalinconfidentes.com.br\/index.php\/wp-json\/wp\/v2\/posts\/489"}],"collection":[{"href":"https:\/\/portalinconfidentes.com.br\/index.php\/wp-json\/wp\/v2\/posts"}],"about":[{"href":"https:\/\/portalinconfidentes.com.br\/index.php\/wp-json\/wp\/v2\/types\/post"}],"author":[{"embeddable":true,"href":"https:\/\/portalinconfidentes.com.br\/index.php\/wp-json\/wp\/v2\/users\/1"}],"replies":[{"embeddable":true,"href":"https:\/\/portalinconfidentes.com.br\/index.php\/wp-json\/wp\/v2\/comments?post=489"}],"version-history":[{"count":1,"href":"https:\/\/portalinconfidentes.com.br\/index.php\/wp-json\/wp\/v2\/posts\/489\/revisions"}],"predecessor-version":[{"id":491,"href":"https:\/\/portalinconfidentes.com.br\/index.php\/wp-json\/wp\/v2\/posts\/489\/revisions\/491"}],"wp:featuredmedia":[{"embeddable":true,"href":"https:\/\/portalinconfidentes.com.br\/index.php\/wp-json\/wp\/v2\/media\/490"}],"wp:attachment":[{"href":"https:\/\/portalinconfidentes.com.br\/index.php\/wp-json\/wp\/v2\/media?parent=489"}],"wp:term":[{"taxonomy":"category","embeddable":true,"href":"https:\/\/portalinconfidentes.com.br\/index.php\/wp-json\/wp\/v2\/categories?post=489"},{"taxonomy":"post_tag","embeddable":true,"href":"https:\/\/portalinconfidentes.com.br\/index.php\/wp-json\/wp\/v2\/tags?post=489"}],"curies":[{"name":"wp","href":"https:\/\/api.w.org\/{rel}","templated":true}]}}