{"id":462,"date":"2023-04-18T19:47:55","date_gmt":"2023-04-18T22:47:55","guid":{"rendered":"https:\/\/portalinconfidentes.com.br\/?p=462"},"modified":"2023-04-18T19:47:55","modified_gmt":"2023-04-18T22:47:55","slug":"cinema-na-cidade-chega-a-marina-nesta-quinta-20-4","status":"publish","type":"post","link":"https:\/\/portalinconfidentes.com.br\/index.php\/2023\/04\/18\/cinema-na-cidade-chega-a-marina-nesta-quinta-20-4\/","title":{"rendered":"Cinema na Cidade chega a Marina nesta quinta (20\/4)\u00a0"},"content":{"rendered":"\n<p>A CIDADE HIST\u00d3RICA DE MARIANA VAI SEDIAR O LAN\u00c7AMENTO DO PROGRAMA COM SESS\u00d5ES DE CINEMA, CIRCO, M\u00daSICA E MUITA ARTE NA PRA\u00c7A GOMES FREIRE<\/p>\n\n\n\n<p>De abril a novembro de 2023, o programa Cinema na Cidade vai percorrer 10 cidades do interior de Minas Gerais, levando para as pra\u00e7as um programa\u00e7\u00e3o cultural gratuita para toda fam\u00edlia.<\/p>\n\n\n\n<p>A cidade de Mariana vai sediar o lan\u00e7amento da edi\u00e7\u00e3o 2023, nos dias 20 e 21 de abril, na Pra\u00e7a Gomes Freire com sess\u00f5es de cinema, cortejos e shows musicais, interven\u00e7\u00f5es circenses, show m\u00e1gica e conta com patroc\u00ednio do Instituto Cultural Vale e apoio da Prefeitura Municipal<\/p>\n\n\n\n<p>A Universo Produ\u00e7\u00e3o anuncia a continuidade do programa Cinema na Cidade para o ano de 2023. De abril a novembro, a magia do cinema e da arte vai chegar a 10 munic\u00edpios do interior de Minas Gerais &#8211; Mariana, Itabirito, Betim, Antonio Pereira (distrito de Ouro Preto), Caet\u00e9, Rio Acima, Brumadinho, Santa Luzia, Catas Altas e Nova Lima, levando uma programa\u00e7\u00e3o gratuita para toda a fam\u00edlia em espa\u00e7os p\u00fablicos de cada cidade. Na tela, a diversidade da produ\u00e7\u00e3o do cinema brasileiro. No palco, a m\u00fasica, o teatro e o circo fazem uma ponte com os valores dos locais onde o programa acontece.<\/p>\n\n\n\n<p>O Cinema na Cidade \u00e9 um empreendimento audiovisual que est\u00e1 caracterizado por sess\u00f5es de cinema brasileiro em espa\u00e7os alternativos de exibi\u00e7\u00e3o, que, em circuito itinerante, percorre comunidades e cidades do interior de Minas Gerais que em sua maioria n\u00e3o possuem ou tiveram suas salas de cinema fechadas. Portanto, a realiza\u00e7\u00e3o desta iniciativa vai proporcionar, muitas vezes, o acesso do p\u00fablico, pela primeira vez, a uma sess\u00e3o de cinema.<\/p>\n\n\n\n<p>&#8220;O programa foi idealizado para ser uma nova frente regionalizada de cultura, lazer e entretenimento para gerar integra\u00e7\u00e3o entre as comunidades, proporcionar o encontro amplo do p\u00fablico com o cinema brasileiro, promover a forma\u00e7\u00e3o de novas plateias, criar espa\u00e7os alternativos de exibi\u00e7\u00e3o, fomentar a ind\u00fastria cinematogr\u00e1fica e conectar o cinema com as outras e valorizar as culturais locais, ocupando de forma saud\u00e1vel e democr\u00e1tica os espa\u00e7os p\u00fablicos de cada cidade&#8221;, destaca Raquel Hallak, diretora da Universo Produ\u00e7\u00e3o e coordenadora geral do Cinema na Cidade.<\/p>\n\n\n\n<p>LAN\u00c7AMENTO DO PROGRAMA | MARIANA<\/p>\n\n\n\n<p>Nos dias 20 e 21 de abril, quinta e sexta-feira (v\u00e9spera de feriado e feriado), Mariana vai ser a cidade-sede do lan\u00e7amento do programa Cinema na Cidade, que, em sua edi\u00e7\u00e3o 2023, leva novamente divers\u00e3o para toda fam\u00edlia, na Pra\u00e7a Gomes Freire &#8211; Jardim de Mariana. O p\u00fablico do munic\u00edpio poder\u00e1 participar de sess\u00f5es de cinema, cortejos e shows musicais, interven\u00e7\u00f5es circenses, show m\u00e1gica. Toda a programa\u00e7\u00e3o \u00e9 oferecida gratuitamente.<\/p>\n\n\n\n<p>No dia 20, quinta, o grupo musical Barroco Jazz Band abre a programa\u00e7\u00e3o \u00e0s 18h30, com seu cortejo. A concentra\u00e7\u00e3o \u00e9 no Centro de Aten\u00e7\u00e3o ao Turismo (CAT &#8211; Rua Direita, 91), de onde a banda segue at\u00e9 o local do evento, na Pra\u00e7a Gomes Freire. Na sequ\u00eancia, teremos uma mensagem de boas-vindas para o p\u00fablico, marcando oficialmente o lan\u00e7amento da edi\u00e7\u00e3o 2023 do programa, seguida de muita anima\u00e7\u00e3o e divers\u00e3o com o Palha\u00e7o Sufoco. Logo ap\u00f3s, o p\u00fablico se reconhecer\u00e1 em tela com a exibi\u00e7\u00e3o de uma sess\u00e3o de curtas mineiros, incluindo o filme &#8220;Criado&#8221;, de Uriel Marques, produzido em Mariana e regi\u00e3o. A programa\u00e7\u00e3o do dia encerra com muita anima\u00e7\u00e3o e samba no p\u00e9 com show da cantora Silvia Gomes que sobe ao palco do Cinema na Cidade, \u00e0s 21h, com um repert\u00f3rio de samba que promete n\u00e3o deixar ningu\u00e9m parado.<\/p>\n\n\n\n<p>No dia 21, sexta de feriado, a programa\u00e7\u00e3o abre \u00e0s 17h com um cortejo musical da Incr\u00edvel Banda, com v\u00e1rios ritmos dan\u00e7antes. A concentra\u00e7\u00e3o \u00e9 tamb\u00e9m no CAT (Rua Direita, 91), de onde a banda segue at\u00e9 o local do evento, na Pra\u00e7a Gomes Freire. Logo ap\u00f3s, a programa\u00e7\u00e3o segue com atra\u00e7\u00f5es especiais dedicadas \u00e0 crian\u00e7ada: palha\u00e7adas do Palha\u00e7o Alegria, uma sess\u00e3o de curtas pensada especialmente para a turminha e um show de m\u00e1gica com o incr\u00edvel Roni Rodan. Na sequ\u00eancia, ser\u00e1 exibida a divertida com\u00e9dia &#8220;Juntos e Enrolados&#8221;, de Eduardo Vaisman e Rodrigo Van Der Put. O longa conta a hist\u00f3ria de J\u00falio (Rafael Portugal) e Daiana (Cacau Prot\u00e1sio) que, ap\u00f3s dois anos juntos, finalmente conseguem economizar o suficiente para realizar a t\u00e3o sonhada festa de casamento, mas pouco antes da cerim\u00f4nia, uma mensagem no celular do noivo acabou enrolando todos os planos. Muita confus\u00e3o e muitas gargalhadas para o p\u00fablico.<\/p>\n\n\n\n<p>SOBRE O PROGRAMA<\/p>\n\n\n\n<p>Idealizado pela Universo Produ\u00e7\u00e3o e com patroc\u00ednio do Instituto Cultural Vale, atrav\u00e9s da Lei Federal de Incentivo \u00e0 Cultura, o Cinema na Cidade \u00e9 um programa cultural, social e tur\u00edstico que oferece uma programa\u00e7\u00e3o gratuita com sess\u00f5es de cinema de filmes brasileiros em conex\u00e3o com as outras artes e com os valores art\u00edsticos das cidades. O objetivo \u00e9 promover o encontro do p\u00fablico com o cinema brasileiro, com a cultura local e com o entretenimento de forma democr\u00e1tica e participativa, tornando um importante foco irradiador da cultura beneficiando, principalmente, as cidades que n\u00e3o possuem sala de cinema.<\/p>\n\n\n\n<p>De abril a novembro de 2023, o Cinema na Cidade vai contemplar 10 munic\u00edpios do interior de Minas Gerais &#8211; Mariana, Itabirito, Antonio Pereira (distrito de Ouro Preto), Betim, Caet\u00e9, Rio Acima, Santa Luzia, Brumadinho, Catas Altas e Nova Lima.<\/p>\n\n\n\n<p>Ao realizar o programa Cinema na Cidade, a Universo Produ\u00e7\u00e3o, o Instituto Cultural Vale e Prefeituras Municipais, juntos, estar\u00e3o atuando para contribuir com a forma\u00e7\u00e3o do cidad\u00e3o consciente e \u00e9tico, preparado para enfrentar os desafios do mundo atual.<\/p>\n\n\n\n<p>VALORIZA A CULTURA.<\/p>\n\n\n\n<p>INTEGRA COMUNIDADES.<\/p>\n\n\n\n<p>GERA DESENVOLVIMENTO.<\/p>\n\n\n\n<p>CINEMA PARA TODOS. CINEMA ITINERANTE. CINEMA GRATUITO.<\/p>\n\n\n\n<p>CINEMA NAS PRA\u00c7AS. CINEMA NA CIDADE.<\/p>\n\n\n\n<p>PROGRAMA\u00c7\u00c3O | CINEMA NA CIDADE EM MARIANA<\/p>\n\n\n\n<p>Local: Pra\u00e7a Gomes Freire<\/p>\n\n\n\n<p>20 DE ABRIL \u2013 QUINTA-FEIRA<\/p>\n\n\n\n<p>18h30- CORTEJO BARROCO JAZZ BAND<\/p>\n\n\n\n<p>Sa\u00edda: CAT &#8211; Rua Direita, 91 com destino a Pra\u00e7a Gomes Freire<\/p>\n\n\n\n<p>Inspirada na tradi\u00e7\u00e3o de Dixieland do sul dos EUA, Barroco Jazz Band, procura, junto as in\u00fameras tradi\u00e7\u00f5es mineiras, dialogar entre o tradicional Jazz dos anos de 1900 e o jeitinho mineiro de ser. At\u00e9 mesmo o bom e velho mineiro, j\u00e1 habituado com as tradicionais bandas de m\u00fasica, ao ver um grupo com instrumentistas de sopro, percuss\u00e3o e outras peculiaridades, se espanta com tamanha irrever\u00eancia, alegria e sincronismo. \u00c9 f\u00e1cil curtir o &#8220;sonzinho&#8221; e basta ter disposi\u00e7\u00e3o para fazer uma leve caminhada e pronto, mas deve-se ter em mente que n\u00e3o ser\u00e1 uma caminhada qualquer. A apresenta\u00e7\u00e3o\/cortejo \u00e9 recheada de boas hist\u00f3rias engra\u00e7ad\u00edssimas e o melhor, v\u00e1rios sabores musicais para o deleite de todos.<\/p>\n\n\n\n<p>19h &#8211; ABERTURA OFICIAL | MENSAGEM DE BOAS VINDAS + INTERVEN\u00c7\u00c3O CIRCENSE<\/p>\n\n\n\n<p>\u00e0 MENSAGEM DE BOAS VINDAS PELA PREFEITURA DE MARIANA, INSTITUTO CULTURAL VALE E UNIVERSO PRODU\u00c7\u00c3O<\/p>\n\n\n\n<p>\u00e0 Interven\u00e7\u00e3o Circense<\/p>\n\n\n\n<p>PALHA\u00c7O SUFOCO<\/p>\n\n\n\n<p>Sufoco revela-se um multi-artista: \u00e9 m\u00e1gico, malabarista, acrobata, m\u00fasico e equilibrista. Um espet\u00e1culo cheio de virtuosismo t\u00e9cnico, comicidade e emo\u00e7\u00e3o.<\/p>\n\n\n\n<p>20h \u2013 SESS\u00c3O DE CINEMA | CURTAS DE MINAS<\/p>\n\n\n\n<p>Local: Pra\u00e7a Gomes Freire<\/p>\n\n\n\n<p>ANGELA<\/p>\n\n\n\n<p>Fic\u00e7\u00e3o, Cor, Digital, 14&#8242;, MG, 2019<\/p>\n\n\n\n<p>Dire\u00e7\u00e3o: Mar\u00edlia Nogueira<\/p>\n\n\n\n<p>Angela coleciona receitas m\u00e9dicas que sugerem uma preocupa\u00e7\u00e3o permanente com sua sa\u00fade. Ela tenta esconder esse segredo dos vizinhos, mas quando as circunst\u00e2ncias j\u00e1 n\u00e3o podem ser ignoradas, as ervas do jardim e o afeto de uma nova amizade lhe dar\u00e3o o vislumbre de uma nova exist\u00eancia.<\/p>\n\n\n\n<p>CRIADO<\/p>\n\n\n\n<p>Fic\u00e7\u00e3o, Cor, Digital, 10&#8242;, MG, 2021<\/p>\n\n\n\n<p>Dire\u00e7\u00e3o: Uriel Filipe Marques<\/p>\n\n\n\n<p>A hist\u00f3ria de uma mesa de cabeceira feita por um artes\u00e3o. Passando por sua vida, desde a cria\u00e7\u00e3o at\u00e9 quando foi comprado pelo primeiro dono e viveu momentos diversos ao lado de sua cama. Intimo, presente e sempre servindo ao seu dono, passando por diversos momentos. \u00c9 um m\u00f3vel que se parece muitas vezes est\u00e1tico mas sempre atuante no seu espa\u00e7o, sempre presente.<\/p>\n\n\n\n<p>A RETIRADA PARA UM CORA\u00c7\u00c3O BRUTO<\/p>\n\n\n\n<p>Fic\u00e7\u00e3o, Cor, Digital, 14&#8242;, MG, 2017<\/p>\n\n\n\n<p>Dire\u00e7\u00e3o: Marco Ant\u00f4nio Pereira<\/p>\n\n\n\n<p>Oz\u00f3rio \u00e9 um senhor que vive sozinho na zona rural de Cordisburgo, MG. Passa seus dias ouvindo rock no r\u00e1dio, enquanto vive o luto pela perda de sua companheira. At\u00e9 que um movimento no c\u00e9u quebra sua solid\u00e3o.\u200b<\/p>\n\n\n\n<p>21h &#8211; SHOW MUSICAL | SILVIA GOMES<\/p>\n\n\n\n<p>Local: Pra\u00e7a Gomes Freire<\/p>\n\n\n\n<p>Nascida em Itabirito, criada em Cachoeira do Campo, distrito de Ouro Preto, Silvia Gomes vem trilhando os seus caminhos art\u00edsticos por terras mineiras. Nas palavras do pianista T\u00falio Mour\u00e3o, seu canto &#8220;faz conex\u00e3o e metaboliza elementos do Afro e, mais que importantes, s\u00e3o estruturantes na vida e na hist\u00f3ria de Ouro Preto: Uma cidade, uma sociedade, uma cultura, erguida sobre o trabalho negro escravo&#8221;. No show &#8220;Ben\u00e7\u00e3o em Vida&#8221;, Silvia Gomes canta o samba na sua vertente maior, objetiva a comunh\u00e3o, na sua dan\u00e7a, no lamento, na exalta\u00e7\u00e3o. Um show de samba com delicada beleza e a ancestralidade presentes na sua voz, evidenciando temas como a resist\u00eancias das ra\u00edzes negras. Essa din\u00e2mica \u00e9 percebida com o som. Seu. Sua. Ela sabe sambar, sabe dan\u00e7ar, sabe dizer. Dizer de sua gera\u00e7\u00e3o. Gerar a m\u00fasica de sua gera\u00e7\u00e3o. No repert\u00f3rio a artista re\u00fane a obra de compositores contempor\u00e2neos com Mestre Jonas, Sergio Perer\u00ea, Miguel dos Anjos, Gabriel Goullat e Luiz Lobo; e cl\u00e1ssicos imortalizados na voz de artistas como Ivone lara, Clara Nunes, Monarco da Portela, Jo\u00e3o Nogueira e o Tris Tinco\u00e3s. Os m\u00fasicos que acompanham Silvia Gomes s\u00e3o Danilo Campos no viol\u00e3o, Tiago Valentim e Geg\u00ea mendes na percuss\u00e3o<\/p>\n\n\n\n<p>21 DE ABRIL &#8211; SEXTA-FEIRA<\/p>\n\n\n\n<p>17h &#8211; CORTEJO INCR\u00cdVEL BANDA<\/p>\n\n\n\n<p>Sa\u00edda: CAT &#8211; Rua Direita, 91 com destino a Pra\u00e7a Gomes Freire<\/p>\n\n\n\n<p>Fundada a mais de 20 anos por m\u00fasicos das tradicionais corpora\u00e7\u00f5es musicais Sociedade Musical Santa Cec\u00edlia e Sociedade Musical S\u00e3o Sebasti\u00e3o, ambas de Passagem de Mariana, desenvolveu v\u00e1rios projetos junto ao governo do Estado de Minas Gerais onde por meio destes apresentou em v\u00e1rias cidades do nosso estado e at\u00e9 mesmo fora como exemplo S\u00e3o Paulo, Rio de Janeiro e Esp\u00edrito Santo. Com apresenta\u00e7\u00f5es estruturadas em diversos ritmos musicais com arranjos totalmente diferenciados para as p\u00e9rolas do cancioneiro popular brasileiro, destaca os Sambas e Marchas, em sua maioria carnavalescas, de grandes compositores como carro chefe de nossa banda, tendo como base em nossa forma\u00e7\u00e3o, instrumentos de sopro e percuss\u00e3o, al\u00e9m de nossa vers\u00e3o palco, onde acrescentamos cordas e voz.<\/p>\n\n\n\n<p>18h &#8211; MOSTRINHA | SESS\u00c3O DE CURTAS + SHOW DE M\u00c1GICA<\/p>\n\n\n\n<p>Local: Pra\u00e7a Gomes Freire<\/p>\n\n\n\n<p>\u00e0 Interven\u00e7\u00e3o Circense<\/p>\n\n\n\n<p>PALHA\u00c7O ALEGRIA TAMB\u00c9M<\/p>\n\n\n\n<p>Apresentando n\u00fameros que envolvem malabarismo, acrobacias, m\u00e1gica, equilibrismo, em meio a improvisa\u00e7\u00f5es, o palha\u00e7o vai criando uma rela\u00e7\u00e3o de cumplicidade com sua plateia. Alegria Tamb\u00e9m se desafia a cada apresenta\u00e7\u00e3o, improvisando e decidindo o que vai fazer no calor da cena. Esta prontid\u00e3o para o jogo tanto do artista quanto do p\u00fablico \u00e9 o combust\u00edvel essencial neste jogo fascinante que \u00e9 uma roda de palha\u00e7o.<\/p>\n\n\n\n<p>\u00e0 Exibi\u00e7\u00e3o dos curtas<\/p>\n\n\n\n<p>JO\u00c3O NO REINO DE PAPEL\u00c3O, de Rodrigo Vulcano e Lucas Lima<\/p>\n\n\n\n<p>Anima\u00e7\u00e3o, Cor, Digital, 16min, MG, 2021<\/p>\n\n\n\n<p>TUCA, O MESTRE CUCA | A PLANTINHA DA PRI, de Rubens Belli, Felipe Tadeu Gondim e Rafael Pasold<\/p>\n\n\n\n<p>ANIMA\u00c7\u00c3O, Digital, Cor, 11min, SC, 2019<\/p>\n\n\n\n<p>SONHOS DA ISAH: O LIVRO M\u00c1GICO, de Jos\u00e9 Ricardo Costa<\/p>\n\n\n\n<p>ANIMA\u00c7\u00c3O, Digital, Cor, 8min, SC, 2022<\/p>\n\n\n\n<p>\u00e0 Show de M\u00e1gica<\/p>\n\n\n\n<p>RONI RODAN<\/p>\n\n\n\n<p>Muita divers\u00e3o, intera\u00e7\u00e3o, humor, m\u00e1gicas educativas e visuais. Um espet\u00e1culo l\u00fadico para todas as idades<\/p>\n\n\n\n<p>20h \u2013 EXIBI\u00c7\u00c3O DO FILME<\/p>\n\n\n\n<p>Local: Pra\u00e7a Gomes Freire<\/p>\n\n\n\n<p>JUNTOS E ENROLADOS<\/p>\n\n\n\n<p>COM\u00c9DIA, DIGITAL, 94MIN, RJ, 2022<\/p>\n\n\n\n<p>Dire\u00e7\u00e3o: Eduardo Vaisman e Rodrigo Van Der Put<\/p>\n\n\n\n<p>Elenco: Rafael Portugal, Cacau Prot\u00e1sio, Evelyn Castro, F\u00e1bio de Luca, Fafy Siqueira, Emanuelle Ara\u00fajo, Marcos Pasquim, Leandro Ramos, Matheus Cear\u00e1, Berta Loran, Tony Tornado, Neusa Borges, Paulo Carvalho, Jon Vlogs, Ot\u00e1vio Martins, Joel Vieira, Aarhon Pinheiro, Cezar Maracuj\u00e1, F\u00e1bio Guar\u00e1, Francine Flach, .<\/p>\n\n\n\n<p>Ap\u00f3s dois anos juntos, J\u00falio (Rafael Portugal) e Daiana (Cacau Prot\u00e1sio) finalmente conseguem economizar o suficiente para realizar a t\u00e3o sonhada festa de casamento. O grande dia chegou! Mas pouco antes da cerim\u00f4nia, uma mensagem no celular do noivo acabou enrolando todos os planos. O casamento pode at\u00e9 ser cancelado, mas a festa n\u00e3o pode parar!<\/p>\n\n\n\n<p>TODA PROGRAMA\u00c7\u00c3O \u00c9 OFERECIDA GRATUITAMENTE AO P\u00daBLICO.<\/p>\n\n\n\n<div class=\"wp-block-jetpack-tiled-gallery aligncenter is-style-rectangular\"><div class=\"tiled-gallery__gallery\"><div class=\"tiled-gallery__row\"><div class=\"tiled-gallery__col\" style=\"flex-basis:24.61164%\"><figure class=\"tiled-gallery__item\"><img data-attachment-id=\"464\" data-permalink=\"https:\/\/portalinconfidentes.com.br\/index.php\/2023\/04\/18\/cinema-na-cidade-chega-a-marina-nesta-quinta-20-4\/cnc23_mariana_geral_post\/\" data-orig-file=\"https:\/\/i0.wp.com\/portalinconfidentes.com.br\/wp-content\/uploads\/2023\/04\/CNC23_MARIANA_Geral_POST.jpg?fit=1080%2C1080&amp;ssl=1\" data-orig-size=\"1080,1080\" data-comments-opened=\"1\" data-image-meta=\"{&quot;aperture&quot;:&quot;0&quot;,&quot;credit&quot;:&quot;&quot;,&quot;camera&quot;:&quot;&quot;,&quot;caption&quot;:&quot;&quot;,&quot;created_timestamp&quot;:&quot;0&quot;,&quot;copyright&quot;:&quot;&quot;,&quot;focal_length&quot;:&quot;0&quot;,&quot;iso&quot;:&quot;0&quot;,&quot;shutter_speed&quot;:&quot;0&quot;,&quot;title&quot;:&quot;&quot;,&quot;orientation&quot;:&quot;0&quot;}\" data-image-title=\"CNC23_MARIANA_Geral_POST\" data-image-description=\"\" data-image-caption=\"\" data-medium-file=\"https:\/\/i0.wp.com\/portalinconfidentes.com.br\/wp-content\/uploads\/2023\/04\/CNC23_MARIANA_Geral_POST.jpg?fit=300%2C300&amp;ssl=1\" data-large-file=\"https:\/\/i0.wp.com\/portalinconfidentes.com.br\/wp-content\/uploads\/2023\/04\/CNC23_MARIANA_Geral_POST.jpg?fit=1024%2C1024&amp;ssl=1\" decoding=\"async\" data-attachment-id=\"464\" data-permalink=\"https:\/\/portalinconfidentes.com.br\/index.php\/2023\/04\/18\/cinema-na-cidade-chega-a-marina-nesta-quinta-20-4\/cnc23_mariana_geral_post\/\" data-orig-file=\"https:\/\/i0.wp.com\/portalinconfidentes.com.br\/wp-content\/uploads\/2023\/04\/CNC23_MARIANA_Geral_POST.jpg?fit=1080%2C1080&amp;ssl=1\" data-orig-size=\"1080,1080\" data-comments-opened=\"1\" data-image-meta=\"{&quot;aperture&quot;:&quot;0&quot;,&quot;credit&quot;:&quot;&quot;,&quot;camera&quot;:&quot;&quot;,&quot;caption&quot;:&quot;&quot;,&quot;created_timestamp&quot;:&quot;0&quot;,&quot;copyright&quot;:&quot;&quot;,&quot;focal_length&quot;:&quot;0&quot;,&quot;iso&quot;:&quot;0&quot;,&quot;shutter_speed&quot;:&quot;0&quot;,&quot;title&quot;:&quot;&quot;,&quot;orientation&quot;:&quot;0&quot;}\" data-image-title=\"CNC23_MARIANA_Geral_POST\" data-image-description=\"\" data-image-caption=\"\" data-medium-file=\"https:\/\/i0.wp.com\/portalinconfidentes.com.br\/wp-content\/uploads\/2023\/04\/CNC23_MARIANA_Geral_POST.jpg?fit=300%2C300&amp;ssl=1\" data-large-file=\"https:\/\/i0.wp.com\/portalinconfidentes.com.br\/wp-content\/uploads\/2023\/04\/CNC23_MARIANA_Geral_POST.jpg?fit=1024%2C1024&amp;ssl=1\" srcset=\"https:\/\/i1.wp.com\/portalinconfidentes.com.br\/wp-content\/uploads\/2023\/04\/CNC23_MARIANA_Geral_POST-1024x1024.jpg?strip=info&#038;w=600&#038;ssl=1 600w,https:\/\/i1.wp.com\/portalinconfidentes.com.br\/wp-content\/uploads\/2023\/04\/CNC23_MARIANA_Geral_POST-1024x1024.jpg?strip=info&#038;w=900&#038;ssl=1 900w,https:\/\/i1.wp.com\/portalinconfidentes.com.br\/wp-content\/uploads\/2023\/04\/CNC23_MARIANA_Geral_POST-1024x1024.jpg?strip=info&#038;w=1080&#038;ssl=1 1080w\" alt=\"\" data-height=\"1080\" data-id=\"464\" data-link=\"https:\/\/portalinconfidentes.com.br\/?attachment_id=464\" data-url=\"https:\/\/portalinconfidentes.com.br\/wp-content\/uploads\/2023\/04\/CNC23_MARIANA_Geral_POST-1024x1024.jpg\" data-width=\"1080\" src=\"https:\/\/i1.wp.com\/portalinconfidentes.com.br\/wp-content\/uploads\/2023\/04\/CNC23_MARIANA_Geral_POST-1024x1024.jpg?ssl=1\" data-amp-layout=\"responsive\"\/><\/figure><\/div><div class=\"tiled-gallery__col\" style=\"flex-basis:24.61164%\"><figure class=\"tiled-gallery__item\"><img data-attachment-id=\"465\" data-permalink=\"https:\/\/portalinconfidentes.com.br\/index.php\/2023\/04\/18\/cinema-na-cidade-chega-a-marina-nesta-quinta-20-4\/cnc23_mariana_programacao_post\/\" data-orig-file=\"https:\/\/i0.wp.com\/portalinconfidentes.com.br\/wp-content\/uploads\/2023\/04\/CNC23_MARIANA_Programacao_POST.jpg?fit=1080%2C1080&amp;ssl=1\" data-orig-size=\"1080,1080\" data-comments-opened=\"1\" data-image-meta=\"{&quot;aperture&quot;:&quot;0&quot;,&quot;credit&quot;:&quot;&quot;,&quot;camera&quot;:&quot;&quot;,&quot;caption&quot;:&quot;&quot;,&quot;created_timestamp&quot;:&quot;0&quot;,&quot;copyright&quot;:&quot;&quot;,&quot;focal_length&quot;:&quot;0&quot;,&quot;iso&quot;:&quot;0&quot;,&quot;shutter_speed&quot;:&quot;0&quot;,&quot;title&quot;:&quot;&quot;,&quot;orientation&quot;:&quot;0&quot;}\" data-image-title=\"CNC23_MARIANA_Programacao_POST\" data-image-description=\"\" data-image-caption=\"\" data-medium-file=\"https:\/\/i0.wp.com\/portalinconfidentes.com.br\/wp-content\/uploads\/2023\/04\/CNC23_MARIANA_Programacao_POST.jpg?fit=300%2C300&amp;ssl=1\" data-large-file=\"https:\/\/i0.wp.com\/portalinconfidentes.com.br\/wp-content\/uploads\/2023\/04\/CNC23_MARIANA_Programacao_POST.jpg?fit=1024%2C1024&amp;ssl=1\" decoding=\"async\" data-attachment-id=\"465\" data-permalink=\"https:\/\/portalinconfidentes.com.br\/index.php\/2023\/04\/18\/cinema-na-cidade-chega-a-marina-nesta-quinta-20-4\/cnc23_mariana_programacao_post\/\" data-orig-file=\"https:\/\/i0.wp.com\/portalinconfidentes.com.br\/wp-content\/uploads\/2023\/04\/CNC23_MARIANA_Programacao_POST.jpg?fit=1080%2C1080&amp;ssl=1\" data-orig-size=\"1080,1080\" data-comments-opened=\"1\" data-image-meta=\"{&quot;aperture&quot;:&quot;0&quot;,&quot;credit&quot;:&quot;&quot;,&quot;camera&quot;:&quot;&quot;,&quot;caption&quot;:&quot;&quot;,&quot;created_timestamp&quot;:&quot;0&quot;,&quot;copyright&quot;:&quot;&quot;,&quot;focal_length&quot;:&quot;0&quot;,&quot;iso&quot;:&quot;0&quot;,&quot;shutter_speed&quot;:&quot;0&quot;,&quot;title&quot;:&quot;&quot;,&quot;orientation&quot;:&quot;0&quot;}\" data-image-title=\"CNC23_MARIANA_Programacao_POST\" data-image-description=\"\" data-image-caption=\"\" data-medium-file=\"https:\/\/i0.wp.com\/portalinconfidentes.com.br\/wp-content\/uploads\/2023\/04\/CNC23_MARIANA_Programacao_POST.jpg?fit=300%2C300&amp;ssl=1\" data-large-file=\"https:\/\/i0.wp.com\/portalinconfidentes.com.br\/wp-content\/uploads\/2023\/04\/CNC23_MARIANA_Programacao_POST.jpg?fit=1024%2C1024&amp;ssl=1\" srcset=\"https:\/\/i0.wp.com\/portalinconfidentes.com.br\/wp-content\/uploads\/2023\/04\/CNC23_MARIANA_Programacao_POST-1024x1024.jpg?strip=info&#038;w=600&#038;ssl=1 600w,https:\/\/i0.wp.com\/portalinconfidentes.com.br\/wp-content\/uploads\/2023\/04\/CNC23_MARIANA_Programacao_POST-1024x1024.jpg?strip=info&#038;w=900&#038;ssl=1 900w,https:\/\/i0.wp.com\/portalinconfidentes.com.br\/wp-content\/uploads\/2023\/04\/CNC23_MARIANA_Programacao_POST-1024x1024.jpg?strip=info&#038;w=1080&#038;ssl=1 1080w\" alt=\"\" data-height=\"1080\" data-id=\"465\" data-link=\"https:\/\/portalinconfidentes.com.br\/?attachment_id=465\" data-url=\"https:\/\/portalinconfidentes.com.br\/wp-content\/uploads\/2023\/04\/CNC23_MARIANA_Programacao_POST-1024x1024.jpg\" data-width=\"1080\" src=\"https:\/\/i0.wp.com\/portalinconfidentes.com.br\/wp-content\/uploads\/2023\/04\/CNC23_MARIANA_Programacao_POST-1024x1024.jpg?ssl=1\" data-amp-layout=\"responsive\"\/><\/figure><\/div><div class=\"tiled-gallery__col\" style=\"flex-basis:13.89825%\"><figure class=\"tiled-gallery__item\"><img data-attachment-id=\"466\" data-permalink=\"https:\/\/portalinconfidentes.com.br\/index.php\/2023\/04\/18\/cinema-na-cidade-chega-a-marina-nesta-quinta-20-4\/cnc23_mariana_programacao_stories\/\" data-orig-file=\"https:\/\/i0.wp.com\/portalinconfidentes.com.br\/wp-content\/uploads\/2023\/04\/CNC23_MARIANA_Programacao_STORIES.jpg?fit=1080%2C1920&amp;ssl=1\" data-orig-size=\"1080,1920\" data-comments-opened=\"1\" data-image-meta=\"{&quot;aperture&quot;:&quot;0&quot;,&quot;credit&quot;:&quot;&quot;,&quot;camera&quot;:&quot;&quot;,&quot;caption&quot;:&quot;&quot;,&quot;created_timestamp&quot;:&quot;0&quot;,&quot;copyright&quot;:&quot;&quot;,&quot;focal_length&quot;:&quot;0&quot;,&quot;iso&quot;:&quot;0&quot;,&quot;shutter_speed&quot;:&quot;0&quot;,&quot;title&quot;:&quot;&quot;,&quot;orientation&quot;:&quot;0&quot;}\" data-image-title=\"CNC23_MARIANA_Programacao_STORIES\" data-image-description=\"\" data-image-caption=\"\" data-medium-file=\"https:\/\/i0.wp.com\/portalinconfidentes.com.br\/wp-content\/uploads\/2023\/04\/CNC23_MARIANA_Programacao_STORIES.jpg?fit=169%2C300&amp;ssl=1\" data-large-file=\"https:\/\/i0.wp.com\/portalinconfidentes.com.br\/wp-content\/uploads\/2023\/04\/CNC23_MARIANA_Programacao_STORIES.jpg?fit=576%2C1024&amp;ssl=1\" decoding=\"async\" data-attachment-id=\"466\" data-permalink=\"https:\/\/portalinconfidentes.com.br\/index.php\/2023\/04\/18\/cinema-na-cidade-chega-a-marina-nesta-quinta-20-4\/cnc23_mariana_programacao_stories\/\" data-orig-file=\"https:\/\/i0.wp.com\/portalinconfidentes.com.br\/wp-content\/uploads\/2023\/04\/CNC23_MARIANA_Programacao_STORIES.jpg?fit=1080%2C1920&amp;ssl=1\" data-orig-size=\"1080,1920\" data-comments-opened=\"1\" data-image-meta=\"{&quot;aperture&quot;:&quot;0&quot;,&quot;credit&quot;:&quot;&quot;,&quot;camera&quot;:&quot;&quot;,&quot;caption&quot;:&quot;&quot;,&quot;created_timestamp&quot;:&quot;0&quot;,&quot;copyright&quot;:&quot;&quot;,&quot;focal_length&quot;:&quot;0&quot;,&quot;iso&quot;:&quot;0&quot;,&quot;shutter_speed&quot;:&quot;0&quot;,&quot;title&quot;:&quot;&quot;,&quot;orientation&quot;:&quot;0&quot;}\" data-image-title=\"CNC23_MARIANA_Programacao_STORIES\" data-image-description=\"\" data-image-caption=\"\" data-medium-file=\"https:\/\/i0.wp.com\/portalinconfidentes.com.br\/wp-content\/uploads\/2023\/04\/CNC23_MARIANA_Programacao_STORIES.jpg?fit=169%2C300&amp;ssl=1\" data-large-file=\"https:\/\/i0.wp.com\/portalinconfidentes.com.br\/wp-content\/uploads\/2023\/04\/CNC23_MARIANA_Programacao_STORIES.jpg?fit=576%2C1024&amp;ssl=1\" srcset=\"https:\/\/i0.wp.com\/portalinconfidentes.com.br\/wp-content\/uploads\/2023\/04\/CNC23_MARIANA_Programacao_STORIES-576x1024.jpg?strip=info&#038;w=600&#038;ssl=1 600w,https:\/\/i0.wp.com\/portalinconfidentes.com.br\/wp-content\/uploads\/2023\/04\/CNC23_MARIANA_Programacao_STORIES-576x1024.jpg?strip=info&#038;w=900&#038;ssl=1 900w,https:\/\/i0.wp.com\/portalinconfidentes.com.br\/wp-content\/uploads\/2023\/04\/CNC23_MARIANA_Programacao_STORIES-576x1024.jpg?strip=info&#038;w=1080&#038;ssl=1 1080w\" alt=\"\" data-height=\"1920\" data-id=\"466\" data-link=\"https:\/\/portalinconfidentes.com.br\/?attachment_id=466\" data-url=\"https:\/\/portalinconfidentes.com.br\/wp-content\/uploads\/2023\/04\/CNC23_MARIANA_Programacao_STORIES-576x1024.jpg\" data-width=\"1080\" src=\"https:\/\/i0.wp.com\/portalinconfidentes.com.br\/wp-content\/uploads\/2023\/04\/CNC23_MARIANA_Programacao_STORIES-576x1024.jpg?ssl=1\" data-amp-layout=\"responsive\"\/><\/figure><\/div><div class=\"tiled-gallery__col\" style=\"flex-basis:36.87848%\"><figure class=\"tiled-gallery__item\"><img data-attachment-id=\"463\" data-permalink=\"https:\/\/portalinconfidentes.com.br\/index.php\/2023\/04\/18\/cinema-na-cidade-chega-a-marina-nesta-quinta-20-4\/cinema\/\" data-orig-file=\"https:\/\/i0.wp.com\/portalinconfidentes.com.br\/wp-content\/uploads\/2023\/04\/cinema.jpg?fit=800%2C533&amp;ssl=1\" data-orig-size=\"800,533\" data-comments-opened=\"1\" data-image-meta=\"{&quot;aperture&quot;:&quot;0&quot;,&quot;credit&quot;:&quot;&quot;,&quot;camera&quot;:&quot;&quot;,&quot;caption&quot;:&quot;&quot;,&quot;created_timestamp&quot;:&quot;0&quot;,&quot;copyright&quot;:&quot;&quot;,&quot;focal_length&quot;:&quot;0&quot;,&quot;iso&quot;:&quot;0&quot;,&quot;shutter_speed&quot;:&quot;0&quot;,&quot;title&quot;:&quot;&quot;,&quot;orientation&quot;:&quot;0&quot;}\" data-image-title=\"cinema\" data-image-description=\"\" data-image-caption=\"\" data-medium-file=\"https:\/\/i0.wp.com\/portalinconfidentes.com.br\/wp-content\/uploads\/2023\/04\/cinema.jpg?fit=300%2C200&amp;ssl=1\" data-large-file=\"https:\/\/i0.wp.com\/portalinconfidentes.com.br\/wp-content\/uploads\/2023\/04\/cinema.jpg?fit=800%2C533&amp;ssl=1\" decoding=\"async\" data-attachment-id=\"463\" data-permalink=\"https:\/\/portalinconfidentes.com.br\/index.php\/2023\/04\/18\/cinema-na-cidade-chega-a-marina-nesta-quinta-20-4\/cinema\/\" data-orig-file=\"https:\/\/i0.wp.com\/portalinconfidentes.com.br\/wp-content\/uploads\/2023\/04\/cinema.jpg?fit=800%2C533&amp;ssl=1\" data-orig-size=\"800,533\" data-comments-opened=\"1\" data-image-meta=\"{&quot;aperture&quot;:&quot;0&quot;,&quot;credit&quot;:&quot;&quot;,&quot;camera&quot;:&quot;&quot;,&quot;caption&quot;:&quot;&quot;,&quot;created_timestamp&quot;:&quot;0&quot;,&quot;copyright&quot;:&quot;&quot;,&quot;focal_length&quot;:&quot;0&quot;,&quot;iso&quot;:&quot;0&quot;,&quot;shutter_speed&quot;:&quot;0&quot;,&quot;title&quot;:&quot;&quot;,&quot;orientation&quot;:&quot;0&quot;}\" data-image-title=\"cinema\" data-image-description=\"\" data-image-caption=\"\" data-medium-file=\"https:\/\/i0.wp.com\/portalinconfidentes.com.br\/wp-content\/uploads\/2023\/04\/cinema.jpg?fit=300%2C200&amp;ssl=1\" data-large-file=\"https:\/\/i0.wp.com\/portalinconfidentes.com.br\/wp-content\/uploads\/2023\/04\/cinema.jpg?fit=800%2C533&amp;ssl=1\" srcset=\"https:\/\/i2.wp.com\/portalinconfidentes.com.br\/wp-content\/uploads\/2023\/04\/cinema.jpg?strip=info&#038;w=600&#038;ssl=1 600w,https:\/\/i2.wp.com\/portalinconfidentes.com.br\/wp-content\/uploads\/2023\/04\/cinema.jpg?strip=info&#038;w=800&#038;ssl=1 800w\" alt=\"\" data-height=\"533\" data-id=\"463\" data-link=\"https:\/\/portalinconfidentes.com.br\/?attachment_id=463\" data-url=\"https:\/\/portalinconfidentes.com.br\/wp-content\/uploads\/2023\/04\/cinema.jpg\" data-width=\"800\" src=\"https:\/\/i2.wp.com\/portalinconfidentes.com.br\/wp-content\/uploads\/2023\/04\/cinema.jpg?ssl=1\" data-amp-layout=\"responsive\"\/><\/figure><\/div><\/div><\/div><\/div>\n","protected":false},"excerpt":{"rendered":"<p>Cinema na Cidade<\/p>\n","protected":false},"author":1,"featured_media":463,"comment_status":"open","ping_status":"open","sticky":false,"template":"","format":"standard","meta":{"footnotes":"","_jetpack_memberships_contains_paid_content":false,"jetpack_publicize_message":"","jetpack_publicize_feature_enabled":true,"jetpack_social_post_already_shared":true,"jetpack_social_options":{"image_generator_settings":{"template":"highway","enabled":false}}},"categories":[1],"tags":[],"jetpack_publicize_connections":[],"views":1709,"jetpack_sharing_enabled":true,"jetpack_featured_media_url":"https:\/\/i0.wp.com\/portalinconfidentes.com.br\/wp-content\/uploads\/2023\/04\/cinema.jpg?fit=800%2C533&ssl=1","_links":{"self":[{"href":"https:\/\/portalinconfidentes.com.br\/index.php\/wp-json\/wp\/v2\/posts\/462"}],"collection":[{"href":"https:\/\/portalinconfidentes.com.br\/index.php\/wp-json\/wp\/v2\/posts"}],"about":[{"href":"https:\/\/portalinconfidentes.com.br\/index.php\/wp-json\/wp\/v2\/types\/post"}],"author":[{"embeddable":true,"href":"https:\/\/portalinconfidentes.com.br\/index.php\/wp-json\/wp\/v2\/users\/1"}],"replies":[{"embeddable":true,"href":"https:\/\/portalinconfidentes.com.br\/index.php\/wp-json\/wp\/v2\/comments?post=462"}],"version-history":[{"count":1,"href":"https:\/\/portalinconfidentes.com.br\/index.php\/wp-json\/wp\/v2\/posts\/462\/revisions"}],"predecessor-version":[{"id":467,"href":"https:\/\/portalinconfidentes.com.br\/index.php\/wp-json\/wp\/v2\/posts\/462\/revisions\/467"}],"wp:featuredmedia":[{"embeddable":true,"href":"https:\/\/portalinconfidentes.com.br\/index.php\/wp-json\/wp\/v2\/media\/463"}],"wp:attachment":[{"href":"https:\/\/portalinconfidentes.com.br\/index.php\/wp-json\/wp\/v2\/media?parent=462"}],"wp:term":[{"taxonomy":"category","embeddable":true,"href":"https:\/\/portalinconfidentes.com.br\/index.php\/wp-json\/wp\/v2\/categories?post=462"},{"taxonomy":"post_tag","embeddable":true,"href":"https:\/\/portalinconfidentes.com.br\/index.php\/wp-json\/wp\/v2\/tags?post=462"}],"curies":[{"name":"wp","href":"https:\/\/api.w.org\/{rel}","templated":true}]}}