{"id":458,"date":"2023-04-17T20:59:28","date_gmt":"2023-04-17T23:59:28","guid":{"rendered":"https:\/\/portalinconfidentes.com.br\/?p=458"},"modified":"2023-04-17T20:59:28","modified_gmt":"2023-04-17T23:59:28","slug":"trem-noturno-tematico-inconfidencia-mineira-marca-o-feriado-de-tiradentes","status":"publish","type":"post","link":"https:\/\/portalinconfidentes.com.br\/index.php\/2023\/04\/17\/trem-noturno-tematico-inconfidencia-mineira-marca-o-feriado-de-tiradentes\/","title":{"rendered":"Trem noturno tem\u00e1tico, \u201cInconfid\u00eancia Mineira\u201d, marca o feriado de Tiradentes"},"content":{"rendered":"\n<p><em>Al\u00e9m desta iniciativa in\u00e9dita, a Maria Fuma\u00e7a funcionar\u00e1 com quadro de hor\u00e1rios ampliados<\/em><\/p>\n\n\n\n<p>Para marcar as celebra\u00e7\u00f5es do Dia de Tiradentes, em 21 de abril, e lembrar a Inconfid\u00eancia Mineira \u2013 movimento contra a Coroa portuguesa que ocorreu na ent\u00e3o capitania de Minas Gerais em 1789 \u2013, a&nbsp;Maria Fuma\u00e7a, administrada pela VLI&nbsp;\u2013 companhia de&nbsp;solu\u00e7\u00f5es log\u00edsticas que opera terminais, ferrovias e portos \u2013,&nbsp;realizar\u00e1 dois passeios noturnos com o tema &#8220;Inconfid\u00eancia Mineira&#8221;. Uma viagem partir\u00e1 \u00e0s 18h de S\u00e3o Jo\u00e3o del-Rei em dire\u00e7\u00e3o a Tiradentes, no Campo das Vertentes (Minas Gerais), e a outra sair\u00e1 de Tiradentes para S\u00e3o Jo\u00e3o del-Rei \u00e0s 19h.<\/p>\n\n\n\n<p>A atra\u00e7\u00e3o faz parte de uma programa\u00e7\u00e3o especial desenvolvida em parceria com a Secretaria Municipal de Cultura e Turismo de S\u00e3o Jo\u00e3o del-Rei e o Conselho de Turismo (Comtur) deste munic\u00edpio. De acordo com a supervisora do Trem Tur\u00edstico da VLI, Cibelle Oliveira, entre as iniciativas est\u00e1 a apresenta\u00e7\u00e3o do grupo de teatro Balb\u00fardia com a pe\u00e7a: &#8220;Os Autos da Devassa: A Inconfid\u00eancia Mineira como nunca foi contada&#8221;, na Esta\u00e7\u00e3o da Maria Fuma\u00e7a em S\u00e3o Jo\u00e3o del-Rei, \u00e0s 17h do dia 21 de abril.<\/p>\n\n\n\n<p>&#8220;Este \u00e9 um feriado bem significativo para a regi\u00e3o e, como a Maria Fuma\u00e7a sempre atrai turistas de todo o pa\u00eds e do mundo, ela circular\u00e1 com um quadro de hor\u00e1rios ampliado durante todo o feriado de Tiradentes. Ser\u00e3o 16 viagens para que os passageiros possam apreciar o passeio feito ao longo de 12 km de travessia por uma bel\u00edssima diversidade ecol\u00f3gica e paisagens que ainda preservam a arquitetura do s\u00e9culo XIX&#8221;, destaca Cibelle Oliveira. Para conferir a agenda com os hor\u00e1rios do trem tur\u00edstico, basta&nbsp;<a href=\"https:\/\/www.vli-logistica.com.br\/wp-content\/uploads\/2023\/04\/Agenda-Abril-2023-v2.pdf\" target=\"_blank\" rel=\"noreferrer noopener\">clicar aqui<\/a>.<\/p>\n\n\n\n<p>Al\u00e9m disso, a supervisora frisa que o Museu Ferrovi\u00e1rio, inaugurado em 28 de agosto de 1981 por ocasi\u00e3o do centen\u00e1rio da antiga Estrada de Ferro Oeste de Minas (EFOM), estar\u00e1 aberto \u00e0 visita\u00e7\u00e3o. &#8220;Ele \u00e9 o maior centro de preserva\u00e7\u00e3o da hist\u00f3ria ferrovi\u00e1ria do Brasil e a entrada \u00e9 gratuita.&nbsp;A grande rel\u00edquia do museu \u00e9 a locomotiva que transportou Dom Pedro II e sua comitiva na inaugura\u00e7\u00e3o da EFOM, em 1881&#8221;, conclui.<\/p>\n\n\n\n<p><strong>Parceria<\/strong><\/p>\n\n\n\n<p>O secret\u00e1rio municipal de Cultura e Turismo de S\u00e3o Jo\u00e3o del-Rei, Marcus Frois, ressalta que o evento, realizado na Esta\u00e7\u00e3o da Maria Fuma\u00e7a, pelo munic\u00edpio com a VLI, \u00e9 significativo para o turismo local. &#8220;Esta parceria agrega, e muito, para S\u00e3o Jo\u00e3o del-Rei e regi\u00e3o. Resgatamos o trem noturno que, com o tema &#8216;Inconfid\u00eancia Mineira&#8217;, ter\u00e1 um visual totalmente diferenciado e passeios em um clima agradabil\u00edssimo, porque estamos agora no per\u00edodo do outono. Agradecemos a parceria e queremos, cada vez mais, trazer para S\u00e3o Jo\u00e3o del-Rei aqueles que se interessam por diversidade cultural, nossa arquitetura e hist\u00f3ria&#8221;, destaca Marcos Frois.<\/p>\n\n\n\n<p><strong>Passagens<\/strong><\/p>\n\n\n\n<p>A venda de passagens ser\u00e1 feita por meio das bilheterias, nas esta\u00e7\u00f5es de S\u00e3o Jo\u00e3o del-Rei e Tiradentes, bem como pela internet. Pela web, clique no link do&nbsp;<a href=\"https:\/\/vlilogistica.guichevirtual.com.br\/passagem-de-onibus\/tiradentes-mg\/sao-joao-del-rei-mg\" target=\"_blank\" rel=\"noreferrer noopener\">Guich\u00ea Virtual<\/a>, para ser direcionado ao site respons\u00e1vel pela venda de passagens do trem tur\u00edstico.<\/p>\n\n\n\n<p>A tarifa inteira para ida \u00e9 de R$ 70 e a inteira ida e volta custa R$ 140. A entrada \u00e9 gratuita para crian\u00e7as de 0 a 5 anos (no colo), mediante apresenta\u00e7\u00e3o de certid\u00e3o de nascimento ou carteira de identidade. T\u00eam direito \u00e0 meia-entrada (50%)<strong>:&nbsp;<\/strong>crian\u00e7as de 6 a 12 anos, com a apresenta\u00e7\u00e3o de certid\u00e3o de nascimento ou carteira de identidade; estudantes com carteirinha v\u00e1lida no per\u00edodo e identidade com foto; pessoas com defici\u00eancia portando carteirinha ou laudo m\u00e9dico; e pessoas a partir de 60 anos, apresentando documento de identidade com foto. Mais informa\u00e7\u00f5es podem ser obtidas pelo telefone (32) 3371-8485.<\/p>\n\n\n\n<p><strong>Sobre a VLI<\/strong><\/p>\n\n\n\n<p><a>A VLI tem o compromisso de apoiar a transforma\u00e7\u00e3o da log\u00edstica no pa\u00eds, por meio da integra\u00e7\u00e3o de servi\u00e7os em portos, ferrovias e terminais. A empresa engloba as ferrovias Norte Sul (FNS) e Centro-Atl\u00e2ntica (FCA), al\u00e9m de terminais intermodais, que unem o carregamento e o descarregamento de produtos ao transporte ferrovi\u00e1rio, e terminais portu\u00e1rios situados em eixos estrat\u00e9gicos da costa brasileira, tais como em Santos (SP), S\u00e3o Lu\u00eds (MA) e Vit\u00f3ria (ES). Por tr\u00eas anos consecutivos presente no ranking 100 Open Corps \u2013 que reconhece o est\u00edmulo \u00e0 inova\u00e7\u00e3o aberta \u2013, a VLI transporta as riquezas do Brasil por rotas que passam pelas regi\u00f5es Norte, Nordeste, Sudeste e Centro-Oeste.<\/a><\/p>\n","protected":false},"excerpt":{"rendered":"<p>Feriado de Tiradentes<\/p>\n","protected":false},"author":1,"featured_media":459,"comment_status":"open","ping_status":"open","sticky":false,"template":"","format":"standard","meta":{"footnotes":"","_jetpack_memberships_contains_paid_content":false,"jetpack_publicize_message":"","jetpack_publicize_feature_enabled":true,"jetpack_social_post_already_shared":true,"jetpack_social_options":{"image_generator_settings":{"template":"highway","enabled":false}}},"categories":[1],"tags":[],"jetpack_publicize_connections":[],"views":1202,"jetpack_sharing_enabled":true,"jetpack_featured_media_url":"https:\/\/i0.wp.com\/portalinconfidentes.com.br\/wp-content\/uploads\/2023\/04\/fuma-m.jpg?fit=800%2C533&ssl=1","_links":{"self":[{"href":"https:\/\/portalinconfidentes.com.br\/index.php\/wp-json\/wp\/v2\/posts\/458"}],"collection":[{"href":"https:\/\/portalinconfidentes.com.br\/index.php\/wp-json\/wp\/v2\/posts"}],"about":[{"href":"https:\/\/portalinconfidentes.com.br\/index.php\/wp-json\/wp\/v2\/types\/post"}],"author":[{"embeddable":true,"href":"https:\/\/portalinconfidentes.com.br\/index.php\/wp-json\/wp\/v2\/users\/1"}],"replies":[{"embeddable":true,"href":"https:\/\/portalinconfidentes.com.br\/index.php\/wp-json\/wp\/v2\/comments?post=458"}],"version-history":[{"count":1,"href":"https:\/\/portalinconfidentes.com.br\/index.php\/wp-json\/wp\/v2\/posts\/458\/revisions"}],"predecessor-version":[{"id":460,"href":"https:\/\/portalinconfidentes.com.br\/index.php\/wp-json\/wp\/v2\/posts\/458\/revisions\/460"}],"wp:featuredmedia":[{"embeddable":true,"href":"https:\/\/portalinconfidentes.com.br\/index.php\/wp-json\/wp\/v2\/media\/459"}],"wp:attachment":[{"href":"https:\/\/portalinconfidentes.com.br\/index.php\/wp-json\/wp\/v2\/media?parent=458"}],"wp:term":[{"taxonomy":"category","embeddable":true,"href":"https:\/\/portalinconfidentes.com.br\/index.php\/wp-json\/wp\/v2\/categories?post=458"},{"taxonomy":"post_tag","embeddable":true,"href":"https:\/\/portalinconfidentes.com.br\/index.php\/wp-json\/wp\/v2\/tags?post=458"}],"curies":[{"name":"wp","href":"https:\/\/api.w.org\/{rel}","templated":true}]}}