{"id":455,"date":"2023-04-17T20:55:26","date_gmt":"2023-04-17T23:55:26","guid":{"rendered":"https:\/\/portalinconfidentes.com.br\/?p=455"},"modified":"2023-04-17T20:55:26","modified_gmt":"2023-04-17T23:55:26","slug":"o-maior-evento-de-musica-gospel-de-minas-gerais-esta-de-volta-em-mariana","status":"publish","type":"post","link":"https:\/\/portalinconfidentes.com.br\/index.php\/2023\/04\/17\/o-maior-evento-de-musica-gospel-de-minas-gerais-esta-de-volta-em-mariana\/","title":{"rendered":"O maior evento de m\u00fasica gospel de Minas Gerais est\u00e1 de volta em Mariana!"},"content":{"rendered":"\n<p><em>Por Maria Gabriela Meireles<\/em><\/p>\n\n\n\n<p>O Encontro Regional de Evang\u00e9licos de Mariana (EREM) est\u00e1 de volta \u00e0 sua 21\u00b0 edi\u00e7\u00e3o em nosso munic\u00edpio! Com data marcada para os dias 21 e 22 de abril, na Pra\u00e7a Tancredo Neves, o encontro \u00e9 considerado o maior evento evang\u00e9lico da Regi\u00e3o dos Inconfidentes e ir\u00e1 receber grandes nomes do cen\u00e1rio gospel, como os cantores Aline Barros e Isaias Saad. O evento, criado pela&nbsp;Lei 1814\/2003,&nbsp;faz parte do calend\u00e1rio oficial da cidade e \u00e9 resultado da uni\u00e3o das igrejas evang\u00e9licas locais, organizado pelo Conselho de Pastores Livres de Mariana (COPLEM), com realiza\u00e7\u00e3o da Secretaria de Cultura, Patrim\u00f4nio Hist\u00f3rico, Turismo e Lazer. O evento \u00e9 gratuito para a popula\u00e7\u00e3o.&nbsp;<\/p>\n\n\n\n<p>Para a Pastora Fab\u00edola Moreira, da Igreja Batista Peniel, o EREM tem como foco trazer uni\u00e3o para as igrejas do munic\u00edpio. \u201cA import\u00e2ncia do encontro \u00e9 reunir crist\u00e3os evang\u00e9licos na dissemina\u00e7\u00e3o do evangelho em sua ess\u00eancia. \u00c9 um momento para aben\u00e7oar todas as fam\u00edlias da cidade, fazendo com o que o nome de Deus seja adorado e exaltado com shows de m\u00fasica gospel, adora\u00e7\u00e3o e prega\u00e7\u00f5es\u201d, afirmou. Confira a programa\u00e7\u00e3o completa e prestigie!<\/p>\n\n\n\n<p><br><strong>SEXTA-FEIRA (21)<\/strong><\/p>\n\n\n\n<p><strong>19h30:&nbsp;<\/strong>Abertura oficial do evento<\/p>\n\n\n\n<ul>\n<li>Banda EREM<\/li>\n\n\n\n<li>Ap\u00f3stolo Ricardo Batista, pastor presidente da Igreja Batista Amigos de Deus, em Belo Horizonte<\/li>\n<\/ul>\n\n\n\n<p><strong>22h:&nbsp;<\/strong>Show com o cantor Isaias Saad<\/p>\n\n\n\n<p><strong>S\u00c1BADO (22)<\/strong><\/p>\n\n\n\n<p><strong>8h \u00e0s 12h:&nbsp;<\/strong>Marcha para Jesus<\/p>\n\n\n\n<p><strong>08h:&nbsp;<\/strong>Concentra\u00e7\u00e3o no Terminal Tur\u00edstico&nbsp;<\/p>\n\n\n\n<p><strong>09h:<\/strong>&nbsp;Marcha para Jesus no Centro Hist\u00f3rico<\/p>\n\n\n\n<p><strong>10h:<\/strong>&nbsp;Culto Evangel\u00edstico no Terminal Tur\u00edstico<\/p>\n\n\n\n<p><strong>11h:<\/strong>&nbsp;Banda local e Evangelismo estrat\u00e9gico, com a intercess\u00e3o pela cidade com os pastores locais&nbsp;<\/p>\n\n\n\n<p><strong>12h:&nbsp;<\/strong>Encerramento<\/p>\n\n\n\n<p><strong>TRAJETO DA MARCHA<\/strong><\/p>\n\n\n\n<p>Concentra\u00e7\u00e3o e sa\u00edda: Terminal Tur\u00edstico&nbsp;<\/p>\n\n\n\n<p><strong>Percurso:&nbsp;<\/strong>Rua Salvador Furtado, Rua Padre Gon\u00e7alves Lopes, Pra\u00e7a Cl\u00e1udio Manoel (Pra\u00e7a da S\u00e9), Rua Frei Dur\u00e3o, Pra\u00e7a Gomes Freire, Rua Jo\u00e3o Pinheiro, Pra\u00e7a Minas Gerais, Rua Professor Waldemar Moura Santos, Rua Josaf\u00e1 Macedo, Terminal Tur\u00edstico (chegada).&nbsp;<\/p>\n\n\n\n<p><strong>19h30:&nbsp;<\/strong>Abertura com dan\u00e7a&nbsp;<\/p>\n\n\n\n<ul>\n<li>Banda EREM<\/li>\n\n\n\n<li>Pastor Ruan Noce Gomides, da Primeira Igreja Batista de Belo Horizonte<\/li>\n<\/ul>\n\n\n\n<p><strong>22h:&nbsp;<\/strong>Aline Barros<\/p>\n\n\n\n<p>Acompanhe as redes oficiais da Prefeitura de Mariana e fique por dentro da programa\u00e7\u00e3o completa!<\/p>\n","protected":false},"excerpt":{"rendered":"<p>M\u00fasica gospel<\/p>\n","protected":false},"author":1,"featured_media":456,"comment_status":"open","ping_status":"open","sticky":false,"template":"","format":"standard","meta":{"footnotes":"","_jetpack_memberships_contains_paid_content":false,"jetpack_publicize_message":"","jetpack_publicize_feature_enabled":true,"jetpack_social_post_already_shared":true,"jetpack_social_options":{"image_generator_settings":{"template":"highway","enabled":false}}},"categories":[1],"tags":[],"jetpack_publicize_connections":[],"views":1568,"jetpack_sharing_enabled":true,"jetpack_featured_media_url":"https:\/\/i0.wp.com\/portalinconfidentes.com.br\/wp-content\/uploads\/2023\/04\/eren.jpg?fit=800%2C533&ssl=1","_links":{"self":[{"href":"https:\/\/portalinconfidentes.com.br\/index.php\/wp-json\/wp\/v2\/posts\/455"}],"collection":[{"href":"https:\/\/portalinconfidentes.com.br\/index.php\/wp-json\/wp\/v2\/posts"}],"about":[{"href":"https:\/\/portalinconfidentes.com.br\/index.php\/wp-json\/wp\/v2\/types\/post"}],"author":[{"embeddable":true,"href":"https:\/\/portalinconfidentes.com.br\/index.php\/wp-json\/wp\/v2\/users\/1"}],"replies":[{"embeddable":true,"href":"https:\/\/portalinconfidentes.com.br\/index.php\/wp-json\/wp\/v2\/comments?post=455"}],"version-history":[{"count":1,"href":"https:\/\/portalinconfidentes.com.br\/index.php\/wp-json\/wp\/v2\/posts\/455\/revisions"}],"predecessor-version":[{"id":457,"href":"https:\/\/portalinconfidentes.com.br\/index.php\/wp-json\/wp\/v2\/posts\/455\/revisions\/457"}],"wp:featuredmedia":[{"embeddable":true,"href":"https:\/\/portalinconfidentes.com.br\/index.php\/wp-json\/wp\/v2\/media\/456"}],"wp:attachment":[{"href":"https:\/\/portalinconfidentes.com.br\/index.php\/wp-json\/wp\/v2\/media?parent=455"}],"wp:term":[{"taxonomy":"category","embeddable":true,"href":"https:\/\/portalinconfidentes.com.br\/index.php\/wp-json\/wp\/v2\/categories?post=455"},{"taxonomy":"post_tag","embeddable":true,"href":"https:\/\/portalinconfidentes.com.br\/index.php\/wp-json\/wp\/v2\/tags?post=455"}],"curies":[{"name":"wp","href":"https:\/\/api.w.org\/{rel}","templated":true}]}}