{"id":449,"date":"2023-04-15T18:09:51","date_gmt":"2023-04-15T21:09:51","guid":{"rendered":"https:\/\/portalinconfidentes.com.br\/?p=449"},"modified":"2023-04-15T18:09:51","modified_gmt":"2023-04-15T21:09:51","slug":"primeira-assembleia-geral-dos-usuarios-do-projovem-acontece-em-mariana","status":"publish","type":"post","link":"https:\/\/portalinconfidentes.com.br\/index.php\/2023\/04\/15\/primeira-assembleia-geral-dos-usuarios-do-projovem-acontece-em-mariana\/","title":{"rendered":"Primeira Assembleia Geral dos usu\u00e1rios do ProJovem acontece em Mariana"},"content":{"rendered":"\n<p><em>Por Evelin Almeida<\/em><\/p>\n\n\n\n<p>Na ter\u00e7a-feira (04), a Prefeitura de Mariana, por meio da Secretaria de Desenvolvimento Social e Cidadania, realizou a 1\u00aa Assembleia Geral dos usu\u00e1rios do ProJovem, no audit\u00f3rio do CRIA. O momento aconteceu em dois turnos e teve por objetivo alinhar as expectativas do usu\u00e1rio com a Secretaria. Al\u00e9m disso, o encontro permitiu estreitar os la\u00e7os com nova coordena\u00e7\u00e3o e refor\u00e7ar o compromisso com o Programa, de acordo com a lei vigente.&nbsp;<\/p>\n\n\n\n<p>Estiveram presentes os representantes do Programa, o setor de Recursos Humanos e a Coordena\u00e7\u00e3o da Casa dos Conselhos para esclarecer eventuais d\u00favidas e pontuar as pend\u00eancias encontradas sobre a continuidade e perman\u00eancia dos jovens. Luciano Nascimento, atual Coordenador do Programa, pontua: \u201ca responsabilidade com a frequ\u00eancia e a folha de ponto \u00e9 de voc\u00eas. O ProJovem existe porque voc\u00eas est\u00e3o presentes. \u00c9 a nossa primeira assembleia do ano e seguimos com tranquilidade para estabelecer uma boa comunica\u00e7\u00e3o\u201d, destacou.<\/p>\n\n\n\n<p>O Programa ProJovem foi institu\u00eddo em 09 de abril de 2012 pela lei n\u00ba 2.605\/2012 e reformulado em mar\u00e7o de 2021, pela lei n\u00ba 53\/2021, e disp\u00f5e o Programa como parte de uma pol\u00edtica p\u00fablica que proporciona capacita\u00e7\u00e3o profissional dos jovens em situa\u00e7\u00e3o de vulnerabilidade para ingressar no mercado de trabalho.<\/p>\n\n\n\n<p><strong>SOBRE O PROJOVEM<\/strong><\/p>\n\n\n\n<p>O projeto atende jovens de 16 a 21 anos, em situa\u00e7\u00e3o de vulnerabilidade social e incentiva a inser\u00e7\u00e3o destes no mercado de trabalho, a fim de promover a inclus\u00e3o social e gerar renda para quem ainda n\u00e3o teve a oportunidade de ter seu primeiro emprego. Al\u00e9m disso, o ProJovem apoia o com\u00e9rcio do munic\u00edpio, que passa a receber jovens preparados para contribu\u00edrem com as demandas, de forma totalmente gratuita. As empresas parceiras capacitam e orientam o desempenho das atividades a serem realizadas no ambiente de trabalho, al\u00e9m de&nbsp; acompanhar a assiduidade, pontualidade e o desenvolvimento das atividades realizadas.<\/p>\n\n\n\n<p>Foto: Evelin Almeida<\/p>\n","protected":false},"excerpt":{"rendered":"<p>Pro Jovem acontece em Mariana<\/p>\n","protected":false},"author":1,"featured_media":450,"comment_status":"open","ping_status":"open","sticky":false,"template":"","format":"standard","meta":{"footnotes":"","_jetpack_memberships_contains_paid_content":false,"jetpack_publicize_message":"","jetpack_publicize_feature_enabled":true,"jetpack_social_post_already_shared":true,"jetpack_social_options":{"image_generator_settings":{"template":"highway","enabled":false}}},"categories":[1],"tags":[],"jetpack_publicize_connections":[],"views":1567,"jetpack_sharing_enabled":true,"jetpack_featured_media_url":"https:\/\/i0.wp.com\/portalinconfidentes.com.br\/wp-content\/uploads\/2023\/04\/marinas.jpg?fit=800%2C533&ssl=1","_links":{"self":[{"href":"https:\/\/portalinconfidentes.com.br\/index.php\/wp-json\/wp\/v2\/posts\/449"}],"collection":[{"href":"https:\/\/portalinconfidentes.com.br\/index.php\/wp-json\/wp\/v2\/posts"}],"about":[{"href":"https:\/\/portalinconfidentes.com.br\/index.php\/wp-json\/wp\/v2\/types\/post"}],"author":[{"embeddable":true,"href":"https:\/\/portalinconfidentes.com.br\/index.php\/wp-json\/wp\/v2\/users\/1"}],"replies":[{"embeddable":true,"href":"https:\/\/portalinconfidentes.com.br\/index.php\/wp-json\/wp\/v2\/comments?post=449"}],"version-history":[{"count":1,"href":"https:\/\/portalinconfidentes.com.br\/index.php\/wp-json\/wp\/v2\/posts\/449\/revisions"}],"predecessor-version":[{"id":451,"href":"https:\/\/portalinconfidentes.com.br\/index.php\/wp-json\/wp\/v2\/posts\/449\/revisions\/451"}],"wp:featuredmedia":[{"embeddable":true,"href":"https:\/\/portalinconfidentes.com.br\/index.php\/wp-json\/wp\/v2\/media\/450"}],"wp:attachment":[{"href":"https:\/\/portalinconfidentes.com.br\/index.php\/wp-json\/wp\/v2\/media?parent=449"}],"wp:term":[{"taxonomy":"category","embeddable":true,"href":"https:\/\/portalinconfidentes.com.br\/index.php\/wp-json\/wp\/v2\/categories?post=449"},{"taxonomy":"post_tag","embeddable":true,"href":"https:\/\/portalinconfidentes.com.br\/index.php\/wp-json\/wp\/v2\/tags?post=449"}],"curies":[{"name":"wp","href":"https:\/\/api.w.org\/{rel}","templated":true}]}}