{"id":440,"date":"2023-04-15T17:49:54","date_gmt":"2023-04-15T20:49:54","guid":{"rendered":"https:\/\/portalinconfidentes.com.br\/?p=440"},"modified":"2023-04-15T17:49:54","modified_gmt":"2023-04-15T20:49:54","slug":"acoes-preventivas-prefeitura-de-itabirito-reforca-seguranca-nas-escolas","status":"publish","type":"post","link":"https:\/\/portalinconfidentes.com.br\/index.php\/2023\/04\/15\/acoes-preventivas-prefeitura-de-itabirito-reforca-seguranca-nas-escolas\/","title":{"rendered":"A\u00e7\u00f5es preventivas: Prefeitura de Itabirito refor\u00e7a seguran\u00e7a nas escolas"},"content":{"rendered":"\n<p>A fim de garantir ainda mais seguran\u00e7a aos alunos e funcion\u00e1rios das escolas localizadas em Itabirito, a Prefeitura de Itabirito, por meio das Secretarias de Seguran\u00e7a e Tr\u00e2nsito e de Educa\u00e7\u00e3o, intensificou as a\u00e7\u00f5es relacionadas \u00e0 seguran\u00e7a escolar e \u00e0 conscientiza\u00e7\u00e3o sobre a preven\u00e7\u00e3o de incidentes.<\/p>\n\n\n\n<p>\u201cEstamos atentos \u00e0 quest\u00e3o de seguran\u00e7a nas escolas e estamos agindo de forma contundente, principalmente ap\u00f3s o epis\u00f3dio lament\u00e1vel ocorrido em Blumenau. Vamos realizar um trabalho diferenciado nas escolas de Itabirito, tanto municipais, quanto estaduais e particulares, proporcionando mais seguran\u00e7a a todos\u201d, destaca o prefeito Orlando Caldeira.<\/p>\n\n\n\n<p>A Prefeitura est\u00e1 contando com apoio do Governo do Estado de Minas Gerais, por meio da Superintend\u00eancia Regional de Ensino, sediada em Ouro Preto, em parceria com a Pol\u00edcia Militar, no desenvolvimento de a\u00e7\u00f5es educativas nas escolas.<\/p>\n\n\n\n<p>\u201cA Secretaria de Educa\u00e7\u00e3o sempre esteve muito atenta quanto \u00e0 seguran\u00e7a nas escolas. Contamos com a parceria primordial das fam\u00edlias e, neste momento, vamos solicitar aos pais e respons\u00e1veis o refor\u00e7o dessa parceria, principalmente na quest\u00e3o dos celulares dos filhos. A preven\u00e7\u00e3o \u00e9 essencial para evitar qualquer ato alheio \u00e0 rotina escolar\u201d, destaca Fl\u00e1via Souza, diretora da Secretaria de Educa\u00e7\u00e3o.<\/p>\n\n\n\n<p><strong>For\u00e7as de seguran\u00e7a em a\u00e7\u00e3o<\/strong><\/p>\n\n\n\n<p>Uma das primeiras provid\u00eancias definidas pela Prefeitura foi o contato com a Pol\u00edcia Militar visando \u00e0 solicita\u00e7\u00e3o de ronda ostensiva nas escolas do munic\u00edpio, priorizando as zonas de maior vulnerabilidade social.<\/p>\n\n\n\n<p>Al\u00e9m disso, a Guarda Civil Municipal refor\u00e7ou a rotina de patrulhamentos e est\u00e1 atuando com equipes operacionais. A corpora\u00e7\u00e3o tamb\u00e9m foi respons\u00e1vel pelo cadastramento das escolas municipais para implanta\u00e7\u00e3o do bot\u00e3o do p\u00e2nico. A iniciativa tamb\u00e9m envolve o Cinsed, por meio de palestras e jogos.\u00a0<\/p>\n\n\n\n<p><\/p>\n","protected":false},"excerpt":{"rendered":"<p>Prefeitura de Itabirito<\/p>\n","protected":false},"author":1,"featured_media":441,"comment_status":"open","ping_status":"open","sticky":false,"template":"","format":"standard","meta":{"footnotes":"","_jetpack_memberships_contains_paid_content":false,"jetpack_publicize_message":"","jetpack_publicize_feature_enabled":true,"jetpack_social_post_already_shared":true,"jetpack_social_options":{"image_generator_settings":{"template":"highway","enabled":false}}},"categories":[1],"tags":[],"jetpack_publicize_connections":[],"views":1284,"jetpack_sharing_enabled":true,"jetpack_featured_media_url":"https:\/\/i0.wp.com\/portalinconfidentes.com.br\/wp-content\/uploads\/2023\/04\/itabir.jpg?fit=800%2C533&ssl=1","_links":{"self":[{"href":"https:\/\/portalinconfidentes.com.br\/index.php\/wp-json\/wp\/v2\/posts\/440"}],"collection":[{"href":"https:\/\/portalinconfidentes.com.br\/index.php\/wp-json\/wp\/v2\/posts"}],"about":[{"href":"https:\/\/portalinconfidentes.com.br\/index.php\/wp-json\/wp\/v2\/types\/post"}],"author":[{"embeddable":true,"href":"https:\/\/portalinconfidentes.com.br\/index.php\/wp-json\/wp\/v2\/users\/1"}],"replies":[{"embeddable":true,"href":"https:\/\/portalinconfidentes.com.br\/index.php\/wp-json\/wp\/v2\/comments?post=440"}],"version-history":[{"count":1,"href":"https:\/\/portalinconfidentes.com.br\/index.php\/wp-json\/wp\/v2\/posts\/440\/revisions"}],"predecessor-version":[{"id":442,"href":"https:\/\/portalinconfidentes.com.br\/index.php\/wp-json\/wp\/v2\/posts\/440\/revisions\/442"}],"wp:featuredmedia":[{"embeddable":true,"href":"https:\/\/portalinconfidentes.com.br\/index.php\/wp-json\/wp\/v2\/media\/441"}],"wp:attachment":[{"href":"https:\/\/portalinconfidentes.com.br\/index.php\/wp-json\/wp\/v2\/media?parent=440"}],"wp:term":[{"taxonomy":"category","embeddable":true,"href":"https:\/\/portalinconfidentes.com.br\/index.php\/wp-json\/wp\/v2\/categories?post=440"},{"taxonomy":"post_tag","embeddable":true,"href":"https:\/\/portalinconfidentes.com.br\/index.php\/wp-json\/wp\/v2\/tags?post=440"}],"curies":[{"name":"wp","href":"https:\/\/api.w.org\/{rel}","templated":true}]}}