{"id":417,"date":"2023-04-12T21:36:31","date_gmt":"2023-04-13T00:36:31","guid":{"rendered":"https:\/\/portalinconfidentes.com.br\/?p=417"},"modified":"2023-04-12T21:36:31","modified_gmt":"2023-04-13T00:36:31","slug":"espetaculo-de-fe-e-devocao-marca-a-semana-santa-em-mariana","status":"publish","type":"post","link":"https:\/\/portalinconfidentes.com.br\/index.php\/2023\/04\/12\/espetaculo-de-fe-e-devocao-marca-a-semana-santa-em-mariana\/","title":{"rendered":"Espet\u00e1culo de f\u00e9 e devo\u00e7\u00e3o marca a Semana Santa em Mariana"},"content":{"rendered":"\n<p><em>Por Maria Gabriela Meireles<\/em><\/p>\n\n\n\n<p>Dos dias 31 de mar\u00e7o a 08 de abril, a Primaz de Minas, cidade ber\u00e7o da religiosidade mineira, viveu dias intensos de f\u00e9 e devo\u00e7\u00e3o ao relembrar os passos da paix\u00e3o, morte e ressurrei\u00e7\u00e3o de Cristo, durante a Semana Santa. Ao longo da programa\u00e7\u00e3o, os fi\u00e9is participaram de missas, confiss\u00f5es, prociss\u00f5es e cerim\u00f4nias que tomaram as ruas do Centro Hist\u00f3rico em um dos eventos mais tradicionais do calend\u00e1rio religioso de Minas Gerais.<\/p>\n\n\n\n<p>Os tradicionais panos roxos e as colchas bordadas nas sacadas dos casar\u00f5es marcaram o in\u00edcio das festividades em Mariana, cidade sede do Primeiro Bispado Mineiro e que mant\u00e9m tradi\u00e7\u00f5es que datam do s\u00e9culo passado e atraem olhares de todos os cantos do pa\u00eds. \u201c\u00c9 uma semana muito comovente, de entrega, de participa\u00e7\u00e3o, n\u00e3o \u00e9 a primeira vez que venho passar aqui a Semana Santa e sempre volto pra casa renovada. D\u00e1 vontade de trazer um pedacinho de Mariana pro Rio, porque \u00e9 uma sensa\u00e7\u00e3o grandiosa que eu nunca vi em outro lugar\u201d, declarou Eliane Pereira, que veio do Rio de Janeiro para viver a experi\u00eancia religiosa na Primaz.&nbsp;<\/p>\n\n\n\n<p>O guia tur\u00edstico Edmilson Barros \u00e9 natural de Duque de Caxias e trouxe uma excurs\u00e3o de turistas para celebrar a Sexta-feira da Paix\u00e3o em Mariana. \u201cViemos de longe para acompanhar as celebra\u00e7\u00f5es, e com toda certeza n\u00f3s vamos voltar no ano que vem, ficamos encantados com o que assistimos aqui\u201d, afirmou.&nbsp;<\/p>\n\n\n\n<p>Na Quinta-feira Santa (06), o Arcebispo de Mariana, Dom Airton Jos\u00e9 dos Santos, celebrou a missa com o rito de Lava-p\u00e9s, um dos epis\u00f3dios mais conhecidos do Evangelho e que no catolicismo representa o exemplo de humildade deixado por Jesus ao lavar os p\u00e9s dos seus ap\u00f3stolos. \u201cQue a perseveran\u00e7a e a humildade de Cristo possa renascer sempre em nossos cora\u00e7\u00f5es\u201d, afirmou o Arcebispo. Ap\u00f3s a celebra\u00e7\u00e3o, a desnuda\u00e7\u00e3o dos altares e a prociss\u00e3o de translada\u00e7\u00e3o do Sant\u00edssimo Sacramento emocionou os devotos.&nbsp;<\/p>\n\n\n\n<p>A cerim\u00f4nia do Descendimento da Cruz, na Sexta-feira Santa (07), retratou a paix\u00e3o e morte de Cristo e reuniu dezenas de fi\u00e9is mesmo em meio a chuva, na Pra\u00e7a Minas Gerais. A piedosa Prociss\u00e3o do Enterro foi acompanhada por uma multid\u00e3o que seguiu at\u00e9 a Catedral Bas\u00edlica Nossa Senhora da Assun\u00e7\u00e3o. No S\u00e1bado de Aleluia (08), os devotos se colocaram em vig\u00edlia \u00e0 espera da ressurrei\u00e7\u00e3o de Cristo.<\/p>\n\n\n\n<p>No Domingo de P\u00e1scoa (09), o espet\u00e1culo de f\u00e9 e emo\u00e7\u00e3o tomou conta das ruas de Mariana com a Santa Missa presidida pelo Sr. Arcebispo Metropolitano Dom Airton Jos\u00e9 dos Santos, na Pra\u00e7a dos Ferrovi\u00e1rios, seguida pela&nbsp; Prociss\u00e3o Luminosa da Ressurrei\u00e7\u00e3o com o Sant\u00edssimo Sacramento para a Pra\u00e7a da S\u00e9. Ao som dos tradicionais sinos e cantos, a igreja anunciava a prociss\u00e3o, que passava pelas ruas hist\u00f3ricas cercadas de tapetes de serragem, vasos de flores nas janelas e toalhas bordadas.<\/p>\n\n\n\n<p><strong>TAPETES DEVOCIONAIS &#8211;&nbsp;&nbsp;<\/strong>Na manh\u00e3 do Domingo de P\u00e1scoa, moradores, turistas e artes\u00e3os da Associa\u00e7\u00e3o Marianense de Artistas Pl\u00e1sticos (AMAP) foram os respons\u00e1veis por confeccionar os tapetes de serragem para a passagem das prociss\u00f5es. As ruas Santa Cruz, no Barro Preto, Josaf\u00e1 Macedo, no Centro, e a Rua Direita foram enfeitadas por serragens coloridas que fazem alus\u00e3o \u00e0 entrada de Cristo em Jerusal\u00e9m, quando a popula\u00e7\u00e3o cobriu as ruas com ramos para a sua chegada. Neste ano, a confec\u00e7\u00e3o dos tapetes contou com a ajuda das crian\u00e7as do nosso munic\u00edpio, um projeto inicial da Par\u00f3quia da Catedral Bas\u00edlica que tem como objetivo fazer com que as crian\u00e7as sejam protagonistas na vida eclesial da igreja, envolvendo toda a fam\u00edlia em um processo de express\u00e3o da f\u00e9 por meio da arte.&nbsp;<\/p>\n\n\n\n<p><strong>PROCISS\u00c3O DAS ALMAS &#8211;&nbsp;<\/strong>Nos cinco primeiros minutos do S\u00e1bado de Aleluia, moradores sa\u00edram \u00e0s ruas de Mariana vestidos com t\u00fanicas brancas, carregando velas, ossos, matracas e correntes, em uma prociss\u00e3o que h\u00e1 mais de 30 anos \u00e9 realizada no munic\u00edpio e preserva o patrim\u00f4nio material e imaterial da cidade. A Prociss\u00e3o das Almas (ou Prociss\u00e3o do Miserere) revive antigas lendas marianenses e repassa de gera\u00e7\u00e3o para gera\u00e7\u00e3o o folclore e a cultura local.<\/p>\n\n\n\n<div class=\"wp-block-jetpack-tiled-gallery aligncenter is-style-rectangular\"><div class=\"tiled-gallery__gallery\"><div class=\"tiled-gallery__row\"><div class=\"tiled-gallery__col\" style=\"flex-basis:35.00943%\"><figure class=\"tiled-gallery__item\"><img data-attachment-id=\"419\" data-permalink=\"https:\/\/portalinconfidentes.com.br\/index.php\/2023\/04\/12\/espetaculo-de-fe-e-devocao-marca-a-semana-santa-em-mariana\/semana-santa-mariana-2023-1\/\" data-orig-file=\"https:\/\/i0.wp.com\/portalinconfidentes.com.br\/wp-content\/uploads\/2023\/04\/Semana-Santa-Mariana-2023-1.jpeg?fit=1600%2C900&amp;ssl=1\" data-orig-size=\"1600,900\" data-comments-opened=\"1\" data-image-meta=\"{&quot;aperture&quot;:&quot;0&quot;,&quot;credit&quot;:&quot;&quot;,&quot;camera&quot;:&quot;&quot;,&quot;caption&quot;:&quot;&quot;,&quot;created_timestamp&quot;:&quot;0&quot;,&quot;copyright&quot;:&quot;&quot;,&quot;focal_length&quot;:&quot;0&quot;,&quot;iso&quot;:&quot;0&quot;,&quot;shutter_speed&quot;:&quot;0&quot;,&quot;title&quot;:&quot;&quot;,&quot;orientation&quot;:&quot;0&quot;}\" data-image-title=\"Semana-Santa-Mariana-2023-1\" data-image-description=\"\" data-image-caption=\"\" data-medium-file=\"https:\/\/i0.wp.com\/portalinconfidentes.com.br\/wp-content\/uploads\/2023\/04\/Semana-Santa-Mariana-2023-1.jpeg?fit=300%2C169&amp;ssl=1\" data-large-file=\"https:\/\/i0.wp.com\/portalinconfidentes.com.br\/wp-content\/uploads\/2023\/04\/Semana-Santa-Mariana-2023-1.jpeg?fit=1024%2C576&amp;ssl=1\" decoding=\"async\" data-attachment-id=\"419\" data-permalink=\"https:\/\/portalinconfidentes.com.br\/index.php\/2023\/04\/12\/espetaculo-de-fe-e-devocao-marca-a-semana-santa-em-mariana\/semana-santa-mariana-2023-1\/\" data-orig-file=\"https:\/\/i0.wp.com\/portalinconfidentes.com.br\/wp-content\/uploads\/2023\/04\/Semana-Santa-Mariana-2023-1.jpeg?fit=1600%2C900&amp;ssl=1\" data-orig-size=\"1600,900\" data-comments-opened=\"1\" data-image-meta=\"{&quot;aperture&quot;:&quot;0&quot;,&quot;credit&quot;:&quot;&quot;,&quot;camera&quot;:&quot;&quot;,&quot;caption&quot;:&quot;&quot;,&quot;created_timestamp&quot;:&quot;0&quot;,&quot;copyright&quot;:&quot;&quot;,&quot;focal_length&quot;:&quot;0&quot;,&quot;iso&quot;:&quot;0&quot;,&quot;shutter_speed&quot;:&quot;0&quot;,&quot;title&quot;:&quot;&quot;,&quot;orientation&quot;:&quot;0&quot;}\" data-image-title=\"Semana-Santa-Mariana-2023-1\" data-image-description=\"\" data-image-caption=\"\" data-medium-file=\"https:\/\/i0.wp.com\/portalinconfidentes.com.br\/wp-content\/uploads\/2023\/04\/Semana-Santa-Mariana-2023-1.jpeg?fit=300%2C169&amp;ssl=1\" data-large-file=\"https:\/\/i0.wp.com\/portalinconfidentes.com.br\/wp-content\/uploads\/2023\/04\/Semana-Santa-Mariana-2023-1.jpeg?fit=1024%2C576&amp;ssl=1\" srcset=\"https:\/\/i0.wp.com\/portalinconfidentes.com.br\/wp-content\/uploads\/2023\/04\/Semana-Santa-Mariana-2023-1-1024x576.jpeg?strip=info&#038;w=600&#038;ssl=1 600w,https:\/\/i0.wp.com\/portalinconfidentes.com.br\/wp-content\/uploads\/2023\/04\/Semana-Santa-Mariana-2023-1-1024x576.jpeg?strip=info&#038;w=900&#038;ssl=1 900w,https:\/\/i0.wp.com\/portalinconfidentes.com.br\/wp-content\/uploads\/2023\/04\/Semana-Santa-Mariana-2023-1-1024x576.jpeg?strip=info&#038;w=1200&#038;ssl=1 1200w,https:\/\/i0.wp.com\/portalinconfidentes.com.br\/wp-content\/uploads\/2023\/04\/Semana-Santa-Mariana-2023-1-1024x576.jpeg?strip=info&#038;w=1500&#038;ssl=1 1500w,https:\/\/i0.wp.com\/portalinconfidentes.com.br\/wp-content\/uploads\/2023\/04\/Semana-Santa-Mariana-2023-1-1024x576.jpeg?strip=info&#038;w=1600&#038;ssl=1 1600w\" alt=\"\" data-height=\"900\" data-id=\"419\" data-link=\"https:\/\/portalinconfidentes.com.br\/?attachment_id=419\" data-url=\"https:\/\/portalinconfidentes.com.br\/wp-content\/uploads\/2023\/04\/Semana-Santa-Mariana-2023-1-1024x576.jpeg\" data-width=\"1600\" src=\"https:\/\/i0.wp.com\/portalinconfidentes.com.br\/wp-content\/uploads\/2023\/04\/Semana-Santa-Mariana-2023-1-1024x576.jpeg?ssl=1\" data-amp-layout=\"responsive\"\/><\/figure><figure class=\"tiled-gallery__item\"><img data-attachment-id=\"420\" data-permalink=\"https:\/\/portalinconfidentes.com.br\/index.php\/2023\/04\/12\/espetaculo-de-fe-e-devocao-marca-a-semana-santa-em-mariana\/semana-santa-mariana-2023-1-2\/\" data-orig-file=\"https:\/\/i0.wp.com\/portalinconfidentes.com.br\/wp-content\/uploads\/2023\/04\/Semana-Santa-Mariana-2023-1.jpg?fit=2048%2C1367&amp;ssl=1\" data-orig-size=\"2048,1367\" data-comments-opened=\"1\" data-image-meta=\"{&quot;aperture&quot;:&quot;0&quot;,&quot;credit&quot;:&quot;&quot;,&quot;camera&quot;:&quot;&quot;,&quot;caption&quot;:&quot;&quot;,&quot;created_timestamp&quot;:&quot;0&quot;,&quot;copyright&quot;:&quot;&quot;,&quot;focal_length&quot;:&quot;0&quot;,&quot;iso&quot;:&quot;0&quot;,&quot;shutter_speed&quot;:&quot;0&quot;,&quot;title&quot;:&quot;&quot;,&quot;orientation&quot;:&quot;0&quot;}\" data-image-title=\"Semana-Santa-Mariana-2023-1\" data-image-description=\"\" data-image-caption=\"\" data-medium-file=\"https:\/\/i0.wp.com\/portalinconfidentes.com.br\/wp-content\/uploads\/2023\/04\/Semana-Santa-Mariana-2023-1.jpg?fit=300%2C200&amp;ssl=1\" data-large-file=\"https:\/\/i0.wp.com\/portalinconfidentes.com.br\/wp-content\/uploads\/2023\/04\/Semana-Santa-Mariana-2023-1.jpg?fit=1024%2C684&amp;ssl=1\" decoding=\"async\" data-attachment-id=\"420\" data-permalink=\"https:\/\/portalinconfidentes.com.br\/index.php\/2023\/04\/12\/espetaculo-de-fe-e-devocao-marca-a-semana-santa-em-mariana\/semana-santa-mariana-2023-1-2\/\" data-orig-file=\"https:\/\/i0.wp.com\/portalinconfidentes.com.br\/wp-content\/uploads\/2023\/04\/Semana-Santa-Mariana-2023-1.jpg?fit=2048%2C1367&amp;ssl=1\" data-orig-size=\"2048,1367\" data-comments-opened=\"1\" data-image-meta=\"{&quot;aperture&quot;:&quot;0&quot;,&quot;credit&quot;:&quot;&quot;,&quot;camera&quot;:&quot;&quot;,&quot;caption&quot;:&quot;&quot;,&quot;created_timestamp&quot;:&quot;0&quot;,&quot;copyright&quot;:&quot;&quot;,&quot;focal_length&quot;:&quot;0&quot;,&quot;iso&quot;:&quot;0&quot;,&quot;shutter_speed&quot;:&quot;0&quot;,&quot;title&quot;:&quot;&quot;,&quot;orientation&quot;:&quot;0&quot;}\" data-image-title=\"Semana-Santa-Mariana-2023-1\" data-image-description=\"\" data-image-caption=\"\" data-medium-file=\"https:\/\/i0.wp.com\/portalinconfidentes.com.br\/wp-content\/uploads\/2023\/04\/Semana-Santa-Mariana-2023-1.jpg?fit=300%2C200&amp;ssl=1\" data-large-file=\"https:\/\/i0.wp.com\/portalinconfidentes.com.br\/wp-content\/uploads\/2023\/04\/Semana-Santa-Mariana-2023-1.jpg?fit=1024%2C684&amp;ssl=1\" srcset=\"https:\/\/i2.wp.com\/portalinconfidentes.com.br\/wp-content\/uploads\/2023\/04\/Semana-Santa-Mariana-2023-1-1024x684.jpg?strip=info&#038;w=600&#038;ssl=1 600w,https:\/\/i2.wp.com\/portalinconfidentes.com.br\/wp-content\/uploads\/2023\/04\/Semana-Santa-Mariana-2023-1-1024x684.jpg?strip=info&#038;w=900&#038;ssl=1 900w,https:\/\/i2.wp.com\/portalinconfidentes.com.br\/wp-content\/uploads\/2023\/04\/Semana-Santa-Mariana-2023-1-1024x684.jpg?strip=info&#038;w=1200&#038;ssl=1 1200w,https:\/\/i2.wp.com\/portalinconfidentes.com.br\/wp-content\/uploads\/2023\/04\/Semana-Santa-Mariana-2023-1-1024x684.jpg?strip=info&#038;w=1500&#038;ssl=1 1500w,https:\/\/i2.wp.com\/portalinconfidentes.com.br\/wp-content\/uploads\/2023\/04\/Semana-Santa-Mariana-2023-1-1024x684.jpg?strip=info&#038;w=1800&#038;ssl=1 1800w,https:\/\/i2.wp.com\/portalinconfidentes.com.br\/wp-content\/uploads\/2023\/04\/Semana-Santa-Mariana-2023-1-1024x684.jpg?strip=info&#038;w=2000&#038;ssl=1 2000w\" alt=\"\" data-height=\"1367\" data-id=\"420\" data-link=\"https:\/\/portalinconfidentes.com.br\/?attachment_id=420\" data-url=\"https:\/\/portalinconfidentes.com.br\/wp-content\/uploads\/2023\/04\/Semana-Santa-Mariana-2023-1-1024x684.jpg\" data-width=\"2048\" src=\"https:\/\/i2.wp.com\/portalinconfidentes.com.br\/wp-content\/uploads\/2023\/04\/Semana-Santa-Mariana-2023-1-1024x684.jpg?ssl=1\" data-amp-layout=\"responsive\"\/><\/figure><\/div><div class=\"tiled-gallery__col\" style=\"flex-basis:64.99057%\"><figure class=\"tiled-gallery__item\"><img data-attachment-id=\"421\" data-permalink=\"https:\/\/portalinconfidentes.com.br\/index.php\/2023\/04\/12\/espetaculo-de-fe-e-devocao-marca-a-semana-santa-em-mariana\/semana-santa-mariana-2023-2\/\" data-orig-file=\"https:\/\/i0.wp.com\/portalinconfidentes.com.br\/wp-content\/uploads\/2023\/04\/Semana-Santa-Mariana-2023-2.jpeg?fit=1599%2C1066&amp;ssl=1\" data-orig-size=\"1599,1066\" data-comments-opened=\"1\" data-image-meta=\"{&quot;aperture&quot;:&quot;0&quot;,&quot;credit&quot;:&quot;&quot;,&quot;camera&quot;:&quot;&quot;,&quot;caption&quot;:&quot;&quot;,&quot;created_timestamp&quot;:&quot;0&quot;,&quot;copyright&quot;:&quot;&quot;,&quot;focal_length&quot;:&quot;0&quot;,&quot;iso&quot;:&quot;0&quot;,&quot;shutter_speed&quot;:&quot;0&quot;,&quot;title&quot;:&quot;&quot;,&quot;orientation&quot;:&quot;0&quot;}\" data-image-title=\"Semana-Santa-Mariana-2023-2\" data-image-description=\"\" data-image-caption=\"\" data-medium-file=\"https:\/\/i0.wp.com\/portalinconfidentes.com.br\/wp-content\/uploads\/2023\/04\/Semana-Santa-Mariana-2023-2.jpeg?fit=300%2C200&amp;ssl=1\" data-large-file=\"https:\/\/i0.wp.com\/portalinconfidentes.com.br\/wp-content\/uploads\/2023\/04\/Semana-Santa-Mariana-2023-2.jpeg?fit=1024%2C683&amp;ssl=1\" decoding=\"async\" data-attachment-id=\"421\" data-permalink=\"https:\/\/portalinconfidentes.com.br\/index.php\/2023\/04\/12\/espetaculo-de-fe-e-devocao-marca-a-semana-santa-em-mariana\/semana-santa-mariana-2023-2\/\" data-orig-file=\"https:\/\/i0.wp.com\/portalinconfidentes.com.br\/wp-content\/uploads\/2023\/04\/Semana-Santa-Mariana-2023-2.jpeg?fit=1599%2C1066&amp;ssl=1\" data-orig-size=\"1599,1066\" data-comments-opened=\"1\" data-image-meta=\"{&quot;aperture&quot;:&quot;0&quot;,&quot;credit&quot;:&quot;&quot;,&quot;camera&quot;:&quot;&quot;,&quot;caption&quot;:&quot;&quot;,&quot;created_timestamp&quot;:&quot;0&quot;,&quot;copyright&quot;:&quot;&quot;,&quot;focal_length&quot;:&quot;0&quot;,&quot;iso&quot;:&quot;0&quot;,&quot;shutter_speed&quot;:&quot;0&quot;,&quot;title&quot;:&quot;&quot;,&quot;orientation&quot;:&quot;0&quot;}\" data-image-title=\"Semana-Santa-Mariana-2023-2\" data-image-description=\"\" data-image-caption=\"\" data-medium-file=\"https:\/\/i0.wp.com\/portalinconfidentes.com.br\/wp-content\/uploads\/2023\/04\/Semana-Santa-Mariana-2023-2.jpeg?fit=300%2C200&amp;ssl=1\" data-large-file=\"https:\/\/i0.wp.com\/portalinconfidentes.com.br\/wp-content\/uploads\/2023\/04\/Semana-Santa-Mariana-2023-2.jpeg?fit=1024%2C683&amp;ssl=1\" srcset=\"https:\/\/i0.wp.com\/portalinconfidentes.com.br\/wp-content\/uploads\/2023\/04\/Semana-Santa-Mariana-2023-2-1024x683.jpeg?strip=info&#038;w=600&#038;ssl=1 600w,https:\/\/i0.wp.com\/portalinconfidentes.com.br\/wp-content\/uploads\/2023\/04\/Semana-Santa-Mariana-2023-2-1024x683.jpeg?strip=info&#038;w=900&#038;ssl=1 900w,https:\/\/i0.wp.com\/portalinconfidentes.com.br\/wp-content\/uploads\/2023\/04\/Semana-Santa-Mariana-2023-2-1024x683.jpeg?strip=info&#038;w=1200&#038;ssl=1 1200w,https:\/\/i0.wp.com\/portalinconfidentes.com.br\/wp-content\/uploads\/2023\/04\/Semana-Santa-Mariana-2023-2-1024x683.jpeg?strip=info&#038;w=1500&#038;ssl=1 1500w,https:\/\/i0.wp.com\/portalinconfidentes.com.br\/wp-content\/uploads\/2023\/04\/Semana-Santa-Mariana-2023-2-1024x683.jpeg?strip=info&#038;w=1599&#038;ssl=1 1599w\" alt=\"\" data-height=\"1066\" data-id=\"421\" data-link=\"https:\/\/portalinconfidentes.com.br\/?attachment_id=421\" data-url=\"https:\/\/portalinconfidentes.com.br\/wp-content\/uploads\/2023\/04\/Semana-Santa-Mariana-2023-2-1024x683.jpeg\" data-width=\"1599\" src=\"https:\/\/i0.wp.com\/portalinconfidentes.com.br\/wp-content\/uploads\/2023\/04\/Semana-Santa-Mariana-2023-2-1024x683.jpeg?ssl=1\" data-amp-layout=\"responsive\"\/><\/figure><\/div><\/div><div class=\"tiled-gallery__row\"><div class=\"tiled-gallery__col\" style=\"flex-basis:28.29317%\"><figure class=\"tiled-gallery__item\"><img data-attachment-id=\"422\" data-permalink=\"https:\/\/portalinconfidentes.com.br\/index.php\/2023\/04\/12\/espetaculo-de-fe-e-devocao-marca-a-semana-santa-em-mariana\/semana-santa-mariana-2023-4\/\" data-orig-file=\"https:\/\/i0.wp.com\/portalinconfidentes.com.br\/wp-content\/uploads\/2023\/04\/Semana-Santa-Mariana-2023-4.jpeg?fit=1600%2C900&amp;ssl=1\" data-orig-size=\"1600,900\" data-comments-opened=\"1\" data-image-meta=\"{&quot;aperture&quot;:&quot;0&quot;,&quot;credit&quot;:&quot;&quot;,&quot;camera&quot;:&quot;&quot;,&quot;caption&quot;:&quot;&quot;,&quot;created_timestamp&quot;:&quot;0&quot;,&quot;copyright&quot;:&quot;&quot;,&quot;focal_length&quot;:&quot;0&quot;,&quot;iso&quot;:&quot;0&quot;,&quot;shutter_speed&quot;:&quot;0&quot;,&quot;title&quot;:&quot;&quot;,&quot;orientation&quot;:&quot;0&quot;}\" data-image-title=\"Semana-Santa-Mariana-2023-4\" data-image-description=\"\" data-image-caption=\"\" data-medium-file=\"https:\/\/i0.wp.com\/portalinconfidentes.com.br\/wp-content\/uploads\/2023\/04\/Semana-Santa-Mariana-2023-4.jpeg?fit=300%2C169&amp;ssl=1\" data-large-file=\"https:\/\/i0.wp.com\/portalinconfidentes.com.br\/wp-content\/uploads\/2023\/04\/Semana-Santa-Mariana-2023-4.jpeg?fit=1024%2C576&amp;ssl=1\" decoding=\"async\" data-attachment-id=\"422\" data-permalink=\"https:\/\/portalinconfidentes.com.br\/index.php\/2023\/04\/12\/espetaculo-de-fe-e-devocao-marca-a-semana-santa-em-mariana\/semana-santa-mariana-2023-4\/\" data-orig-file=\"https:\/\/i0.wp.com\/portalinconfidentes.com.br\/wp-content\/uploads\/2023\/04\/Semana-Santa-Mariana-2023-4.jpeg?fit=1600%2C900&amp;ssl=1\" data-orig-size=\"1600,900\" data-comments-opened=\"1\" data-image-meta=\"{&quot;aperture&quot;:&quot;0&quot;,&quot;credit&quot;:&quot;&quot;,&quot;camera&quot;:&quot;&quot;,&quot;caption&quot;:&quot;&quot;,&quot;created_timestamp&quot;:&quot;0&quot;,&quot;copyright&quot;:&quot;&quot;,&quot;focal_length&quot;:&quot;0&quot;,&quot;iso&quot;:&quot;0&quot;,&quot;shutter_speed&quot;:&quot;0&quot;,&quot;title&quot;:&quot;&quot;,&quot;orientation&quot;:&quot;0&quot;}\" data-image-title=\"Semana-Santa-Mariana-2023-4\" data-image-description=\"\" data-image-caption=\"\" data-medium-file=\"https:\/\/i0.wp.com\/portalinconfidentes.com.br\/wp-content\/uploads\/2023\/04\/Semana-Santa-Mariana-2023-4.jpeg?fit=300%2C169&amp;ssl=1\" data-large-file=\"https:\/\/i0.wp.com\/portalinconfidentes.com.br\/wp-content\/uploads\/2023\/04\/Semana-Santa-Mariana-2023-4.jpeg?fit=1024%2C576&amp;ssl=1\" srcset=\"https:\/\/i0.wp.com\/portalinconfidentes.com.br\/wp-content\/uploads\/2023\/04\/Semana-Santa-Mariana-2023-4-1024x576.jpeg?strip=info&#038;w=600&#038;ssl=1 600w,https:\/\/i0.wp.com\/portalinconfidentes.com.br\/wp-content\/uploads\/2023\/04\/Semana-Santa-Mariana-2023-4-1024x576.jpeg?strip=info&#038;w=900&#038;ssl=1 900w,https:\/\/i0.wp.com\/portalinconfidentes.com.br\/wp-content\/uploads\/2023\/04\/Semana-Santa-Mariana-2023-4-1024x576.jpeg?strip=info&#038;w=1200&#038;ssl=1 1200w,https:\/\/i0.wp.com\/portalinconfidentes.com.br\/wp-content\/uploads\/2023\/04\/Semana-Santa-Mariana-2023-4-1024x576.jpeg?strip=info&#038;w=1500&#038;ssl=1 1500w,https:\/\/i0.wp.com\/portalinconfidentes.com.br\/wp-content\/uploads\/2023\/04\/Semana-Santa-Mariana-2023-4-1024x576.jpeg?strip=info&#038;w=1600&#038;ssl=1 1600w\" alt=\"\" data-height=\"900\" data-id=\"422\" data-link=\"https:\/\/portalinconfidentes.com.br\/?attachment_id=422\" data-url=\"https:\/\/portalinconfidentes.com.br\/wp-content\/uploads\/2023\/04\/Semana-Santa-Mariana-2023-4-1024x576.jpeg\" data-width=\"1600\" src=\"https:\/\/i0.wp.com\/portalinconfidentes.com.br\/wp-content\/uploads\/2023\/04\/Semana-Santa-Mariana-2023-4-1024x576.jpeg?ssl=1\" data-amp-layout=\"responsive\"\/><\/figure><\/div><div class=\"tiled-gallery__col\" style=\"flex-basis:23.91710%\"><figure class=\"tiled-gallery__item\"><img data-attachment-id=\"423\" data-permalink=\"https:\/\/portalinconfidentes.com.br\/index.php\/2023\/04\/12\/espetaculo-de-fe-e-devocao-marca-a-semana-santa-em-mariana\/semana-santa-mariana-2023-6\/\" data-orig-file=\"https:\/\/i0.wp.com\/portalinconfidentes.com.br\/wp-content\/uploads\/2023\/04\/Semana-Santa-Mariana-2023-6.jpeg?fit=1600%2C1066&amp;ssl=1\" data-orig-size=\"1600,1066\" data-comments-opened=\"1\" data-image-meta=\"{&quot;aperture&quot;:&quot;0&quot;,&quot;credit&quot;:&quot;&quot;,&quot;camera&quot;:&quot;&quot;,&quot;caption&quot;:&quot;&quot;,&quot;created_timestamp&quot;:&quot;0&quot;,&quot;copyright&quot;:&quot;&quot;,&quot;focal_length&quot;:&quot;0&quot;,&quot;iso&quot;:&quot;0&quot;,&quot;shutter_speed&quot;:&quot;0&quot;,&quot;title&quot;:&quot;&quot;,&quot;orientation&quot;:&quot;0&quot;}\" data-image-title=\"Semana-Santa-Mariana-2023-6\" data-image-description=\"\" data-image-caption=\"\" data-medium-file=\"https:\/\/i0.wp.com\/portalinconfidentes.com.br\/wp-content\/uploads\/2023\/04\/Semana-Santa-Mariana-2023-6.jpeg?fit=300%2C200&amp;ssl=1\" data-large-file=\"https:\/\/i0.wp.com\/portalinconfidentes.com.br\/wp-content\/uploads\/2023\/04\/Semana-Santa-Mariana-2023-6.jpeg?fit=1024%2C682&amp;ssl=1\" decoding=\"async\" data-attachment-id=\"423\" data-permalink=\"https:\/\/portalinconfidentes.com.br\/index.php\/2023\/04\/12\/espetaculo-de-fe-e-devocao-marca-a-semana-santa-em-mariana\/semana-santa-mariana-2023-6\/\" data-orig-file=\"https:\/\/i0.wp.com\/portalinconfidentes.com.br\/wp-content\/uploads\/2023\/04\/Semana-Santa-Mariana-2023-6.jpeg?fit=1600%2C1066&amp;ssl=1\" data-orig-size=\"1600,1066\" data-comments-opened=\"1\" data-image-meta=\"{&quot;aperture&quot;:&quot;0&quot;,&quot;credit&quot;:&quot;&quot;,&quot;camera&quot;:&quot;&quot;,&quot;caption&quot;:&quot;&quot;,&quot;created_timestamp&quot;:&quot;0&quot;,&quot;copyright&quot;:&quot;&quot;,&quot;focal_length&quot;:&quot;0&quot;,&quot;iso&quot;:&quot;0&quot;,&quot;shutter_speed&quot;:&quot;0&quot;,&quot;title&quot;:&quot;&quot;,&quot;orientation&quot;:&quot;0&quot;}\" data-image-title=\"Semana-Santa-Mariana-2023-6\" data-image-description=\"\" data-image-caption=\"\" data-medium-file=\"https:\/\/i0.wp.com\/portalinconfidentes.com.br\/wp-content\/uploads\/2023\/04\/Semana-Santa-Mariana-2023-6.jpeg?fit=300%2C200&amp;ssl=1\" data-large-file=\"https:\/\/i0.wp.com\/portalinconfidentes.com.br\/wp-content\/uploads\/2023\/04\/Semana-Santa-Mariana-2023-6.jpeg?fit=1024%2C682&amp;ssl=1\" srcset=\"https:\/\/i0.wp.com\/portalinconfidentes.com.br\/wp-content\/uploads\/2023\/04\/Semana-Santa-Mariana-2023-6-1024x682.jpeg?strip=info&#038;w=600&#038;ssl=1 600w,https:\/\/i0.wp.com\/portalinconfidentes.com.br\/wp-content\/uploads\/2023\/04\/Semana-Santa-Mariana-2023-6-1024x682.jpeg?strip=info&#038;w=900&#038;ssl=1 900w,https:\/\/i0.wp.com\/portalinconfidentes.com.br\/wp-content\/uploads\/2023\/04\/Semana-Santa-Mariana-2023-6-1024x682.jpeg?strip=info&#038;w=1200&#038;ssl=1 1200w,https:\/\/i0.wp.com\/portalinconfidentes.com.br\/wp-content\/uploads\/2023\/04\/Semana-Santa-Mariana-2023-6-1024x682.jpeg?strip=info&#038;w=1500&#038;ssl=1 1500w,https:\/\/i0.wp.com\/portalinconfidentes.com.br\/wp-content\/uploads\/2023\/04\/Semana-Santa-Mariana-2023-6-1024x682.jpeg?strip=info&#038;w=1600&#038;ssl=1 1600w\" alt=\"\" data-height=\"1066\" data-id=\"423\" data-link=\"https:\/\/portalinconfidentes.com.br\/?attachment_id=423\" data-url=\"https:\/\/portalinconfidentes.com.br\/wp-content\/uploads\/2023\/04\/Semana-Santa-Mariana-2023-6-1024x682.jpeg\" data-width=\"1600\" src=\"https:\/\/i0.wp.com\/portalinconfidentes.com.br\/wp-content\/uploads\/2023\/04\/Semana-Santa-Mariana-2023-6-1024x682.jpeg?ssl=1\" data-amp-layout=\"responsive\"\/><\/figure><\/div><div class=\"tiled-gallery__col\" style=\"flex-basis:23.89486%\"><figure class=\"tiled-gallery__item\"><img data-attachment-id=\"424\" data-permalink=\"https:\/\/portalinconfidentes.com.br\/index.php\/2023\/04\/12\/espetaculo-de-fe-e-devocao-marca-a-semana-santa-em-mariana\/semana-santa-mariana-2023-7\/\" data-orig-file=\"https:\/\/i0.wp.com\/portalinconfidentes.com.br\/wp-content\/uploads\/2023\/04\/Semana-Santa-Mariana-2023-7.jpeg?fit=1600%2C1067&amp;ssl=1\" data-orig-size=\"1600,1067\" data-comments-opened=\"1\" data-image-meta=\"{&quot;aperture&quot;:&quot;0&quot;,&quot;credit&quot;:&quot;&quot;,&quot;camera&quot;:&quot;&quot;,&quot;caption&quot;:&quot;&quot;,&quot;created_timestamp&quot;:&quot;0&quot;,&quot;copyright&quot;:&quot;&quot;,&quot;focal_length&quot;:&quot;0&quot;,&quot;iso&quot;:&quot;0&quot;,&quot;shutter_speed&quot;:&quot;0&quot;,&quot;title&quot;:&quot;&quot;,&quot;orientation&quot;:&quot;0&quot;}\" data-image-title=\"Semana-Santa-Mariana-2023-7\" data-image-description=\"\" data-image-caption=\"\" data-medium-file=\"https:\/\/i0.wp.com\/portalinconfidentes.com.br\/wp-content\/uploads\/2023\/04\/Semana-Santa-Mariana-2023-7.jpeg?fit=300%2C200&amp;ssl=1\" data-large-file=\"https:\/\/i0.wp.com\/portalinconfidentes.com.br\/wp-content\/uploads\/2023\/04\/Semana-Santa-Mariana-2023-7.jpeg?fit=1024%2C683&amp;ssl=1\" decoding=\"async\" data-attachment-id=\"424\" data-permalink=\"https:\/\/portalinconfidentes.com.br\/index.php\/2023\/04\/12\/espetaculo-de-fe-e-devocao-marca-a-semana-santa-em-mariana\/semana-santa-mariana-2023-7\/\" data-orig-file=\"https:\/\/i0.wp.com\/portalinconfidentes.com.br\/wp-content\/uploads\/2023\/04\/Semana-Santa-Mariana-2023-7.jpeg?fit=1600%2C1067&amp;ssl=1\" data-orig-size=\"1600,1067\" data-comments-opened=\"1\" data-image-meta=\"{&quot;aperture&quot;:&quot;0&quot;,&quot;credit&quot;:&quot;&quot;,&quot;camera&quot;:&quot;&quot;,&quot;caption&quot;:&quot;&quot;,&quot;created_timestamp&quot;:&quot;0&quot;,&quot;copyright&quot;:&quot;&quot;,&quot;focal_length&quot;:&quot;0&quot;,&quot;iso&quot;:&quot;0&quot;,&quot;shutter_speed&quot;:&quot;0&quot;,&quot;title&quot;:&quot;&quot;,&quot;orientation&quot;:&quot;0&quot;}\" data-image-title=\"Semana-Santa-Mariana-2023-7\" data-image-description=\"\" data-image-caption=\"\" data-medium-file=\"https:\/\/i0.wp.com\/portalinconfidentes.com.br\/wp-content\/uploads\/2023\/04\/Semana-Santa-Mariana-2023-7.jpeg?fit=300%2C200&amp;ssl=1\" data-large-file=\"https:\/\/i0.wp.com\/portalinconfidentes.com.br\/wp-content\/uploads\/2023\/04\/Semana-Santa-Mariana-2023-7.jpeg?fit=1024%2C683&amp;ssl=1\" srcset=\"https:\/\/i0.wp.com\/portalinconfidentes.com.br\/wp-content\/uploads\/2023\/04\/Semana-Santa-Mariana-2023-7-1024x683.jpeg?strip=info&#038;w=600&#038;ssl=1 600w,https:\/\/i0.wp.com\/portalinconfidentes.com.br\/wp-content\/uploads\/2023\/04\/Semana-Santa-Mariana-2023-7-1024x683.jpeg?strip=info&#038;w=900&#038;ssl=1 900w,https:\/\/i0.wp.com\/portalinconfidentes.com.br\/wp-content\/uploads\/2023\/04\/Semana-Santa-Mariana-2023-7-1024x683.jpeg?strip=info&#038;w=1200&#038;ssl=1 1200w,https:\/\/i0.wp.com\/portalinconfidentes.com.br\/wp-content\/uploads\/2023\/04\/Semana-Santa-Mariana-2023-7-1024x683.jpeg?strip=info&#038;w=1500&#038;ssl=1 1500w,https:\/\/i0.wp.com\/portalinconfidentes.com.br\/wp-content\/uploads\/2023\/04\/Semana-Santa-Mariana-2023-7-1024x683.jpeg?strip=info&#038;w=1600&#038;ssl=1 1600w\" alt=\"\" data-height=\"1067\" data-id=\"424\" data-link=\"https:\/\/portalinconfidentes.com.br\/?attachment_id=424\" data-url=\"https:\/\/portalinconfidentes.com.br\/wp-content\/uploads\/2023\/04\/Semana-Santa-Mariana-2023-7-1024x683.jpeg\" data-width=\"1600\" src=\"https:\/\/i0.wp.com\/portalinconfidentes.com.br\/wp-content\/uploads\/2023\/04\/Semana-Santa-Mariana-2023-7-1024x683.jpeg?ssl=1\" data-amp-layout=\"responsive\"\/><\/figure><\/div><div class=\"tiled-gallery__col\" style=\"flex-basis:23.89486%\"><figure class=\"tiled-gallery__item\"><img data-attachment-id=\"425\" data-permalink=\"https:\/\/portalinconfidentes.com.br\/index.php\/2023\/04\/12\/espetaculo-de-fe-e-devocao-marca-a-semana-santa-em-mariana\/semana-santa-mariana-2023-8\/\" data-orig-file=\"https:\/\/i0.wp.com\/portalinconfidentes.com.br\/wp-content\/uploads\/2023\/04\/Semana-Santa-Mariana-2023-8.jpeg?fit=1600%2C1067&amp;ssl=1\" data-orig-size=\"1600,1067\" data-comments-opened=\"1\" data-image-meta=\"{&quot;aperture&quot;:&quot;0&quot;,&quot;credit&quot;:&quot;&quot;,&quot;camera&quot;:&quot;&quot;,&quot;caption&quot;:&quot;&quot;,&quot;created_timestamp&quot;:&quot;0&quot;,&quot;copyright&quot;:&quot;&quot;,&quot;focal_length&quot;:&quot;0&quot;,&quot;iso&quot;:&quot;0&quot;,&quot;shutter_speed&quot;:&quot;0&quot;,&quot;title&quot;:&quot;&quot;,&quot;orientation&quot;:&quot;0&quot;}\" data-image-title=\"Semana-Santa-Mariana-2023-8\" data-image-description=\"\" data-image-caption=\"\" data-medium-file=\"https:\/\/i0.wp.com\/portalinconfidentes.com.br\/wp-content\/uploads\/2023\/04\/Semana-Santa-Mariana-2023-8.jpeg?fit=300%2C200&amp;ssl=1\" data-large-file=\"https:\/\/i0.wp.com\/portalinconfidentes.com.br\/wp-content\/uploads\/2023\/04\/Semana-Santa-Mariana-2023-8.jpeg?fit=1024%2C683&amp;ssl=1\" decoding=\"async\" data-attachment-id=\"425\" data-permalink=\"https:\/\/portalinconfidentes.com.br\/index.php\/2023\/04\/12\/espetaculo-de-fe-e-devocao-marca-a-semana-santa-em-mariana\/semana-santa-mariana-2023-8\/\" data-orig-file=\"https:\/\/i0.wp.com\/portalinconfidentes.com.br\/wp-content\/uploads\/2023\/04\/Semana-Santa-Mariana-2023-8.jpeg?fit=1600%2C1067&amp;ssl=1\" data-orig-size=\"1600,1067\" data-comments-opened=\"1\" data-image-meta=\"{&quot;aperture&quot;:&quot;0&quot;,&quot;credit&quot;:&quot;&quot;,&quot;camera&quot;:&quot;&quot;,&quot;caption&quot;:&quot;&quot;,&quot;created_timestamp&quot;:&quot;0&quot;,&quot;copyright&quot;:&quot;&quot;,&quot;focal_length&quot;:&quot;0&quot;,&quot;iso&quot;:&quot;0&quot;,&quot;shutter_speed&quot;:&quot;0&quot;,&quot;title&quot;:&quot;&quot;,&quot;orientation&quot;:&quot;0&quot;}\" data-image-title=\"Semana-Santa-Mariana-2023-8\" data-image-description=\"\" data-image-caption=\"\" data-medium-file=\"https:\/\/i0.wp.com\/portalinconfidentes.com.br\/wp-content\/uploads\/2023\/04\/Semana-Santa-Mariana-2023-8.jpeg?fit=300%2C200&amp;ssl=1\" data-large-file=\"https:\/\/i0.wp.com\/portalinconfidentes.com.br\/wp-content\/uploads\/2023\/04\/Semana-Santa-Mariana-2023-8.jpeg?fit=1024%2C683&amp;ssl=1\" srcset=\"https:\/\/i1.wp.com\/portalinconfidentes.com.br\/wp-content\/uploads\/2023\/04\/Semana-Santa-Mariana-2023-8-1024x683.jpeg?strip=info&#038;w=600&#038;ssl=1 600w,https:\/\/i1.wp.com\/portalinconfidentes.com.br\/wp-content\/uploads\/2023\/04\/Semana-Santa-Mariana-2023-8-1024x683.jpeg?strip=info&#038;w=900&#038;ssl=1 900w,https:\/\/i1.wp.com\/portalinconfidentes.com.br\/wp-content\/uploads\/2023\/04\/Semana-Santa-Mariana-2023-8-1024x683.jpeg?strip=info&#038;w=1200&#038;ssl=1 1200w,https:\/\/i1.wp.com\/portalinconfidentes.com.br\/wp-content\/uploads\/2023\/04\/Semana-Santa-Mariana-2023-8-1024x683.jpeg?strip=info&#038;w=1500&#038;ssl=1 1500w,https:\/\/i1.wp.com\/portalinconfidentes.com.br\/wp-content\/uploads\/2023\/04\/Semana-Santa-Mariana-2023-8-1024x683.jpeg?strip=info&#038;w=1600&#038;ssl=1 1600w\" alt=\"\" data-height=\"1067\" data-id=\"425\" data-link=\"https:\/\/portalinconfidentes.com.br\/?attachment_id=425\" data-url=\"https:\/\/portalinconfidentes.com.br\/wp-content\/uploads\/2023\/04\/Semana-Santa-Mariana-2023-8-1024x683.jpeg\" data-width=\"1600\" src=\"https:\/\/i1.wp.com\/portalinconfidentes.com.br\/wp-content\/uploads\/2023\/04\/Semana-Santa-Mariana-2023-8-1024x683.jpeg?ssl=1\" data-amp-layout=\"responsive\"\/><\/figure><\/div><\/div><\/div><\/div>\n","protected":false},"excerpt":{"rendered":"<p>Semana santa, Mariana &#8211; MG<\/p>\n","protected":false},"author":1,"featured_media":418,"comment_status":"open","ping_status":"open","sticky":false,"template":"","format":"standard","meta":{"footnotes":"","_jetpack_memberships_contains_paid_content":false,"jetpack_publicize_message":"","jetpack_publicize_feature_enabled":true,"jetpack_social_post_already_shared":true,"jetpack_social_options":{"image_generator_settings":{"template":"highway","enabled":false}}},"categories":[1],"tags":[],"jetpack_publicize_connections":[],"views":1503,"jetpack_sharing_enabled":true,"jetpack_featured_media_url":"https:\/\/i0.wp.com\/portalinconfidentes.com.br\/wp-content\/uploads\/2023\/04\/capa-sem.jpg?fit=800%2C533&ssl=1","_links":{"self":[{"href":"https:\/\/portalinconfidentes.com.br\/index.php\/wp-json\/wp\/v2\/posts\/417"}],"collection":[{"href":"https:\/\/portalinconfidentes.com.br\/index.php\/wp-json\/wp\/v2\/posts"}],"about":[{"href":"https:\/\/portalinconfidentes.com.br\/index.php\/wp-json\/wp\/v2\/types\/post"}],"author":[{"embeddable":true,"href":"https:\/\/portalinconfidentes.com.br\/index.php\/wp-json\/wp\/v2\/users\/1"}],"replies":[{"embeddable":true,"href":"https:\/\/portalinconfidentes.com.br\/index.php\/wp-json\/wp\/v2\/comments?post=417"}],"version-history":[{"count":1,"href":"https:\/\/portalinconfidentes.com.br\/index.php\/wp-json\/wp\/v2\/posts\/417\/revisions"}],"predecessor-version":[{"id":426,"href":"https:\/\/portalinconfidentes.com.br\/index.php\/wp-json\/wp\/v2\/posts\/417\/revisions\/426"}],"wp:featuredmedia":[{"embeddable":true,"href":"https:\/\/portalinconfidentes.com.br\/index.php\/wp-json\/wp\/v2\/media\/418"}],"wp:attachment":[{"href":"https:\/\/portalinconfidentes.com.br\/index.php\/wp-json\/wp\/v2\/media?parent=417"}],"wp:term":[{"taxonomy":"category","embeddable":true,"href":"https:\/\/portalinconfidentes.com.br\/index.php\/wp-json\/wp\/v2\/categories?post=417"},{"taxonomy":"post_tag","embeddable":true,"href":"https:\/\/portalinconfidentes.com.br\/index.php\/wp-json\/wp\/v2\/tags?post=417"}],"curies":[{"name":"wp","href":"https:\/\/api.w.org\/{rel}","templated":true}]}}