{"id":377,"date":"2023-04-03T09:18:22","date_gmt":"2023-04-03T12:18:22","guid":{"rendered":"https:\/\/portalinconfidentes.com.br\/?p=377"},"modified":"2023-04-03T09:18:22","modified_gmt":"2023-04-03T12:18:22","slug":"confira-a-programacao-da-semana-santa-2023-em-mariana","status":"publish","type":"post","link":"https:\/\/portalinconfidentes.com.br\/index.php\/2023\/04\/03\/confira-a-programacao-da-semana-santa-2023-em-mariana\/","title":{"rendered":"Confira a programa\u00e7\u00e3o da Semana Santa 2023, em Mariana!"},"content":{"rendered":"\n<p><em>Por Maria Gabriela Meireles<\/em><\/p>\n\n\n\n<p>Marcada pelos mist\u00e9rios da salva\u00e7\u00e3o, a Semana Santa \u00e9 um momento sagrado para os crist\u00e3os por relembrar os passos da paix\u00e3o, morte e ressurrei\u00e7\u00e3o de Cristo. Em Mariana, cidade que nasceu sob o signo da f\u00e9 e \u00e9 ber\u00e7o da religiosidade mineira, as celebra\u00e7\u00f5es da Semana Santa s\u00e3o prestigiadas pelos tradicionais tapetes de serragem devocionais, bem como as colchas bordadas nas sacadas das constru\u00e7\u00f5es hist\u00f3ricas, vasos de flores nas varandas, prociss\u00f5es, vig\u00edlias, missas e diversos rituais que enriquecem a f\u00e9 e a devo\u00e7\u00e3o de um dos eventos mais tradicionais do calend\u00e1rio religioso de Minas Gerais.<\/p>\n\n\n\n<p>Do dia 31 de mar\u00e7o a 08 de abril, um espet\u00e1culo de f\u00e9 e devo\u00e7\u00e3o tomar\u00e1 conta das ruas da Primaz, e a expectativa da Secretaria de Cultura, Patrim\u00f4nio Hist\u00f3rico, Turismo e Lazer \u00e9 que o turismo religioso aumente o fluxo de visitantes na cidade, em torno de 15 mil pessoas. Mariana \u00e9 sede do Primeiro Bispado Mineiro e os fi\u00e9is celebram a Semana Santa desde o s\u00e9culo XVIII, e o feriado cat\u00f3lico \u00e9 mais uma oportunidade para visitar Mariana e acompanhar de perto a riqueza cultural e a religiosidade do estado.&nbsp;<\/p>\n\n\n\n<p>Acesse www.mariana.mg.gov.br e confira o cronograma completo da Semana Santa 2023, em Mariana!<\/p>\n","protected":false},"excerpt":{"rendered":"<p>Semana Santa<\/p>\n","protected":false},"author":1,"featured_media":378,"comment_status":"open","ping_status":"open","sticky":false,"template":"","format":"standard","meta":{"footnotes":"","_jetpack_memberships_contains_paid_content":false,"jetpack_publicize_message":"","jetpack_publicize_feature_enabled":true,"jetpack_social_post_already_shared":true,"jetpack_social_options":{"image_generator_settings":{"template":"highway","enabled":false}}},"categories":[1],"tags":[],"jetpack_publicize_connections":[],"views":1022,"jetpack_sharing_enabled":true,"jetpack_featured_media_url":"https:\/\/i0.wp.com\/portalinconfidentes.com.br\/wp-content\/uploads\/2023\/04\/santasem.jpg?fit=800%2C533&ssl=1","_links":{"self":[{"href":"https:\/\/portalinconfidentes.com.br\/index.php\/wp-json\/wp\/v2\/posts\/377"}],"collection":[{"href":"https:\/\/portalinconfidentes.com.br\/index.php\/wp-json\/wp\/v2\/posts"}],"about":[{"href":"https:\/\/portalinconfidentes.com.br\/index.php\/wp-json\/wp\/v2\/types\/post"}],"author":[{"embeddable":true,"href":"https:\/\/portalinconfidentes.com.br\/index.php\/wp-json\/wp\/v2\/users\/1"}],"replies":[{"embeddable":true,"href":"https:\/\/portalinconfidentes.com.br\/index.php\/wp-json\/wp\/v2\/comments?post=377"}],"version-history":[{"count":1,"href":"https:\/\/portalinconfidentes.com.br\/index.php\/wp-json\/wp\/v2\/posts\/377\/revisions"}],"predecessor-version":[{"id":379,"href":"https:\/\/portalinconfidentes.com.br\/index.php\/wp-json\/wp\/v2\/posts\/377\/revisions\/379"}],"wp:featuredmedia":[{"embeddable":true,"href":"https:\/\/portalinconfidentes.com.br\/index.php\/wp-json\/wp\/v2\/media\/378"}],"wp:attachment":[{"href":"https:\/\/portalinconfidentes.com.br\/index.php\/wp-json\/wp\/v2\/media?parent=377"}],"wp:term":[{"taxonomy":"category","embeddable":true,"href":"https:\/\/portalinconfidentes.com.br\/index.php\/wp-json\/wp\/v2\/categories?post=377"},{"taxonomy":"post_tag","embeddable":true,"href":"https:\/\/portalinconfidentes.com.br\/index.php\/wp-json\/wp\/v2\/tags?post=377"}],"curies":[{"name":"wp","href":"https:\/\/api.w.org\/{rel}","templated":true}]}}