{"id":368,"date":"2023-04-03T08:55:13","date_gmt":"2023-04-03T11:55:13","guid":{"rendered":"https:\/\/portalinconfidentes.com.br\/?p=368"},"modified":"2023-04-03T08:55:13","modified_gmt":"2023-04-03T11:55:13","slug":"na-semana-da-agua-prefeitura-de-mariana-realiza-acoes-educativas","status":"publish","type":"post","link":"https:\/\/portalinconfidentes.com.br\/index.php\/2023\/04\/03\/na-semana-da-agua-prefeitura-de-mariana-realiza-acoes-educativas\/","title":{"rendered":"Na Semana da \u00c1gua, Prefeitura de Mariana realiza a\u00e7\u00f5es educativas"},"content":{"rendered":"\n<p><em>Por Larissa Flauzino<\/em><\/p>\n\n\n\n<p>A Prefeitura de Mariana, por meio da Secretaria de Meio Ambiente, realizou e participou de diversas a\u00e7\u00f5es educativas em comemora\u00e7\u00e3o ao Dia Mundial da \u00c1gua, para que as crian\u00e7as enrique\u00e7am seus conhecimentos, al\u00e9m de serem instru\u00eddas a cuidar desse recurso natural t\u00e3o fundamental. Ao decorrer da semana foram disponibilizadas palestras na Escola Municipal Sinh\u00f4 Machado, no Distrito Santa Rita Dur\u00e3o, e na Escola Municipal Prefeito Jadir Macedo. Al\u00e9m disso, tamb\u00e9m aconteceu uma visita dos alunos da Escola Municipal C\u00f4nego Paulo Dilascio, na Esta\u00e7\u00e3o de Tratamento de \u00c1gua &#8211; ETA SUL.<\/p>\n\n\n\n<p>Na Escola Municipal Sinh\u00f4 Machado, no Distrito Santa Rita Dur\u00e3o, al\u00e9m da palestra &#8211; sediada pela Samarco &#8211; tamb\u00e9m foi realizado um experimento, com o apoio da SEMMA e da CAMAR, que distribu\u00edram materiais informativos e fizeram uma din\u00e2mica de coleta seletiva e reciclagem. A palestra mostrou, para as crian\u00e7as como o sistema de tratamento de \u00e1gua com o Jar Test funciona, destacando a consci\u00eancia e preserva\u00e7\u00e3o que todos devem ter com o lixo para n\u00e3o poluir esse importante recurso h\u00eddrico e seus afluentes.&nbsp;&nbsp;<\/p>\n\n\n\n<p>Segundo Hormelina Maria Oliveira, diretora da escola desde 2019 e professora de matem\u00e1tica e f\u00edsica, as exposi\u00e7\u00f5es foram realizadas pela equipe da Samarco, que convidou a Secretaria de Meio Ambiente e o SAAE, em hor\u00e1rios distintos para que todas as turmas, do 6\u00b0 ao 9\u00b0 ano, pudessem participar. \u201cJ\u00e1 est\u00e1vamos em projetos com o tema \u2018\u00e1gua\u2019 ent\u00e3o a exposi\u00e7\u00e3o veio numa boa hora para nos auxiliar no desenvolvimento do projeto e no entendimento dos alunos\u201d, ressaltou.<\/p>\n\n\n\n<p>J\u00e1 na Escola Municipal Prefeito Jadir Macedo, foi efetuada uma parceria do Programa Produtor de \u00c1guas, com o Instituto Espinha\u00e7o. A palestra foi realizada para que as crian\u00e7as conhe\u00e7am o Ciclo da \u00c1gua, sendo ressaltada a import\u00e2ncia de preservar esse recurso h\u00eddrico essencial para o futuro de todos os seres vivos. O bate-papo com as crian\u00e7as foi expositivo e de maneira divertida, contando com v\u00e1rias demonstra\u00e7\u00f5es e cenas de filmes que remetem \u00e0 sustentabilidade da natureza.&nbsp;<\/p>\n\n\n\n<p>Edson Geraldo da Silva, professor da educa\u00e7\u00e3o infantil, na Escola Municipal Prefeito Jadir Macedo, comentou: \u201cesse projeto da Prefeitura de Mariana \u00e9 muito importante, porque um dos maiores \u2018Calcanhar de Aquiles\u2019 que n\u00f3s temos hoje no mundo \u00e9 a quest\u00e3o ambiental, pois ela afeta direta e indiretamente tudo que \u00e9 vivo. A nossa \u00e1gua doce pr\u00f3pria para o consumo humano e para irriga\u00e7\u00e3o \u00e9 muito pouca no mundo. Ent\u00e3o se a gente n\u00e3o preservar as florestas e n\u00e3o cuidar do meio ambiente em breve n\u00e3o teremos \u00e1gua pot\u00e1vel suficiente para a popula\u00e7\u00e3o mundial. S\u00f3 atrav\u00e9s da educa\u00e7\u00e3o e do conhecimento podemos conseguir uma conscientiza\u00e7\u00e3o das pessoas no mundo para preservar a \u00e1gua e cuidar do meio ambiente, cuidando assim da vida\u201d, destacou agradecido.<\/p>\n\n\n\n<p>Para finalizar a Semana da \u00c1gua, vinte alunos, do 7\u00b0 ano, da Escola Municipal C\u00f4nego Paulo Dilascio, fizeram uma visita na primeira e maior distribuidora de \u00e1gua do munic\u00edpio, a ETA SUL, respons\u00e1vel pelo compartilhamento do recurso nos bairros: S\u00e3o Pedro, Santo Ant\u00f4nio, S\u00e3o Gon\u00e7alo, Catete e Centro. A visita\u00e7\u00e3o foi guiada por R\u00f4mulo Reis Pereira, Engenheiro Ambiental do SAAE que, juntamente com membros da Secretaria de Meio Ambiente, acompanhou e explicou \u00e0s crian\u00e7as durante todo o percurso que a \u00e1gua realiza dentro da esta\u00e7\u00e3o, desde sua chegada bruta, vinda da Cachoeira Serrinha, at\u00e9 sua sa\u00edda pelos caminh\u00f5es pipa. Para mais, R\u00f4mulo explicou que s\u00e3o realizadas coletas di\u00e1rias da qualidade da \u00e1gua na esta\u00e7\u00e3o e tamb\u00e9m nas ruas, para que este elemento natural chegue \u00e0 popula\u00e7\u00e3o sempre da melhor maneira poss\u00edvel.<\/p>\n\n\n\n<p>Raphaella Portes, professora de Geografia da rede municipal de educa\u00e7\u00e3o afirmou: &#8220;eles (os alunos) ficaram muito curiosos com o processo de tratamento da \u00e1gua! O mais interessante \u00e9 que a visita teve um papel fundamental para desmistificar v\u00e1rias d\u00favidas dos alunos e seus diversos interesses&#8221;, afirmou.<\/p>\n\n\n\n<p>Foto: Larissa Flauzino e Nat\u00e1lia Santos<\/p>\n","protected":false},"excerpt":{"rendered":"<p>Semana da \u00c1gua<\/p>\n","protected":false},"author":1,"featured_media":369,"comment_status":"open","ping_status":"open","sticky":false,"template":"","format":"standard","meta":{"footnotes":"","_jetpack_memberships_contains_paid_content":false,"jetpack_publicize_message":"","jetpack_publicize_feature_enabled":true,"jetpack_social_post_already_shared":true,"jetpack_social_options":{"image_generator_settings":{"template":"highway","enabled":false}}},"categories":[1],"tags":[],"jetpack_publicize_connections":[],"views":1008,"jetpack_sharing_enabled":true,"jetpack_featured_media_url":"https:\/\/i0.wp.com\/portalinconfidentes.com.br\/wp-content\/uploads\/2023\/04\/etasul.jpg?fit=800%2C533&ssl=1","_links":{"self":[{"href":"https:\/\/portalinconfidentes.com.br\/index.php\/wp-json\/wp\/v2\/posts\/368"}],"collection":[{"href":"https:\/\/portalinconfidentes.com.br\/index.php\/wp-json\/wp\/v2\/posts"}],"about":[{"href":"https:\/\/portalinconfidentes.com.br\/index.php\/wp-json\/wp\/v2\/types\/post"}],"author":[{"embeddable":true,"href":"https:\/\/portalinconfidentes.com.br\/index.php\/wp-json\/wp\/v2\/users\/1"}],"replies":[{"embeddable":true,"href":"https:\/\/portalinconfidentes.com.br\/index.php\/wp-json\/wp\/v2\/comments?post=368"}],"version-history":[{"count":1,"href":"https:\/\/portalinconfidentes.com.br\/index.php\/wp-json\/wp\/v2\/posts\/368\/revisions"}],"predecessor-version":[{"id":370,"href":"https:\/\/portalinconfidentes.com.br\/index.php\/wp-json\/wp\/v2\/posts\/368\/revisions\/370"}],"wp:featuredmedia":[{"embeddable":true,"href":"https:\/\/portalinconfidentes.com.br\/index.php\/wp-json\/wp\/v2\/media\/369"}],"wp:attachment":[{"href":"https:\/\/portalinconfidentes.com.br\/index.php\/wp-json\/wp\/v2\/media?parent=368"}],"wp:term":[{"taxonomy":"category","embeddable":true,"href":"https:\/\/portalinconfidentes.com.br\/index.php\/wp-json\/wp\/v2\/categories?post=368"},{"taxonomy":"post_tag","embeddable":true,"href":"https:\/\/portalinconfidentes.com.br\/index.php\/wp-json\/wp\/v2\/tags?post=368"}],"curies":[{"name":"wp","href":"https:\/\/api.w.org\/{rel}","templated":true}]}}