{"id":362,"date":"2023-04-03T08:40:04","date_gmt":"2023-04-03T11:40:04","guid":{"rendered":"https:\/\/portalinconfidentes.com.br\/?p=362"},"modified":"2023-04-03T08:40:04","modified_gmt":"2023-04-03T11:40:04","slug":"programa-inclusao-produtiva-conta-com-mais-41-insercoes","status":"publish","type":"post","link":"https:\/\/portalinconfidentes.com.br\/index.php\/2023\/04\/03\/programa-inclusao-produtiva-conta-com-mais-41-insercoes\/","title":{"rendered":"Programa Inclus\u00e3o Produtiva conta com mais 41 inser\u00e7\u00f5es"},"content":{"rendered":"\n<p><strong>Programa&nbsp; Inclus\u00e3o Produtiva conta com mais 41 inser\u00e7\u00f5es&nbsp;<\/strong><\/p>\n\n\n\n<p><em>Por Evelin Almeida&nbsp;<\/em><\/p>\n\n\n\n<p>A Prefeitura de Mariana, por meio da Secretaria de Desenvolvimento Social e Cidadania, teve o prazer de assinar, na tarde da \u00faltima quarta-feira (22), 41 novos contratos do Programa Inclus\u00e3o Produtiva. Sendo 34 no Inclus\u00e3o Produtiva da Mulher, seis contratos pertencentes a categoria do Ativa-idade e um contrato na categoria de Pessoa com Defici\u00eancia &#8211; PCD.&nbsp;<\/p>\n\n\n\n<p>Compromisso, responsabilidade e oportunidades s\u00e3o as palavras que preencheram a tarde e marcam a nova fase na vida das pessoas contempladas! O momento foi celebrado no audit\u00f3rio do CRIA, e contou com a presen\u00e7a dos novos integrantes que, agora, come\u00e7am a fase de capacita\u00e7\u00e3o, prevista para ter in\u00edcio na pr\u00f3xima segunda-feira, dia 03 de abril. Atualmente, o programa conta com um total de 582 benefici\u00e1rios, sendo 481 do Inclus\u00e3o Produtiva da Mulher, 82 do Ativa-idade e 19 da categoria de Pessoa com Defici\u00eancia (PCD).&nbsp;<\/p>\n\n\n\n<p>Dayane Cristina da Silva, 30 anos, m\u00e3e de tr\u00eas filhos, conta sobre sua expectativa para o programa. &#8220;Estou bastante animada e feliz com a oportunidade, quero aproveitar e fazer os cursos de capacita\u00e7\u00e3o, que nos ajudam muito a crescer de forma pessoal e profissional\u201d, destacou. O Inclus\u00e3o Produtiva oferece cursos para o aprendizado das pessoas contempladas, de modo a proporcionar o conhecimento t\u00e9cnico para gera\u00e7\u00e3o de emprego e mais oportunidades no mercado de trabalho.&nbsp;<\/p>\n\n\n\n<p><strong>SOBRE O PROGRAMA<\/strong><\/p>\n\n\n\n<p>O objetivo do Inclus\u00e3o Produtiva \u00e9 capacitar, disponibilizar aux\u00edlio econ\u00f4mico e a promo\u00e7\u00e3o da dignidade e do desenvolvimento de pessoas em situa\u00e7\u00e3o de vulnerabilidade social. Al\u00e9m disso, promover a inclus\u00e3o e oferecer oportunidade de trabalho para os contemplados!&nbsp;<\/p>\n\n\n\n<p>O programa \u00e9 destinado \u00e0s mulheres que s\u00e3o chefes de fam\u00edlia e est\u00e3o em situa\u00e7\u00e3o de vulnerabilidade social. Para participar \u00e9 necess\u00e1rio estar cadastrada no CRAS e CREAS, residir no munic\u00edpio de Mariana e ter filhos menores que estejam vinculados \u00e0 escola.<\/p>\n\n\n\n<p>Caso voc\u00ea se encaixe nesses requisitos, pode procurar pela unidade do CRAS, CREAS ou a unidade do Inclus\u00e3o Produtiva, na Secretaria de Desenvolvimento Social e Cidadania, localizada na Avenida Primeiro de Janeiro, 210, Vila Maquin\u00e9, e solicitar a participa\u00e7\u00e3o. Em seguida, o assistente social far\u00e1 avalia\u00e7\u00f5es dos documentos para ver a possibilidade da inclus\u00e3o no programa.<\/p>\n\n\n\n<p>Foto: Larissa Flauzino<\/p>\n","protected":false},"excerpt":{"rendered":"<p> Inclus\u00e3o Produtiva<\/p>\n","protected":false},"author":1,"featured_media":363,"comment_status":"open","ping_status":"open","sticky":false,"template":"","format":"standard","meta":{"footnotes":"","_jetpack_memberships_contains_paid_content":false,"jetpack_publicize_message":"","jetpack_publicize_feature_enabled":true,"jetpack_social_post_already_shared":true,"jetpack_social_options":{"image_generator_settings":{"template":"highway","enabled":false}}},"categories":[1],"tags":[],"jetpack_publicize_connections":[],"views":1039,"jetpack_sharing_enabled":true,"jetpack_featured_media_url":"https:\/\/i0.wp.com\/portalinconfidentes.com.br\/wp-content\/uploads\/2023\/04\/prod.jpg?fit=800%2C533&ssl=1","_links":{"self":[{"href":"https:\/\/portalinconfidentes.com.br\/index.php\/wp-json\/wp\/v2\/posts\/362"}],"collection":[{"href":"https:\/\/portalinconfidentes.com.br\/index.php\/wp-json\/wp\/v2\/posts"}],"about":[{"href":"https:\/\/portalinconfidentes.com.br\/index.php\/wp-json\/wp\/v2\/types\/post"}],"author":[{"embeddable":true,"href":"https:\/\/portalinconfidentes.com.br\/index.php\/wp-json\/wp\/v2\/users\/1"}],"replies":[{"embeddable":true,"href":"https:\/\/portalinconfidentes.com.br\/index.php\/wp-json\/wp\/v2\/comments?post=362"}],"version-history":[{"count":1,"href":"https:\/\/portalinconfidentes.com.br\/index.php\/wp-json\/wp\/v2\/posts\/362\/revisions"}],"predecessor-version":[{"id":364,"href":"https:\/\/portalinconfidentes.com.br\/index.php\/wp-json\/wp\/v2\/posts\/362\/revisions\/364"}],"wp:featuredmedia":[{"embeddable":true,"href":"https:\/\/portalinconfidentes.com.br\/index.php\/wp-json\/wp\/v2\/media\/363"}],"wp:attachment":[{"href":"https:\/\/portalinconfidentes.com.br\/index.php\/wp-json\/wp\/v2\/media?parent=362"}],"wp:term":[{"taxonomy":"category","embeddable":true,"href":"https:\/\/portalinconfidentes.com.br\/index.php\/wp-json\/wp\/v2\/categories?post=362"},{"taxonomy":"post_tag","embeddable":true,"href":"https:\/\/portalinconfidentes.com.br\/index.php\/wp-json\/wp\/v2\/tags?post=362"}],"curies":[{"name":"wp","href":"https:\/\/api.w.org\/{rel}","templated":true}]}}