{"id":36,"date":"2023-02-18T23:40:48","date_gmt":"2023-02-19T02:40:48","guid":{"rendered":"https:\/\/portalinconfidentes.com.br\/?p=36"},"modified":"2023-02-18T23:40:48","modified_gmt":"2023-02-19T02:40:48","slug":"folioes-precisarao-de-guarda-chuva-e-protetor-solar-para-aproveitar-carnaval-em-bh","status":"publish","type":"post","link":"https:\/\/portalinconfidentes.com.br\/index.php\/2023\/02\/18\/folioes-precisarao-de-guarda-chuva-e-protetor-solar-para-aproveitar-carnaval-em-bh\/","title":{"rendered":"Foli\u00f5es precisar\u00e3o de guarda-chuva e protetor solar para aproveitar Carnaval em BH"},"content":{"rendered":"\n<p>Durante os dias de festa, a previs\u00e3o \u00e9 de chuva com c\u00e9u nublado e temperaturas quentes na capital mineira\u00a0<br><\/p>\n\n\n\n<p>Os foli\u00f5es que pretendem aproveitar os pr\u00f3ximos dias de Carnaval em Belo Horizonte precisar\u00e3o colocar o guarda-chuva e o protetor solar na mochila. Isso porque, durante os dias marcados para a celebra\u00e7\u00e3o, que come\u00e7a oficialmente no s\u00e1bado (18) e vai at\u00e9 a ter\u00e7a-feira (21), a previs\u00e3o \u00e9 de altas temperaturas e risco de chuvas, como aponta o Inmet (Instituto Nacional de Meteorologia).<\/p>\n\n\n\n<p>Para quem est\u00e1 esperando pelos dias oficiais que marcam uma das festas mais amadas da capital mineira, ser\u00e1 preciso driblar o clima. Segundo o Inmet, entre esta sexta-feira (17) e s\u00e1bado (18), o tempo estar\u00e1 mais inst\u00e1vel em BH, com possibilidades de pancadas de chuva e trovoadas, principalmente na parte da tarde.<\/p>\n\n\n\n<p>J\u00e1 de domingo (19) a ter\u00e7a-feira (22), a previs\u00e3o \u00e9 que haja uma redu\u00e7\u00e3o no risco de chuvas na capital. Isso ocorre devido ao enfraquecimento das \u00e1reas de instabilidade que est\u00e3o atuando na regi\u00e3o central do estado, afetadas pela altern\u00e2ncia do calor e da umidade do ar. Apesar da previs\u00e3o de clima nublado, a temperatura poder\u00e1 variar entre 19\u00ba e 31\u00ba durante os cinco dias.<\/p>\n\n\n\n<p>Ainda assim, nas \u00faltimas semanas, nem mesmo o clima inst\u00e1vel do ar e as chuvas isoladas impediram que os foli\u00f5es curtissem o esquenta dos blocos durante o pr\u00e9-Carnaval. Como as comemora\u00e7\u00f5es em Minas Gerais come\u00e7am mais cedo, desde o dia 4 de fevereiro as ruas de BH cederam espa\u00e7o a blocos e multid\u00f5es, embaladas por diversos estilos musicais.<\/p>\n\n\n\n<p><strong>Cuidados com o corpo<\/strong><\/p>\n\n\n\n<p>Al\u00e9m da necessidade do guarda-chuva e da capa de chuva para pular o Carnaval, \u00e9 recomendado, tamb\u00e9m, alguns cuidados com a hidrata\u00e7\u00e3o e a alimenta\u00e7\u00e3o. Itens como protetor solar, garrafa de \u00e1gua, \u00f3culos escuros, bon\u00e9s e chap\u00e9us s\u00e3o indispens\u00e1veis para evitar desidrata\u00e7\u00e3o e a insola\u00e7\u00e3o.\u00a0<br><\/p>\n\n\n\n<p>A nutricionista Samira Tanure, da Emater (Empresa de Assist\u00eancia T\u00e9cnica e Extens\u00e3o Rural do Estado de Minas Gerais), salienta a import\u00e2ncia de consumir alimentos ricos em carboidratos para suportar o desgaste f\u00edsico e repor a energia durante o Carnaval. &#8220;Arroz, macarr\u00e3o, batata, p\u00e3o e cereais s\u00e3o recomendados, pois eles d\u00e3o maior sensa\u00e7\u00e3o de saciedade, e o carboidrato deles fornece a energia para curtir os dias de festa&#8221;, explica.<\/p>\n\n\n\n<p>Considerando a instabilidade do clima, que pode chegar a temperaturas altas, \u00e9 recomendado, tamb\u00e9m, ficar atento ao uso de acess\u00f3rios, vestimentas e cal\u00e7ados confort\u00e1veis, para n\u00e3o atrapalhar a divers\u00e3o.&nbsp;<\/p>\n\n\n\n<p><strong>Confira a previs\u00e3o para os dias de Carnaval:<\/strong><\/p>\n\n\n\n<p>&#8211;&nbsp;<strong>Sexta (17):<\/strong>&nbsp;parcialmente nublado, com pancadas de chuva e trovoadas isoladas a partir da tarde. Temperatura m\u00ednima de 19\u00ba e m\u00e1xima de 31\u00ba.<\/p>\n\n\n\n<p>&#8211;&nbsp;<strong>S\u00e1bado (18):&nbsp;<\/strong>c\u00e9u nublado com pancadas de chuva e trovoadas isoladas, que podem ocorrer a qualquer hora do dia. Temperatura m\u00ednima de 20\u00ba e m\u00e1xima de 28\u00ba.<\/p>\n\n\n\n<p>&#8211;&nbsp;<strong>Domingo (19):&nbsp;<\/strong>parcialmente nublado, com possibilidade de pancadas de chuva isoladas no fim da tarde. Temperatura m\u00ednima de 19\u00ba e m\u00e1xima de 30\u00ba.<\/p>\n\n\n\n<p>&#8211;&nbsp;<strong>Segunda-feira (20):<\/strong>&nbsp;c\u00e9u parcialmente nublado, com possibilidade de pancadas de chuva isoladas no fim da tarde. Temperatura m\u00ednima de 18\u00ba e m\u00e1xima de 29\u00ba.<\/p>\n\n\n\n<p>&#8211;&nbsp;<strong>Ter\u00e7a-feira (21):<\/strong>&nbsp;c\u00e9u parcialmente nublado com possibilidade de pancadas de chuva isoladas no fim da tarde. Temperatura m\u00ednima de 18\u00ba e m\u00e1xima de 30\u00ba.<\/p>\n","protected":false},"excerpt":{"rendered":"<p>Bh 2023 carnaval<\/p>\n","protected":false},"author":1,"featured_media":37,"comment_status":"open","ping_status":"open","sticky":false,"template":"","format":"standard","meta":{"footnotes":"","_jetpack_memberships_contains_paid_content":false,"jetpack_publicize_message":"","jetpack_publicize_feature_enabled":true,"jetpack_social_post_already_shared":false,"jetpack_social_options":{"image_generator_settings":{"template":"highway","enabled":false}}},"categories":[1],"tags":[],"jetpack_publicize_connections":[],"views":1041,"jetpack_sharing_enabled":true,"jetpack_featured_media_url":"https:\/\/i0.wp.com\/portalinconfidentes.com.br\/wp-content\/uploads\/2023\/02\/car-bh-bg.jpg?fit=800%2C533&ssl=1","_links":{"self":[{"href":"https:\/\/portalinconfidentes.com.br\/index.php\/wp-json\/wp\/v2\/posts\/36"}],"collection":[{"href":"https:\/\/portalinconfidentes.com.br\/index.php\/wp-json\/wp\/v2\/posts"}],"about":[{"href":"https:\/\/portalinconfidentes.com.br\/index.php\/wp-json\/wp\/v2\/types\/post"}],"author":[{"embeddable":true,"href":"https:\/\/portalinconfidentes.com.br\/index.php\/wp-json\/wp\/v2\/users\/1"}],"replies":[{"embeddable":true,"href":"https:\/\/portalinconfidentes.com.br\/index.php\/wp-json\/wp\/v2\/comments?post=36"}],"version-history":[{"count":1,"href":"https:\/\/portalinconfidentes.com.br\/index.php\/wp-json\/wp\/v2\/posts\/36\/revisions"}],"predecessor-version":[{"id":38,"href":"https:\/\/portalinconfidentes.com.br\/index.php\/wp-json\/wp\/v2\/posts\/36\/revisions\/38"}],"wp:featuredmedia":[{"embeddable":true,"href":"https:\/\/portalinconfidentes.com.br\/index.php\/wp-json\/wp\/v2\/media\/37"}],"wp:attachment":[{"href":"https:\/\/portalinconfidentes.com.br\/index.php\/wp-json\/wp\/v2\/media?parent=36"}],"wp:term":[{"taxonomy":"category","embeddable":true,"href":"https:\/\/portalinconfidentes.com.br\/index.php\/wp-json\/wp\/v2\/categories?post=36"},{"taxonomy":"post_tag","embeddable":true,"href":"https:\/\/portalinconfidentes.com.br\/index.php\/wp-json\/wp\/v2\/tags?post=36"}],"curies":[{"name":"wp","href":"https:\/\/api.w.org\/{rel}","templated":true}]}}