{"id":358,"date":"2023-04-03T08:35:36","date_gmt":"2023-04-03T11:35:36","guid":{"rendered":"https:\/\/portalinconfidentes.com.br\/?p=358"},"modified":"2023-04-03T08:35:36","modified_gmt":"2023-04-03T11:35:36","slug":"entenda-o-que-e-o-centro-pop-e-sua-importancia-para-a-cidade","status":"publish","type":"post","link":"https:\/\/portalinconfidentes.com.br\/index.php\/2023\/04\/03\/entenda-o-que-e-o-centro-pop-e-sua-importancia-para-a-cidade\/","title":{"rendered":"<strong>Entenda o que \u00e9 o Centro POP e sua import\u00e2ncia para a cidade<\/strong>"},"content":{"rendered":"\n<p><strong>Entenda o que \u00e9 o Centro POP e sua import\u00e2ncia para a cidade<\/strong><\/p>\n\n\n\n<p><em>Por Evelin Almeida&nbsp;<\/em><\/p>\n\n\n\n<p>O Centro de Refer\u00eancia Especializado para Pessoas em Situa\u00e7\u00e3o de Rua &#8211; Centro POP, \u00e9 um servi\u00e7o da Prote\u00e7\u00e3o Social Especial de M\u00e9dia Complexidade da Assist\u00eancia Social, e deve ofertar, obrigatoriamente, o Servi\u00e7o Especializado para Pessoas em Situa\u00e7\u00e3o de Rua. Al\u00e9m disso, o Centro POP \u00e9 respons\u00e1vel por criar meios para o fortalecimento de v\u00ednculos e trabalhar o protagonismo social destes indiv\u00edduos.<\/p>\n\n\n\n<p>S\u00e3o consideradas pessoas em situa\u00e7\u00e3o de rua: \u201c[&#8230;] o grupo populacional heterog\u00eaneo que possui em comum a pobreza extrema, os v\u00ednculos familiares interrompidos ou fragilizados e a inexist\u00eancia de moradia convencional regular, e que utiliza os logradouros p\u00fablicos e as \u00e1reas degradadas como espa\u00e7o de moradia e de sustento, de forma tempor\u00e1ria ou permanente, bem como as unidades de acolhimento para pernoite tempor\u00e1rio ou como moradia provis\u00f3ria\u201d Decreto N\u00b0 7.053 de Dezembro de 2009&nbsp;<\/p>\n\n\n\n<p>O Centro POP possui a finalidade de&nbsp;realizar atendimentos e atividades direcionadas para desenvolver a sociabilidade e o fortalecimento de v\u00ednculos interpessoais e\/ou familiares. Al\u00e9m de ser uma unidade que oferece refei\u00e7\u00f5es, espa\u00e7o para higiene pessoal, lavanderia, regulariza\u00e7\u00e3o de documentos pessoais e informa\u00e7\u00f5es sobre como ter acesso aos seus direitos. \u00c9 garantido pela Constitui\u00e7\u00e3o Federal o direito \u00e0 cidade \u00e0s pessoas em situa\u00e7\u00e3o de rua, o acesso aos servi\u00e7os e equipamentos p\u00fablicos, bem como condi\u00e7\u00f5es m\u00ednimas para sobreviv\u00eancia e dignidade.&nbsp;<\/p>\n\n\n\n<p>Al\u00e9m disso, representa um espa\u00e7o de refer\u00eancia para o conv\u00edvio social e o desenvolvimento de rela\u00e7\u00f5es de solidariedade, afetividade e respeito. O atendimento realizado \u00e0s pessoas em situa\u00e7\u00e3o de rua s\u00e3o com profissionais capacitados e especializados, de forma humanizada sempre de acordo com os preceitos e as diretrizes da pol\u00edtica de assist\u00eancia social.&nbsp;<\/p>\n\n\n\n<p><strong>SAIBA ONDE ENCONTRAR&nbsp;<\/strong><\/p>\n\n\n\n<p><strong>Endere\u00e7o:&nbsp;<\/strong>Rua Frei Dur\u00e3o, 208-A, Centro<\/p>\n\n\n\n<p><strong>Hor\u00e1rio de funcionamento:&nbsp;<\/strong>Segunda a sexta-feira | 08h \u00e0s 17h&nbsp;&nbsp;<\/p>\n\n\n\n<p>Foto: Mafe Viana<\/p>\n","protected":false},"excerpt":{"rendered":"<p>Centro POP<\/p>\n","protected":false},"author":1,"featured_media":359,"comment_status":"open","ping_status":"open","sticky":false,"template":"","format":"standard","meta":{"footnotes":"","_jetpack_memberships_contains_paid_content":false,"jetpack_publicize_message":"","jetpack_publicize_feature_enabled":true,"jetpack_social_post_already_shared":true,"jetpack_social_options":{"image_generator_settings":{"template":"highway","enabled":false}}},"categories":[1],"tags":[],"jetpack_publicize_connections":[],"views":1417,"jetpack_sharing_enabled":true,"jetpack_featured_media_url":"https:\/\/i0.wp.com\/portalinconfidentes.com.br\/wp-content\/uploads\/2023\/04\/importante.jpg?fit=800%2C533&ssl=1","_links":{"self":[{"href":"https:\/\/portalinconfidentes.com.br\/index.php\/wp-json\/wp\/v2\/posts\/358"}],"collection":[{"href":"https:\/\/portalinconfidentes.com.br\/index.php\/wp-json\/wp\/v2\/posts"}],"about":[{"href":"https:\/\/portalinconfidentes.com.br\/index.php\/wp-json\/wp\/v2\/types\/post"}],"author":[{"embeddable":true,"href":"https:\/\/portalinconfidentes.com.br\/index.php\/wp-json\/wp\/v2\/users\/1"}],"replies":[{"embeddable":true,"href":"https:\/\/portalinconfidentes.com.br\/index.php\/wp-json\/wp\/v2\/comments?post=358"}],"version-history":[{"count":1,"href":"https:\/\/portalinconfidentes.com.br\/index.php\/wp-json\/wp\/v2\/posts\/358\/revisions"}],"predecessor-version":[{"id":360,"href":"https:\/\/portalinconfidentes.com.br\/index.php\/wp-json\/wp\/v2\/posts\/358\/revisions\/360"}],"wp:featuredmedia":[{"embeddable":true,"href":"https:\/\/portalinconfidentes.com.br\/index.php\/wp-json\/wp\/v2\/media\/359"}],"wp:attachment":[{"href":"https:\/\/portalinconfidentes.com.br\/index.php\/wp-json\/wp\/v2\/media?parent=358"}],"wp:term":[{"taxonomy":"category","embeddable":true,"href":"https:\/\/portalinconfidentes.com.br\/index.php\/wp-json\/wp\/v2\/categories?post=358"},{"taxonomy":"post_tag","embeddable":true,"href":"https:\/\/portalinconfidentes.com.br\/index.php\/wp-json\/wp\/v2\/tags?post=358"}],"curies":[{"name":"wp","href":"https:\/\/api.w.org\/{rel}","templated":true}]}}