{"id":328,"date":"2023-03-13T13:39:06","date_gmt":"2023-03-13T16:39:06","guid":{"rendered":"https:\/\/portalinconfidentes.com.br\/?p=328"},"modified":"2023-03-13T13:39:06","modified_gmt":"2023-03-13T16:39:06","slug":"prefeitura-de-mariana-investe-em-capacitacao-dos-educadores-para-prevencao-e-combate-a-incendio","status":"publish","type":"post","link":"https:\/\/portalinconfidentes.com.br\/index.php\/2023\/03\/13\/prefeitura-de-mariana-investe-em-capacitacao-dos-educadores-para-prevencao-e-combate-a-incendio\/","title":{"rendered":"Prefeitura de Mariana investe em capacita\u00e7\u00e3o dos educadores para preven\u00e7\u00e3o e combate a inc\u00eandio"},"content":{"rendered":"\n<p><em>Por Maria Gabriela Meireles<\/em><\/p>\n\n\n\n<p>No dia 24 de fevereiro, a Secretaria de Educa\u00e7\u00e3o, em parceria com o Corpo de Bombeiros, realizou a capacita\u00e7\u00e3o profissional dos educadores do CMEI Casinha de Nazar\u00e9, para instru\u00e7\u00e3o dos princ\u00edpios b\u00e1sicos de preven\u00e7\u00e3o e combate a inc\u00eandios, bem como a execu\u00e7\u00e3o correta da pr\u00e1tica dos primeiros socorros.&nbsp;<\/p>\n\n\n\n<p>De acordo com a Diretora, Marilea Passos Moreira, 20 funcion\u00e1rios do CMEI participaram da forma\u00e7\u00e3o. \u201cN\u00f3s temos no\u00e7\u00e3o do perigo, mas n\u00e3o sab\u00edamos como resolver algumas situa\u00e7\u00f5es. Eu tor\u00e7o que a gente nunca tenha que utilizar as t\u00e9cnicas de primeiros socorros aqui, mas caso precise, j\u00e1 temos o conhecimento\u201d, declarou.<\/p>\n\n\n\n<p>A Diretora parabenizou tamb\u00e9m a atua\u00e7\u00e3o do Corpo de Bombeiros frente \u00e0 comunidade escolar: \u201ca equipe de bombeiros foi muito atenciosa durante a forma\u00e7\u00e3o, as informa\u00e7\u00f5es foram passadas de maneira clara e objetiva. Meu desejo \u00e9 que a equipe de seguran\u00e7a venha at\u00e9 a escola para nos orientar de acordo com o espa\u00e7o que temos e como devemos proceder com as crian\u00e7as caso aconte\u00e7a um inc\u00eandio ou alguma situa\u00e7\u00e3o de emerg\u00eancia\u201d.<\/p>\n\n\n\n<p>Sandra Cristina Le\u00e3o, Monitora do CMEI, considera o treinamento importante n\u00e3o s\u00f3 para o ambiente escolar, como tamb\u00e9m para o longo da vida. \u201c\u00c9 muito importante que n\u00f3s leigos tenhamos o m\u00ednimo de conhecimento at\u00e9 mesmo para salvar vidas se for necess\u00e1rio, e n\u00e3o s\u00f3 das crian\u00e7as, mas das nossas vidas tamb\u00e9m. N\u00f3s precisamos ter o conhecimento de certas t\u00e9cnicas, principalmente aqui que n\u00f3s recebemos crian\u00e7as de seis meses. N\u00f3s aprendemos a como agir em situa\u00e7\u00f5es de inc\u00eandio, como manusear extintores, como agir em casos de queimaduras, ferimentos, foi um conhecimento muito amplo e nos deu a no\u00e7\u00e3o de muita coisa\u201d, destacou.<\/p>\n\n\n\n<p>A Secretaria Municipal de Educa\u00e7\u00e3o realizou, nos \u00faltimos dois anos, diversas reformas no CMEI Casinha de Nazar\u00e9, como a troca de vidros, pintura, instala\u00e7\u00e3o de piso emborrachado, instala\u00e7\u00e3o de forro, instala\u00e7\u00e3o de telas milimetradas, troca de todas as divis\u00f3rias, manuten\u00e7\u00f5es gerais como troca de l\u00e2mpadas, reparo de torneiras e troca de sif\u00f5es. Houve tamb\u00e9m a execu\u00e7\u00e3o do Projeto de Seguran\u00e7a Contra Inc\u00eandio e P\u00e2nico \u2013 PSCIP, em que o munic\u00edpio realizou a instala\u00e7\u00e3o de corrim\u00e3o, bem como a readequa\u00e7\u00e3o da instala\u00e7\u00e3o de g\u00e1s conforme a nova diretriz do Corpo de Bombeiros.<\/p>\n\n\n\n<div class=\"wp-block-jetpack-tiled-gallery aligncenter is-style-square\"><div class=\"tiled-gallery__gallery\"><div class=\"tiled-gallery__row columns-2\"><div class=\"tiled-gallery__col\"><figure class=\"tiled-gallery__item\"><img data-attachment-id=\"330\" data-permalink=\"https:\/\/portalinconfidentes.com.br\/index.php\/2023\/03\/13\/prefeitura-de-mariana-investe-em-capacitacao-dos-educadores-para-prevencao-e-combate-a-incendio\/incendio-2\/\" data-orig-file=\"https:\/\/i0.wp.com\/portalinconfidentes.com.br\/wp-content\/uploads\/2023\/03\/incendio-1.jpg?fit=800%2C533&amp;ssl=1\" data-orig-size=\"800,533\" data-comments-opened=\"1\" data-image-meta=\"{&quot;aperture&quot;:&quot;0&quot;,&quot;credit&quot;:&quot;&quot;,&quot;camera&quot;:&quot;&quot;,&quot;caption&quot;:&quot;&quot;,&quot;created_timestamp&quot;:&quot;0&quot;,&quot;copyright&quot;:&quot;&quot;,&quot;focal_length&quot;:&quot;0&quot;,&quot;iso&quot;:&quot;0&quot;,&quot;shutter_speed&quot;:&quot;0&quot;,&quot;title&quot;:&quot;&quot;,&quot;orientation&quot;:&quot;0&quot;}\" data-image-title=\"incendio\" data-image-description=\"\" data-image-caption=\"\" data-medium-file=\"https:\/\/i0.wp.com\/portalinconfidentes.com.br\/wp-content\/uploads\/2023\/03\/incendio-1.jpg?fit=300%2C200&amp;ssl=1\" data-large-file=\"https:\/\/i0.wp.com\/portalinconfidentes.com.br\/wp-content\/uploads\/2023\/03\/incendio-1.jpg?fit=800%2C533&amp;ssl=1\" decoding=\"async\" data-attachment-id=\"330\" data-permalink=\"https:\/\/portalinconfidentes.com.br\/index.php\/2023\/03\/13\/prefeitura-de-mariana-investe-em-capacitacao-dos-educadores-para-prevencao-e-combate-a-incendio\/incendio-2\/\" data-orig-file=\"https:\/\/i0.wp.com\/portalinconfidentes.com.br\/wp-content\/uploads\/2023\/03\/incendio-1.jpg?fit=800%2C533&amp;ssl=1\" data-orig-size=\"800,533\" data-comments-opened=\"1\" data-image-meta=\"{&quot;aperture&quot;:&quot;0&quot;,&quot;credit&quot;:&quot;&quot;,&quot;camera&quot;:&quot;&quot;,&quot;caption&quot;:&quot;&quot;,&quot;created_timestamp&quot;:&quot;0&quot;,&quot;copyright&quot;:&quot;&quot;,&quot;focal_length&quot;:&quot;0&quot;,&quot;iso&quot;:&quot;0&quot;,&quot;shutter_speed&quot;:&quot;0&quot;,&quot;title&quot;:&quot;&quot;,&quot;orientation&quot;:&quot;0&quot;}\" data-image-title=\"incendio\" data-image-description=\"\" data-image-caption=\"\" data-medium-file=\"https:\/\/i0.wp.com\/portalinconfidentes.com.br\/wp-content\/uploads\/2023\/03\/incendio-1.jpg?fit=300%2C200&amp;ssl=1\" data-large-file=\"https:\/\/i0.wp.com\/portalinconfidentes.com.br\/wp-content\/uploads\/2023\/03\/incendio-1.jpg?fit=800%2C533&amp;ssl=1\" srcset=\"https:\/\/i0.wp.com\/portalinconfidentes.com.br\/wp-content\/uploads\/2023\/03\/incendio-1.jpg?resize=533%2C533&#038;strip=info&#038;ssl=1 533w\" alt=\"\" data-height=\"533\" data-id=\"330\" data-link=\"https:\/\/portalinconfidentes.com.br\/?attachment_id=330\" data-url=\"https:\/\/portalinconfidentes.com.br\/wp-content\/uploads\/2023\/03\/incendio-1.jpg\" data-width=\"800\" src=\"https:\/\/i0.wp.com\/portalinconfidentes.com.br\/wp-content\/uploads\/2023\/03\/incendio-1.jpg?ssl=1&amp;resize=533%2C533\" data-amp-layout=\"responsive\"\/><\/figure><\/div><div class=\"tiled-gallery__col\"><figure class=\"tiled-gallery__item\"><img data-attachment-id=\"331\" data-permalink=\"https:\/\/portalinconfidentes.com.br\/index.php\/2023\/03\/13\/prefeitura-de-mariana-investe-em-capacitacao-dos-educadores-para-prevencao-e-combate-a-incendio\/semed_formacao_brigada_de_incendio-1\/\" data-orig-file=\"https:\/\/i0.wp.com\/portalinconfidentes.com.br\/wp-content\/uploads\/2023\/03\/SEMED_Formacao_Brigada_de_Incendio-1.jpg?fit=817%2C461&amp;ssl=1\" data-orig-size=\"817,461\" data-comments-opened=\"1\" data-image-meta=\"{&quot;aperture&quot;:&quot;0&quot;,&quot;credit&quot;:&quot;&quot;,&quot;camera&quot;:&quot;&quot;,&quot;caption&quot;:&quot;&quot;,&quot;created_timestamp&quot;:&quot;0&quot;,&quot;copyright&quot;:&quot;&quot;,&quot;focal_length&quot;:&quot;0&quot;,&quot;iso&quot;:&quot;0&quot;,&quot;shutter_speed&quot;:&quot;0&quot;,&quot;title&quot;:&quot;&quot;,&quot;orientation&quot;:&quot;0&quot;}\" data-image-title=\"SEMED_Formacao_Brigada_de_Incendio-1\" data-image-description=\"\" data-image-caption=\"\" data-medium-file=\"https:\/\/i0.wp.com\/portalinconfidentes.com.br\/wp-content\/uploads\/2023\/03\/SEMED_Formacao_Brigada_de_Incendio-1.jpg?fit=300%2C169&amp;ssl=1\" data-large-file=\"https:\/\/i0.wp.com\/portalinconfidentes.com.br\/wp-content\/uploads\/2023\/03\/SEMED_Formacao_Brigada_de_Incendio-1.jpg?fit=817%2C461&amp;ssl=1\" decoding=\"async\" data-attachment-id=\"331\" data-permalink=\"https:\/\/portalinconfidentes.com.br\/index.php\/2023\/03\/13\/prefeitura-de-mariana-investe-em-capacitacao-dos-educadores-para-prevencao-e-combate-a-incendio\/semed_formacao_brigada_de_incendio-1\/\" data-orig-file=\"https:\/\/i0.wp.com\/portalinconfidentes.com.br\/wp-content\/uploads\/2023\/03\/SEMED_Formacao_Brigada_de_Incendio-1.jpg?fit=817%2C461&amp;ssl=1\" data-orig-size=\"817,461\" data-comments-opened=\"1\" data-image-meta=\"{&quot;aperture&quot;:&quot;0&quot;,&quot;credit&quot;:&quot;&quot;,&quot;camera&quot;:&quot;&quot;,&quot;caption&quot;:&quot;&quot;,&quot;created_timestamp&quot;:&quot;0&quot;,&quot;copyright&quot;:&quot;&quot;,&quot;focal_length&quot;:&quot;0&quot;,&quot;iso&quot;:&quot;0&quot;,&quot;shutter_speed&quot;:&quot;0&quot;,&quot;title&quot;:&quot;&quot;,&quot;orientation&quot;:&quot;0&quot;}\" data-image-title=\"SEMED_Formacao_Brigada_de_Incendio-1\" data-image-description=\"\" data-image-caption=\"\" data-medium-file=\"https:\/\/i0.wp.com\/portalinconfidentes.com.br\/wp-content\/uploads\/2023\/03\/SEMED_Formacao_Brigada_de_Incendio-1.jpg?fit=300%2C169&amp;ssl=1\" data-large-file=\"https:\/\/i0.wp.com\/portalinconfidentes.com.br\/wp-content\/uploads\/2023\/03\/SEMED_Formacao_Brigada_de_Incendio-1.jpg?fit=817%2C461&amp;ssl=1\" srcset=\"https:\/\/i2.wp.com\/portalinconfidentes.com.br\/wp-content\/uploads\/2023\/03\/SEMED_Formacao_Brigada_de_Incendio-1.jpg?resize=461%2C461&#038;strip=info&#038;ssl=1 461w\" alt=\"\" data-height=\"461\" data-id=\"331\" data-link=\"https:\/\/portalinconfidentes.com.br\/?attachment_id=331\" data-url=\"https:\/\/portalinconfidentes.com.br\/wp-content\/uploads\/2023\/03\/SEMED_Formacao_Brigada_de_Incendio-1.jpg\" data-width=\"817\" src=\"https:\/\/i2.wp.com\/portalinconfidentes.com.br\/wp-content\/uploads\/2023\/03\/SEMED_Formacao_Brigada_de_Incendio-1.jpg?ssl=1&amp;resize=461%2C461\" data-amp-layout=\"responsive\"\/><\/figure><\/div><\/div><div class=\"tiled-gallery__row columns-3\"><div class=\"tiled-gallery__col\"><figure class=\"tiled-gallery__item\"><img data-attachment-id=\"332\" data-permalink=\"https:\/\/portalinconfidentes.com.br\/index.php\/2023\/03\/13\/prefeitura-de-mariana-investe-em-capacitacao-dos-educadores-para-prevencao-e-combate-a-incendio\/semed_formacao_brigada_de_incendio-2\/\" data-orig-file=\"https:\/\/i0.wp.com\/portalinconfidentes.com.br\/wp-content\/uploads\/2023\/03\/SEMED_Formacao_Brigada_de_Incendio-2.jpg?fit=817%2C462&amp;ssl=1\" data-orig-size=\"817,462\" data-comments-opened=\"1\" data-image-meta=\"{&quot;aperture&quot;:&quot;0&quot;,&quot;credit&quot;:&quot;&quot;,&quot;camera&quot;:&quot;&quot;,&quot;caption&quot;:&quot;&quot;,&quot;created_timestamp&quot;:&quot;0&quot;,&quot;copyright&quot;:&quot;&quot;,&quot;focal_length&quot;:&quot;0&quot;,&quot;iso&quot;:&quot;0&quot;,&quot;shutter_speed&quot;:&quot;0&quot;,&quot;title&quot;:&quot;&quot;,&quot;orientation&quot;:&quot;0&quot;}\" data-image-title=\"SEMED_Formacao_Brigada_de_Incendio-2\" data-image-description=\"\" data-image-caption=\"\" data-medium-file=\"https:\/\/i0.wp.com\/portalinconfidentes.com.br\/wp-content\/uploads\/2023\/03\/SEMED_Formacao_Brigada_de_Incendio-2.jpg?fit=300%2C170&amp;ssl=1\" data-large-file=\"https:\/\/i0.wp.com\/portalinconfidentes.com.br\/wp-content\/uploads\/2023\/03\/SEMED_Formacao_Brigada_de_Incendio-2.jpg?fit=817%2C462&amp;ssl=1\" decoding=\"async\" data-attachment-id=\"332\" data-permalink=\"https:\/\/portalinconfidentes.com.br\/index.php\/2023\/03\/13\/prefeitura-de-mariana-investe-em-capacitacao-dos-educadores-para-prevencao-e-combate-a-incendio\/semed_formacao_brigada_de_incendio-2\/\" data-orig-file=\"https:\/\/i0.wp.com\/portalinconfidentes.com.br\/wp-content\/uploads\/2023\/03\/SEMED_Formacao_Brigada_de_Incendio-2.jpg?fit=817%2C462&amp;ssl=1\" data-orig-size=\"817,462\" data-comments-opened=\"1\" data-image-meta=\"{&quot;aperture&quot;:&quot;0&quot;,&quot;credit&quot;:&quot;&quot;,&quot;camera&quot;:&quot;&quot;,&quot;caption&quot;:&quot;&quot;,&quot;created_timestamp&quot;:&quot;0&quot;,&quot;copyright&quot;:&quot;&quot;,&quot;focal_length&quot;:&quot;0&quot;,&quot;iso&quot;:&quot;0&quot;,&quot;shutter_speed&quot;:&quot;0&quot;,&quot;title&quot;:&quot;&quot;,&quot;orientation&quot;:&quot;0&quot;}\" data-image-title=\"SEMED_Formacao_Brigada_de_Incendio-2\" data-image-description=\"\" data-image-caption=\"\" data-medium-file=\"https:\/\/i0.wp.com\/portalinconfidentes.com.br\/wp-content\/uploads\/2023\/03\/SEMED_Formacao_Brigada_de_Incendio-2.jpg?fit=300%2C170&amp;ssl=1\" data-large-file=\"https:\/\/i0.wp.com\/portalinconfidentes.com.br\/wp-content\/uploads\/2023\/03\/SEMED_Formacao_Brigada_de_Incendio-2.jpg?fit=817%2C462&amp;ssl=1\" srcset=\"https:\/\/i0.wp.com\/portalinconfidentes.com.br\/wp-content\/uploads\/2023\/03\/SEMED_Formacao_Brigada_de_Incendio-2.jpg?resize=462%2C462&#038;strip=info&#038;ssl=1 462w\" alt=\"\" data-height=\"462\" data-id=\"332\" data-link=\"https:\/\/portalinconfidentes.com.br\/?attachment_id=332\" data-url=\"https:\/\/portalinconfidentes.com.br\/wp-content\/uploads\/2023\/03\/SEMED_Formacao_Brigada_de_Incendio-2.jpg\" data-width=\"817\" src=\"https:\/\/i0.wp.com\/portalinconfidentes.com.br\/wp-content\/uploads\/2023\/03\/SEMED_Formacao_Brigada_de_Incendio-2.jpg?ssl=1&amp;resize=462%2C462\" data-amp-layout=\"responsive\"\/><\/figure><\/div><div class=\"tiled-gallery__col\"><figure class=\"tiled-gallery__item\"><img data-attachment-id=\"333\" data-permalink=\"https:\/\/portalinconfidentes.com.br\/index.php\/2023\/03\/13\/prefeitura-de-mariana-investe-em-capacitacao-dos-educadores-para-prevencao-e-combate-a-incendio\/semed_formacao_brigada_de_incendio-3\/\" data-orig-file=\"https:\/\/i0.wp.com\/portalinconfidentes.com.br\/wp-content\/uploads\/2023\/03\/SEMED_Formacao_Brigada_de_Incendio-3.jpg?fit=817%2C461&amp;ssl=1\" data-orig-size=\"817,461\" data-comments-opened=\"1\" data-image-meta=\"{&quot;aperture&quot;:&quot;0&quot;,&quot;credit&quot;:&quot;&quot;,&quot;camera&quot;:&quot;&quot;,&quot;caption&quot;:&quot;&quot;,&quot;created_timestamp&quot;:&quot;0&quot;,&quot;copyright&quot;:&quot;&quot;,&quot;focal_length&quot;:&quot;0&quot;,&quot;iso&quot;:&quot;0&quot;,&quot;shutter_speed&quot;:&quot;0&quot;,&quot;title&quot;:&quot;&quot;,&quot;orientation&quot;:&quot;0&quot;}\" data-image-title=\"SEMED_Formacao_Brigada_de_Incendio-3\" data-image-description=\"\" data-image-caption=\"\" data-medium-file=\"https:\/\/i0.wp.com\/portalinconfidentes.com.br\/wp-content\/uploads\/2023\/03\/SEMED_Formacao_Brigada_de_Incendio-3.jpg?fit=300%2C169&amp;ssl=1\" data-large-file=\"https:\/\/i0.wp.com\/portalinconfidentes.com.br\/wp-content\/uploads\/2023\/03\/SEMED_Formacao_Brigada_de_Incendio-3.jpg?fit=817%2C461&amp;ssl=1\" decoding=\"async\" data-attachment-id=\"333\" data-permalink=\"https:\/\/portalinconfidentes.com.br\/index.php\/2023\/03\/13\/prefeitura-de-mariana-investe-em-capacitacao-dos-educadores-para-prevencao-e-combate-a-incendio\/semed_formacao_brigada_de_incendio-3\/\" data-orig-file=\"https:\/\/i0.wp.com\/portalinconfidentes.com.br\/wp-content\/uploads\/2023\/03\/SEMED_Formacao_Brigada_de_Incendio-3.jpg?fit=817%2C461&amp;ssl=1\" data-orig-size=\"817,461\" data-comments-opened=\"1\" data-image-meta=\"{&quot;aperture&quot;:&quot;0&quot;,&quot;credit&quot;:&quot;&quot;,&quot;camera&quot;:&quot;&quot;,&quot;caption&quot;:&quot;&quot;,&quot;created_timestamp&quot;:&quot;0&quot;,&quot;copyright&quot;:&quot;&quot;,&quot;focal_length&quot;:&quot;0&quot;,&quot;iso&quot;:&quot;0&quot;,&quot;shutter_speed&quot;:&quot;0&quot;,&quot;title&quot;:&quot;&quot;,&quot;orientation&quot;:&quot;0&quot;}\" data-image-title=\"SEMED_Formacao_Brigada_de_Incendio-3\" data-image-description=\"\" data-image-caption=\"\" data-medium-file=\"https:\/\/i0.wp.com\/portalinconfidentes.com.br\/wp-content\/uploads\/2023\/03\/SEMED_Formacao_Brigada_de_Incendio-3.jpg?fit=300%2C169&amp;ssl=1\" data-large-file=\"https:\/\/i0.wp.com\/portalinconfidentes.com.br\/wp-content\/uploads\/2023\/03\/SEMED_Formacao_Brigada_de_Incendio-3.jpg?fit=817%2C461&amp;ssl=1\" srcset=\"https:\/\/i2.wp.com\/portalinconfidentes.com.br\/wp-content\/uploads\/2023\/03\/SEMED_Formacao_Brigada_de_Incendio-3.jpg?resize=461%2C461&#038;strip=info&#038;ssl=1 461w\" alt=\"\" data-height=\"461\" data-id=\"333\" data-link=\"https:\/\/portalinconfidentes.com.br\/?attachment_id=333\" data-url=\"https:\/\/portalinconfidentes.com.br\/wp-content\/uploads\/2023\/03\/SEMED_Formacao_Brigada_de_Incendio-3.jpg\" data-width=\"817\" src=\"https:\/\/i2.wp.com\/portalinconfidentes.com.br\/wp-content\/uploads\/2023\/03\/SEMED_Formacao_Brigada_de_Incendio-3.jpg?ssl=1&amp;resize=461%2C461\" data-amp-layout=\"responsive\"\/><\/figure><\/div><div class=\"tiled-gallery__col\"><figure class=\"tiled-gallery__item\"><img data-attachment-id=\"334\" data-permalink=\"https:\/\/portalinconfidentes.com.br\/index.php\/2023\/03\/13\/prefeitura-de-mariana-investe-em-capacitacao-dos-educadores-para-prevencao-e-combate-a-incendio\/semed_formacao_brigada_de_incendio-4\/\" data-orig-file=\"https:\/\/i0.wp.com\/portalinconfidentes.com.br\/wp-content\/uploads\/2023\/03\/SEMED_Formacao_Brigada_de_Incendio-4.jpg?fit=817%2C462&amp;ssl=1\" data-orig-size=\"817,462\" data-comments-opened=\"1\" data-image-meta=\"{&quot;aperture&quot;:&quot;0&quot;,&quot;credit&quot;:&quot;&quot;,&quot;camera&quot;:&quot;&quot;,&quot;caption&quot;:&quot;&quot;,&quot;created_timestamp&quot;:&quot;0&quot;,&quot;copyright&quot;:&quot;&quot;,&quot;focal_length&quot;:&quot;0&quot;,&quot;iso&quot;:&quot;0&quot;,&quot;shutter_speed&quot;:&quot;0&quot;,&quot;title&quot;:&quot;&quot;,&quot;orientation&quot;:&quot;0&quot;}\" data-image-title=\"SEMED_Formacao_Brigada_de_Incendio-4\" data-image-description=\"\" data-image-caption=\"\" data-medium-file=\"https:\/\/i0.wp.com\/portalinconfidentes.com.br\/wp-content\/uploads\/2023\/03\/SEMED_Formacao_Brigada_de_Incendio-4.jpg?fit=300%2C170&amp;ssl=1\" data-large-file=\"https:\/\/i0.wp.com\/portalinconfidentes.com.br\/wp-content\/uploads\/2023\/03\/SEMED_Formacao_Brigada_de_Incendio-4.jpg?fit=817%2C462&amp;ssl=1\" decoding=\"async\" data-attachment-id=\"334\" data-permalink=\"https:\/\/portalinconfidentes.com.br\/index.php\/2023\/03\/13\/prefeitura-de-mariana-investe-em-capacitacao-dos-educadores-para-prevencao-e-combate-a-incendio\/semed_formacao_brigada_de_incendio-4\/\" data-orig-file=\"https:\/\/i0.wp.com\/portalinconfidentes.com.br\/wp-content\/uploads\/2023\/03\/SEMED_Formacao_Brigada_de_Incendio-4.jpg?fit=817%2C462&amp;ssl=1\" data-orig-size=\"817,462\" data-comments-opened=\"1\" data-image-meta=\"{&quot;aperture&quot;:&quot;0&quot;,&quot;credit&quot;:&quot;&quot;,&quot;camera&quot;:&quot;&quot;,&quot;caption&quot;:&quot;&quot;,&quot;created_timestamp&quot;:&quot;0&quot;,&quot;copyright&quot;:&quot;&quot;,&quot;focal_length&quot;:&quot;0&quot;,&quot;iso&quot;:&quot;0&quot;,&quot;shutter_speed&quot;:&quot;0&quot;,&quot;title&quot;:&quot;&quot;,&quot;orientation&quot;:&quot;0&quot;}\" data-image-title=\"SEMED_Formacao_Brigada_de_Incendio-4\" data-image-description=\"\" data-image-caption=\"\" data-medium-file=\"https:\/\/i0.wp.com\/portalinconfidentes.com.br\/wp-content\/uploads\/2023\/03\/SEMED_Formacao_Brigada_de_Incendio-4.jpg?fit=300%2C170&amp;ssl=1\" data-large-file=\"https:\/\/i0.wp.com\/portalinconfidentes.com.br\/wp-content\/uploads\/2023\/03\/SEMED_Formacao_Brigada_de_Incendio-4.jpg?fit=817%2C462&amp;ssl=1\" srcset=\"https:\/\/i0.wp.com\/portalinconfidentes.com.br\/wp-content\/uploads\/2023\/03\/SEMED_Formacao_Brigada_de_Incendio-4.jpg?resize=462%2C462&#038;strip=info&#038;ssl=1 462w\" alt=\"\" data-height=\"462\" data-id=\"334\" data-link=\"https:\/\/portalinconfidentes.com.br\/?attachment_id=334\" data-url=\"https:\/\/portalinconfidentes.com.br\/wp-content\/uploads\/2023\/03\/SEMED_Formacao_Brigada_de_Incendio-4.jpg\" data-width=\"817\" src=\"https:\/\/i0.wp.com\/portalinconfidentes.com.br\/wp-content\/uploads\/2023\/03\/SEMED_Formacao_Brigada_de_Incendio-4.jpg?ssl=1&amp;resize=462%2C462\" data-amp-layout=\"responsive\"\/><\/figure><\/div><\/div><\/div><\/div>\n","protected":false},"excerpt":{"rendered":"<p>Contra Inc\u00eandio e P\u00e2nico<\/p>\n","protected":false},"author":1,"featured_media":329,"comment_status":"open","ping_status":"open","sticky":false,"template":"","format":"standard","meta":{"footnotes":"","_jetpack_memberships_contains_paid_content":false,"jetpack_publicize_message":"","jetpack_publicize_feature_enabled":true,"jetpack_social_post_already_shared":true,"jetpack_social_options":{"image_generator_settings":{"template":"highway","enabled":false}}},"categories":[1],"tags":[],"jetpack_publicize_connections":[],"views":1020,"jetpack_sharing_enabled":true,"jetpack_featured_media_url":"https:\/\/i0.wp.com\/portalinconfidentes.com.br\/wp-content\/uploads\/2023\/03\/incendio.jpg?fit=800%2C533&ssl=1","_links":{"self":[{"href":"https:\/\/portalinconfidentes.com.br\/index.php\/wp-json\/wp\/v2\/posts\/328"}],"collection":[{"href":"https:\/\/portalinconfidentes.com.br\/index.php\/wp-json\/wp\/v2\/posts"}],"about":[{"href":"https:\/\/portalinconfidentes.com.br\/index.php\/wp-json\/wp\/v2\/types\/post"}],"author":[{"embeddable":true,"href":"https:\/\/portalinconfidentes.com.br\/index.php\/wp-json\/wp\/v2\/users\/1"}],"replies":[{"embeddable":true,"href":"https:\/\/portalinconfidentes.com.br\/index.php\/wp-json\/wp\/v2\/comments?post=328"}],"version-history":[{"count":1,"href":"https:\/\/portalinconfidentes.com.br\/index.php\/wp-json\/wp\/v2\/posts\/328\/revisions"}],"predecessor-version":[{"id":335,"href":"https:\/\/portalinconfidentes.com.br\/index.php\/wp-json\/wp\/v2\/posts\/328\/revisions\/335"}],"wp:featuredmedia":[{"embeddable":true,"href":"https:\/\/portalinconfidentes.com.br\/index.php\/wp-json\/wp\/v2\/media\/329"}],"wp:attachment":[{"href":"https:\/\/portalinconfidentes.com.br\/index.php\/wp-json\/wp\/v2\/media?parent=328"}],"wp:term":[{"taxonomy":"category","embeddable":true,"href":"https:\/\/portalinconfidentes.com.br\/index.php\/wp-json\/wp\/v2\/categories?post=328"},{"taxonomy":"post_tag","embeddable":true,"href":"https:\/\/portalinconfidentes.com.br\/index.php\/wp-json\/wp\/v2\/tags?post=328"}],"curies":[{"name":"wp","href":"https:\/\/api.w.org\/{rel}","templated":true}]}}