{"id":21,"date":"2023-02-18T23:19:06","date_gmt":"2023-02-19T02:19:06","guid":{"rendered":"https:\/\/portalinconfidentes.com.br\/?p=21"},"modified":"2023-02-18T23:19:06","modified_gmt":"2023-02-19T02:19:06","slug":"voce-conhece-o-valdir-placa-esta-presente-no-carnaval-de-bh-desde-2013","status":"publish","type":"post","link":"https:\/\/portalinconfidentes.com.br\/index.php\/2023\/02\/18\/voce-conhece-o-valdir-placa-esta-presente-no-carnaval-de-bh-desde-2013\/","title":{"rendered":"Voc\u00ea conhece o Valdir? Placa est\u00e1 presente no Carnaval de BH desde 2013"},"content":{"rendered":"\n<p>Grupo de amigos usa a placa para se identificarem durante a folia; apesar do nome, nenhum deles conhece o &#8216;Valdir&#8217;.<br>Desde de 2013, a placa do &#8220;Valdir&#8221; \u00e9 vista desfilando no Carnaval pelas ruas de\u00a0<a href=\"https:\/\/g1.globo.com\/mg\/minas-gerais\/cidade\/belo-horizonte\/\">Belo Horizonte<\/a>. \u00c9 que um grupo de amigos resolver adotar a\u00a0<strong>estrat\u00e9gia\u00a0<\/strong>para se\u00a0<strong>identificarem<\/strong>\u00a0durante a\u00a0<strong>folia<\/strong>.\u00a0O detalhe curioso \u00e9 que, apesar do nome estampado em forma de alegoria, nenhum deles conhece o tal Valdir.<br><\/p>\n\n\n\n<blockquote class=\"wp-block-quote\">\n<p>\u201cSa\u00edmos 2011 pela primeira vez no Carnaval, mas sem a placa. Em 2013 a gente teve essa ideia. S\u00f3 que n\u00e3o deu muito certo, colocamos um cabo de vassoura e acabamos perdendo a placa nos blocos. Dois dias depois ela apareceu, uma mo\u00e7a aleat\u00f3ria guardou pra gente. Dois anos depois essa mesma mo\u00e7a come\u00e7ou a namorar um dos nossos amigos que fazem a placa. Do nada. Desde ent\u00e3o a gente traz a placa do Valdir pro Carnaval de BH&#8221;, conta a professora S\u00edlvia Duarte.<\/p>\n<\/blockquote>\n\n\n\n<p>Cada ano uma pessoa carrega a placa. Neste\u00a0<strong>Carnaval de 2023<\/strong>, quem segurou foram\u00a0as irm\u00e3s israelenses que vieram curtir a folia no Brasil.\u00a0Cada ano a placa \u00e9 de uma cor, neste ela\u00a0foi colorida pela representatividade LGBT.<\/p>\n","protected":false},"excerpt":{"rendered":"<p>carnaval 2023<\/p>\n","protected":false},"author":1,"featured_media":22,"comment_status":"open","ping_status":"open","sticky":false,"template":"","format":"standard","meta":{"footnotes":"","_jetpack_memberships_contains_paid_content":false,"jetpack_publicize_message":"","jetpack_publicize_feature_enabled":true,"jetpack_social_post_already_shared":false,"jetpack_social_options":{"image_generator_settings":{"template":"highway","enabled":false}}},"categories":[1],"tags":[],"jetpack_publicize_connections":[],"views":1067,"jetpack_sharing_enabled":true,"jetpack_featured_media_url":"https:\/\/i0.wp.com\/portalinconfidentes.com.br\/wp-content\/uploads\/2023\/02\/valdir.jpg?fit=800%2C533&ssl=1","_links":{"self":[{"href":"https:\/\/portalinconfidentes.com.br\/index.php\/wp-json\/wp\/v2\/posts\/21"}],"collection":[{"href":"https:\/\/portalinconfidentes.com.br\/index.php\/wp-json\/wp\/v2\/posts"}],"about":[{"href":"https:\/\/portalinconfidentes.com.br\/index.php\/wp-json\/wp\/v2\/types\/post"}],"author":[{"embeddable":true,"href":"https:\/\/portalinconfidentes.com.br\/index.php\/wp-json\/wp\/v2\/users\/1"}],"replies":[{"embeddable":true,"href":"https:\/\/portalinconfidentes.com.br\/index.php\/wp-json\/wp\/v2\/comments?post=21"}],"version-history":[{"count":1,"href":"https:\/\/portalinconfidentes.com.br\/index.php\/wp-json\/wp\/v2\/posts\/21\/revisions"}],"predecessor-version":[{"id":23,"href":"https:\/\/portalinconfidentes.com.br\/index.php\/wp-json\/wp\/v2\/posts\/21\/revisions\/23"}],"wp:featuredmedia":[{"embeddable":true,"href":"https:\/\/portalinconfidentes.com.br\/index.php\/wp-json\/wp\/v2\/media\/22"}],"wp:attachment":[{"href":"https:\/\/portalinconfidentes.com.br\/index.php\/wp-json\/wp\/v2\/media?parent=21"}],"wp:term":[{"taxonomy":"category","embeddable":true,"href":"https:\/\/portalinconfidentes.com.br\/index.php\/wp-json\/wp\/v2\/categories?post=21"},{"taxonomy":"post_tag","embeddable":true,"href":"https:\/\/portalinconfidentes.com.br\/index.php\/wp-json\/wp\/v2\/tags?post=21"}],"curies":[{"name":"wp","href":"https:\/\/api.w.org\/{rel}","templated":true}]}}