{"id":18,"date":"2023-02-18T23:13:18","date_gmt":"2023-02-19T02:13:18","guid":{"rendered":"https:\/\/portalinconfidentes.com.br\/?p=18"},"modified":"2023-02-18T23:13:18","modified_gmt":"2023-02-19T02:13:18","slug":"filha-de-belchior-sobe-no-trio-e-canta-em-bloco-que-homenageia-o-artista-cearense-em-bh","status":"publish","type":"post","link":"https:\/\/portalinconfidentes.com.br\/index.php\/2023\/02\/18\/filha-de-belchior-sobe-no-trio-e-canta-em-bloco-que-homenageia-o-artista-cearense-em-bh\/","title":{"rendered":"Filha de Belchior sobe no trio e canta em bloco que homenageia o artista cearense em BH"},"content":{"rendered":"\n<p>Vannick, que tamb\u00e9m \u00e9 cantora, participou do desfile do bloco Volta Belchior.<br>&#8220;Para mim \u00e9 muito emocionante, \u00e9 uma honra muito grande. \u00c9 a primeira vez que eu estou em BH participando desse cortejo t\u00e3o rico, t\u00e3o cheio de encantarias, estou muito feliz de poder representar meu pai aqui em presen\u00e7a, na m\u00fasica popular brasileira, e sendo mto bem recebida por essa terra maravilhosa, nesse carnaval maravilhoso.\u00a0J\u00e1 estou com\u00a0vontade de voltar&#8221;, disse.<br>O bloco Volta Belchior \u00e9 uma homenagem ao cantor e compositor cearense. Entre os sucessos apresentados ao p\u00fablico, est\u00e3o Alucina\u00e7\u00e3o, Como Nossos Pais, Cora\u00e7\u00e3o Selvagem e Sujeito de Sorte.<\/p>\n","protected":false},"excerpt":{"rendered":"<p>BH Carnaval<\/p>\n","protected":false},"author":1,"featured_media":19,"comment_status":"open","ping_status":"open","sticky":false,"template":"","format":"standard","meta":{"footnotes":"","_jetpack_memberships_contains_paid_content":false,"jetpack_publicize_message":"","jetpack_publicize_feature_enabled":true,"jetpack_social_post_already_shared":false,"jetpack_social_options":{"image_generator_settings":{"template":"highway","enabled":false}}},"categories":[1],"tags":[],"jetpack_publicize_connections":[],"views":976,"jetpack_sharing_enabled":true,"jetpack_featured_media_url":"https:\/\/i0.wp.com\/portalinconfidentes.com.br\/wp-content\/uploads\/2023\/02\/blca.jpg?fit=800%2C533&ssl=1","_links":{"self":[{"href":"https:\/\/portalinconfidentes.com.br\/index.php\/wp-json\/wp\/v2\/posts\/18"}],"collection":[{"href":"https:\/\/portalinconfidentes.com.br\/index.php\/wp-json\/wp\/v2\/posts"}],"about":[{"href":"https:\/\/portalinconfidentes.com.br\/index.php\/wp-json\/wp\/v2\/types\/post"}],"author":[{"embeddable":true,"href":"https:\/\/portalinconfidentes.com.br\/index.php\/wp-json\/wp\/v2\/users\/1"}],"replies":[{"embeddable":true,"href":"https:\/\/portalinconfidentes.com.br\/index.php\/wp-json\/wp\/v2\/comments?post=18"}],"version-history":[{"count":1,"href":"https:\/\/portalinconfidentes.com.br\/index.php\/wp-json\/wp\/v2\/posts\/18\/revisions"}],"predecessor-version":[{"id":20,"href":"https:\/\/portalinconfidentes.com.br\/index.php\/wp-json\/wp\/v2\/posts\/18\/revisions\/20"}],"wp:featuredmedia":[{"embeddable":true,"href":"https:\/\/portalinconfidentes.com.br\/index.php\/wp-json\/wp\/v2\/media\/19"}],"wp:attachment":[{"href":"https:\/\/portalinconfidentes.com.br\/index.php\/wp-json\/wp\/v2\/media?parent=18"}],"wp:term":[{"taxonomy":"category","embeddable":true,"href":"https:\/\/portalinconfidentes.com.br\/index.php\/wp-json\/wp\/v2\/categories?post=18"},{"taxonomy":"post_tag","embeddable":true,"href":"https:\/\/portalinconfidentes.com.br\/index.php\/wp-json\/wp\/v2\/tags?post=18"}],"curies":[{"name":"wp","href":"https:\/\/api.w.org\/{rel}","templated":true}]}}