{"id":12,"date":"2023-02-18T23:03:04","date_gmt":"2023-02-19T02:03:04","guid":{"rendered":"https:\/\/portalinconfidentes.com.br\/?p=12"},"modified":"2023-02-18T23:03:04","modified_gmt":"2023-02-19T02:03:04","slug":"festival-marianense-de-atletismo","status":"publish","type":"post","link":"https:\/\/portalinconfidentes.com.br\/index.php\/2023\/02\/18\/festival-marianense-de-atletismo\/","title":{"rendered":"Festival Marianense de Atletismo"},"content":{"rendered":"\n<ul>\n<li><em>Por Maria Alice Pereira<\/em>A Associa\u00e7\u00e3o Marianense de Atletismo (AMA) completa 40 anos, e para comemorar essa data, a Prefeitura de Mariana, por meio da Secretaria de Esportes, Secretaria de Educa\u00e7\u00e3o e com o apoio da Secretaria Regional de Ensino (SRE), realizar\u00e1 no dia 11 de Mar\u00e7o, na Arena Badar\u00f3, a partir das 08 horas, o \u201cFestival Marianense de Atletismo\u201d.<br>O Festival de Atletismo Escolar contar\u00e1 com provas de marcha atl\u00e9tica, lan\u00e7amento de dardos, arremesso de peso, revezamento 4x100m e 4x400m, salto em dist\u00e2ncia, salto em altura e salto triplo. Todas as escolas do munic\u00edpios est\u00e3o convidadas a participar! Cada escola pode inscrever at\u00e9 dois alunos por prova e um aluno no revezamento espec\u00edfico na categoria.<br><br>O evento funcionar\u00e1 como uma seletiva para os Jogos Escolares de Minas Gerais (JEMG) e seletiva para o Campeonato Mineiro de Atletismo. Ser\u00e3o selecionados os 20 melhores alunos\/atletas masculino e feminino para ingressarem nos treinamentos e na delega\u00e7\u00e3o. Essa avalia\u00e7\u00e3o ser\u00e1 feita de acordo com a tabela do decatlo.<br><br><br><strong>CATEGORIAS E IDADES<\/strong><br>As provas ser\u00e3o divididas por categorias e idades. O M\u00f3dulo I para crian\u00e7as na faixa et\u00e1ria de 12,13,14 anos (nascidos em 2009, 2010 e 2011), j\u00e1 o M\u00f3dulo II para adolescentes com idades entre 15 e 17 anos (nascidos entre 2006, 2007 e 2008).<br><br><strong>INSCRI\u00c7\u00d5ES<\/strong><br>O formul\u00e1rio para as inscri\u00e7\u00f5es ser\u00e1 entregue no Congresso T\u00e9cnico e dever\u00e1 ser entregue na Secretaria de Esportes at\u00e9 o dia 08 de Mar\u00e7o. Confira abaixo as modalidades e p\u00fablicos participantes de cada uma:<br><br><strong>M\u00d3DULO I<\/strong><br>Marcha atl\u00e9tica \u2013 1500m (masculino\/feminino)<br>Arremesso de peso \u2013 (masculino\/feminino)<br>Salto em altura \u2013 masculino\/feminino<br>Salto a dist\u00e2ncia \u2013 (masculino\/feminio)<br>100m rasos \u2013 (masculino\/feminino)<br>200m rasos \u2013 (masculino\/feminino)<br>400m rasos (masculino\/feminio)<br>800m rasos \u2013 (masculino\/feminino)<br>4X100m \u2013 (masculino\/feminino)<br><br><strong>M\u00d3DULO II<\/strong><br>100m rasos \u2013 (masculino\/feminino)<br>100m rasos \u2013 PCD\/\u00daNICA-<br>200m rasos \u2013 (masculino\/feminino)<br>3000m rasos \u2013 (masculino\/feminino)<br>400m rasos \u2013 (masculino\/feminino)<br>800m rasos \u2013 (masculino\/feminino)<br>Lan\u00e7amento do dardo (masculino\/feminino)<br>Arremesso de peso (masculino\/feminino)<br>Arremesso de peso \u2013 PCD\/\u00daNICA<br>Revezamento 4X100M (masculino\/feminino)<br>Salto triplo (masculino\/feminino)<br>Salto em altura (masculino\/feminino)<br>Salto a dist\u00e2ncia (masculino\/feminino)<br>Revezamento 4X400m misto (2 masculino\/ 02 feminino)<strong>Prefeitura de Mariana<\/strong><\/li>\n<\/ul>\n","protected":false},"excerpt":{"rendered":"<p>Esporte &#8211; Mariana &#8211; MG<\/p>\n","protected":false},"author":1,"featured_media":13,"comment_status":"open","ping_status":"open","sticky":false,"template":"","format":"standard","meta":{"footnotes":"","_jetpack_memberships_contains_paid_content":false,"jetpack_publicize_message":"","jetpack_publicize_feature_enabled":true,"jetpack_social_post_already_shared":false,"jetpack_social_options":{"image_generator_settings":{"template":"highway","enabled":false}}},"categories":[1],"tags":[],"jetpack_publicize_connections":[],"views":1043,"jetpack_sharing_enabled":true,"jetpack_featured_media_url":"https:\/\/i0.wp.com\/portalinconfidentes.com.br\/wp-content\/uploads\/2023\/02\/atletismo.jpg?fit=800%2C533&ssl=1","_links":{"self":[{"href":"https:\/\/portalinconfidentes.com.br\/index.php\/wp-json\/wp\/v2\/posts\/12"}],"collection":[{"href":"https:\/\/portalinconfidentes.com.br\/index.php\/wp-json\/wp\/v2\/posts"}],"about":[{"href":"https:\/\/portalinconfidentes.com.br\/index.php\/wp-json\/wp\/v2\/types\/post"}],"author":[{"embeddable":true,"href":"https:\/\/portalinconfidentes.com.br\/index.php\/wp-json\/wp\/v2\/users\/1"}],"replies":[{"embeddable":true,"href":"https:\/\/portalinconfidentes.com.br\/index.php\/wp-json\/wp\/v2\/comments?post=12"}],"version-history":[{"count":1,"href":"https:\/\/portalinconfidentes.com.br\/index.php\/wp-json\/wp\/v2\/posts\/12\/revisions"}],"predecessor-version":[{"id":14,"href":"https:\/\/portalinconfidentes.com.br\/index.php\/wp-json\/wp\/v2\/posts\/12\/revisions\/14"}],"wp:featuredmedia":[{"embeddable":true,"href":"https:\/\/portalinconfidentes.com.br\/index.php\/wp-json\/wp\/v2\/media\/13"}],"wp:attachment":[{"href":"https:\/\/portalinconfidentes.com.br\/index.php\/wp-json\/wp\/v2\/media?parent=12"}],"wp:term":[{"taxonomy":"category","embeddable":true,"href":"https:\/\/portalinconfidentes.com.br\/index.php\/wp-json\/wp\/v2\/categories?post=12"},{"taxonomy":"post_tag","embeddable":true,"href":"https:\/\/portalinconfidentes.com.br\/index.php\/wp-json\/wp\/v2\/tags?post=12"}],"curies":[{"name":"wp","href":"https:\/\/api.w.org\/{rel}","templated":true}]}}